{"id":88453,"date":"2024-11-13T22:04:49","date_gmt":"2024-11-13T22:04:49","guid":{"rendered":"https:\/\/www.ole.com.ar\/internacional\/eliminatorias\/bentancur_0_JmV47MYqxL.html"},"modified":"2024-11-13T22:04:49","modified_gmt":"2024-11-13T22:04:49","slug":"bentancur-sobre-su-sancion-ya-sabia-por-donde-venia-la-mano","status":"publish","type":"post","link":"http:\/\/hoycordobaweb.com\/index.php\/2024\/11\/13\/bentancur-sobre-su-sancion-ya-sabia-por-donde-venia-la-mano\/","title":{"rendered":"Bentancur sobre su sanci\u00f3n: \u00abYa sab\u00eda por d\u00f3nde ven\u00eda la mano\u00bb"},"content":{"rendered":"<p><img src=\"http:\/\/hoycordobaweb.com\/wp-content\/uploads\/2024\/11\/bentancur-sobre-su-sancion-ya-sabia-por-donde-venia-la-mano.jpg\"><\/p>\n<p><time class=\"createDate\" datetime=\"2024-11-13T19:04:49-03:00\">13\/11\/2024 19:04hs.<\/time><\/p>\n<div id=\"storyBody\">\n<div class=\"custom-text \" readability=\"35.806034482759\">\n<p>La <a href=\"https:\/\/www.ole.com.ar\/tema\/seleccion-de-uruguay.html\" target=\"_blank\" title=\"Selecci\u00f3n de Uruguay\" alt=\"Selecci\u00f3n de Uruguay\" rel=\"noopener noreferrer\">Selecci\u00f3n de Uruguay<\/a> est\u00e1 a punto de enfrentar lo que probablemente sea la doble fecha FIFA m\u00e1s desafiante de su calendario al medirse contra Colombia y Brasil. A horas de su enfrentamiento con los Cafeteros, <strong><a href=\"https:\/\/www.ole.com.ar\/tema\/rodrigo-bentancur.html\" target=\"_blank\" title=\"Rodrigo Bentancur\" alt=\"Rodrigo Bentancur\" rel=\"noopener noreferrer\">Rodrigo Bentancur<\/a> <\/strong>particip\u00f3 de una conferencia de prensa en el Complejo Uruguay Celeste. All\u00ed, entre tantos temas, <strong>el ex jugador de Boca habl\u00f3 sobre su sanci\u00f3n con el Tottenham, el dific\u00edl presente de la selecci\u00f3n y el partido contra Colombia.<\/strong><\/p>\n<\/div>\n<div class=\"custom-text \" readability=\"35\">\n<p>Pasaron meses desde que Bentancur hizo un chiste en un programa de TV de Uruguay sobre Heung-Min Son, su compa\u00f1ero de equipo brit\u00e1nico. El comentario en cuesti\u00f3n no fue tomado de buena manera por la Asociaci\u00f3n Inglesa de F\u00fatbol (FA) y por tal motivo se abri\u00f3 un expediente.<\/p>\n<\/div>\n<div class=\"custom-text \" readability=\"38\">\n<p>Seg\u00fan el portal Daily Mirror, a partir de sus fuentes, Bentancur, que en su momento se disculp\u00f3, recibir\u00e1 igualmente una fuerte sanci\u00f3n por un chiste \u00abracista\u00bb. <strong>\u00bfCu\u00e1ntas fechas? Siete <\/strong>y se estipula que ser\u00e1 oficial a la brevedad.<\/p>\n<\/div>\n<p><h2><strong>Video: qu\u00e9 dijo Bentancur de su sanci\u00f3n<\/strong><\/h2>\n<\/p>\n<div type=\"embed\" class=\"sc-3f46f5ae-0 djVTgz\">\n<div class=\"sc-3f46f5ae-1 fTjZec videoText\" id=\"contentTitleembedlYHktLS6\" type=\"embed\"><svg fill=\"#ffffff\"><symbol id=\"play\" viewBox=\"0 0 512 512\"><path d=\"M512 256C512 397.4 397.4 512 256 512C114.6 512 0 397.4 0 256C0 114.6 114.6 0 256 0C397.4 0 512 114.6 512 256zM176 168V344C176 352.7 180.7 360.7 188.3 364.9C195.8 369.2 205.1 369 212.5 364.5L356.5 276.5C363.6 272.1 368 264.4 368 256C368 247.6 363.6 239.9 356.5 235.5L212.5 147.5C205.1 142.1 195.8 142.8 188.3 147.1C180.7 151.3 176 159.3 176 168V168z\" \/><\/symbol><use xlink:href=\"#play\" \/><\/svg><\/p>\n<div class=\"right\">\n<p>Rodrigo Bentancur<!-- --> &#8211;<!-- --> <span>&nbsp;<\/span><\/p>\n<h2 class=\"title-vid\">Bentancur habl\u00f3 sobre la sanci\u00f3n del Tottenham por su comentario sobre Son<\/h2>\n<\/div>\n<\/div>\n<p><span class=\"back\" id=\"spanBackembedlYHktLS6\"><\/span><\/div>\n<div class=\"custom-text \" readability=\"37\">\n<p>\u201cMe llam\u00f3 mi representante y dijo que le hab\u00edan notificado que esa era la sanci\u00f3n. Hasta ahora del club no se comunicaron conmigo. <strong>Ya sab\u00eda m\u00e1s o menos por d\u00f3nde iba la mano.<\/strong> Ahora ya sali\u00f3 la sanci\u00f3n, quiero estar tranquilo ac\u00e1 en la Selecci\u00f3n y despu\u00e9s veremos cuando me toque volver para all\u00e1\u201d, coment\u00f3.<\/p>\n<\/div>\n<p><h2><strong>El presente de Uruguay<\/strong><\/h2>\n<\/p>\n<div class=\"custom-text \" readability=\"41\">\n<p>A pesar de la buena ubicaci\u00f3n en la tabla, el conjunto de Bielsa atraviesa momentos de sequ\u00eda goleadora dejando pasar puntos importantes en las \u00faltimas fechas. A ra\u00edz de esto, el uruguayo explic\u00f3: \u00abPensando lo que pas\u00f3 despu\u00e9s de la Copa Am\u00e9rica, hubo much\u00edsimas bajas, muchas lesiones. Ha faltado gran parte de lo que ven\u00eda siendo la citaci\u00f3n de las que hac\u00eda Marcelo. Hubo muchas caras nuevas que hicieron un buen trabajo, aunque no siempre se dio el resultado. Ahora que me toc\u00f3 volver, <strong>los gurises est\u00e1n 1.000% enchufados para salir de esta racha y volver a los tres puntos y a ganar\u00bb.<\/strong><\/p>\n<\/div>\n<div class=\"sc-e7b891c4-0 ifHnQL image-embed\"><img alt=\"Foto de Uruguay y su dura derrota frente a Per\u00fa en la novena fecha de Eliminatorias. (AP Photo\/Daniel Apuy)\" loading=\"lazy\" width=\"720\" height=\"100\" decoding=\"async\" data-nimg=\"1\" src=\"http:\/\/hoycordobaweb.com\/wp-content\/uploads\/2024\/11\/bentancur-sobre-su-sancion-ya-sabia-por-donde-venia-la-mano-2.jpg\"><span class=\"epigraphe\">Foto de Uruguay y su dura derrota frente a Per\u00fa en la novena fecha de Eliminatorias. (AP Photo\/Daniel Apuy)<\/span><\/div>\n<p><h2><strong>Sobre el partido con Colombia<\/strong><\/h2>\n<\/p>\n<div class=\"custom-text \" readability=\"40\">\n<p>En lo que ser\u00e1 su pr\u00f3ximo enfrentamiento frente a la selecci\u00f3n dirigida por Nestor Lorenzo, el volante indic\u00f3: \u00abTienen jugadores importantes, pero nosotros miramos nuestro juego, ya que contamos con una grand\u00edsima selecci\u00f3n, con grand\u00edsimos jugadores. Lo demostramos al inicio de las Eliminatorias y en la Copa Am\u00e9rica. Esta es una hermosa prueba enfrentarnos a una gran selecci\u00f3n, para ver d\u00f3nde estamos parados y buscando los tres puntos que los necesitamos\u00bb.<\/p>\n<\/div>\n<div class=\"custom-text \" readability=\"39\">\n<p><strong>\u00abPara m\u00ed, enfrentar a Colombia no es una revancha<\/strong>, lo tomo como un partido m\u00e1s, nada personal. En el encuentro de la Copa Am\u00e9rica no sent\u00eda el nervio ci\u00e1tico y deb\u00ed salir. El partido lo vivir\u00e9 de la misma manera que los dem\u00e1s compromisos. Vamos a dar todo para quedarnos con los tres puntos\u00bb, agreg\u00f3.<\/p>\n<\/div>\n<div class=\"sc-e7b891c4-0 ifHnQL image-embed\"><img alt=\"Uruguay fue tercera en la Copa Am\u00e9rica despu\u00e9s de haber sido eliminada por Colombia en semifinales. EFE\/EPA\/ERIK S. LESSER\" loading=\"lazy\" width=\"720\" height=\"100\" decoding=\"async\" data-nimg=\"1\" src=\"http:\/\/hoycordobaweb.com\/wp-content\/uploads\/2024\/11\/bentancur-sobre-su-sancion-ya-sabia-por-donde-venia-la-mano-3.jpg\"><span class=\"epigraphe\">Uruguay fue tercera en la Copa Am\u00e9rica despu\u00e9s de haber sido eliminada por Colombia en semifinales. EFE\/EPA\/ERIK S. LESSER<\/span><\/div>\n<\/div>\n","protected":false},"excerpt":{"rendered":"<p>13\/11\/2024 19:04hs. La Selecci\u00f3n de Uruguay est\u00e1 a punto de enfrentar lo que probablemente sea la doble fecha FIFA m\u00e1s desafiante de su calendario al medirse contra Colombia y Brasil. A horas de su enfrentamiento con los Cafeteros, Rodrigo Bentancur particip\u00f3 de una conferencia de prensa en el Complejo Uruguay Celeste. All\u00ed, entre tantos temas, [&hellip;]<\/p>\n","protected":false},"author":1,"featured_media":88454,"comment_status":"open","ping_status":"closed","sticky":false,"template":"","format":"standard","meta":[],"categories":[16],"tags":[],"_links":{"self":[{"href":"http:\/\/hoycordobaweb.com\/index.php\/wp-json\/wp\/v2\/posts\/88453"}],"collection":[{"href":"http:\/\/hoycordobaweb.com\/index.php\/wp-json\/wp\/v2\/posts"}],"about":[{"href":"http:\/\/hoycordobaweb.com\/index.php\/wp-json\/wp\/v2\/types\/post"}],"author":[{"embeddable":true,"href":"http:\/\/hoycordobaweb.com\/index.php\/wp-json\/wp\/v2\/users\/1"}],"replies":[{"embeddable":true,"href":"http:\/\/hoycordobaweb.com\/index.php\/wp-json\/wp\/v2\/comments?post=88453"}],"version-history":[{"count":0,"href":"http:\/\/hoycordobaweb.com\/index.php\/wp-json\/wp\/v2\/posts\/88453\/revisions"}],"wp:featuredmedia":[{"embeddable":true,"href":"http:\/\/hoycordobaweb.com\/index.php\/wp-json\/wp\/v2\/media\/88454"}],"wp:attachment":[{"href":"http:\/\/hoycordobaweb.com\/index.php\/wp-json\/wp\/v2\/media?parent=88453"}],"wp:term":[{"taxonomy":"category","embeddable":true,"href":"http:\/\/hoycordobaweb.com\/index.php\/wp-json\/wp\/v2\/categories?post=88453"},{"taxonomy":"post_tag","embeddable":true,"href":"http:\/\/hoycordobaweb.com\/index.php\/wp-json\/wp\/v2\/tags?post=88453"}],"curies":[{"name":"wp","href":"https:\/\/api.w.org\/{rel}","templated":true}]}}