{"id":88367,"date":"2024-11-13T15:41:33","date_gmt":"2024-11-13T15:41:33","guid":{"rendered":"https:\/\/www.trendencias.com\/shopping\/soy-adicta-a-este-aceite-labios-clarins-rebajado-primor-porque-deja-jugosos-super-naturales-incluso-invierno"},"modified":"2024-11-13T15:41:33","modified_gmt":"2024-11-13T15:41:33","slug":"soy-adicta-a-este-aceite-de-labios-clarins-rebajado-en-primor-porque-los-deja-jugosos-y-super-naturales-incluso-en-invierno","status":"publish","type":"post","link":"http:\/\/hoycordobaweb.com\/index.php\/2024\/11\/13\/soy-adicta-a-este-aceite-de-labios-clarins-rebajado-en-primor-porque-los-deja-jugosos-y-super-naturales-incluso-en-invierno\/","title":{"rendered":"Soy adicta a este aceite de labios Clarins rebajado en Primor porque los deja jugosos y s\u00faper naturales (incluso en invierno)"},"content":{"rendered":"<p>Soy de las que sufren de labios agrietados todo el a\u00f1o, un problema que aumente especialmente ahora, con el fr\u00edo. Por eso <strong>he probado todo tipo de tratamientos, nunca falta en mi bolso la vaselina <\/strong>y las mascarillas para la noche son mi obsesi\u00f3n.&nbsp;<\/p>\n<p><!-- BREAK 1 --> <!-- PIVOT START --><\/p>\n<div class=\"pivot-ecommerce-container m-pivot-ecommerce-redesign article-asset-normal article-asset-center\" readability=\"26.566037735849\">\n<div class=\"pivot-ecommerce\" readability=\"4.2947368421053\">\n<div class=\"pivot-ecommerce-figure\"> <a rel=\"nofollow, sponsored, noopener, noreferrer noopener\" target=\"_blank\" href=\"https:\/\/www.trendencias.com\/redirect?url=https%3A%2F%2Fwww.primor.eu%2Fes_es%2Fclarins-aceite-de-labios-comfort-108472.html%23tabs&amp;category=shopping&amp;pivot=1&amp;ecomPostExpiration=perish&amp;postId=635775\"> <img loading=\"lazy\" alt=\"Clarins\nAceite de Labios Comfort\nB\u00e1lsamos y cuidado de labios lujo\" width=\"700\" height=\"700\" src=\"http:\/\/hoycordobaweb.com\/wp-content\/uploads\/2024\/11\/soy-adicta-a-este-aceite-de-labios-clarins-rebajado-en-primor-porque-los-deja-jugosos-y-super-naturales-incluso-en-invierno.jpg\"> <\/a> <\/div>\n<div class=\"pivot-ecommerce-summary\" readability=\"5.0105263157895\">\n<p class=\"pivot-ecommerce-desc\">Clarins<br \/>\nAceite de Labios Comfort<br \/>\nB\u00e1lsamos y cuidado de labios lujo<\/p>\n<\/p><\/div><\/div>\n<p>* Alg\u00fan precio puede haber cambiado desde la \u00faltima revisi\u00f3n<\/p>\n<\/p><\/div>\n<p><!-- PIVOT END --><\/p>\n<p>Pero no se si las adictas al <a href=\"https:\/\/www.trendencias.com\/belleza\/13-mejores-balsamos-labiales-que-evitaran-que-tus-labios-se-deshidraten-agrieten\">b\u00e1lsamo labial<\/a> -o cacao, vaselina, lo que us\u00e9is- not\u00e1is como yo que el color de nuestros labios tiende a ponerse blanquecino. Yo personalmente s\u00ed y me veo muy poco favorecida (podr\u00eda recurrir a mi <em>lipstick<\/em> favorito pero hay d\u00edas en los que no me apetece maquillarme). El caso es que necesito <strong>una soluci\u00f3n que reparase el da\u00f1o mientras aporta un toque de color<\/strong> saludable.<\/p>\n<p><!-- BREAK 2 --><\/p>\n<div class=\"article-asset article-asset-normal article-asset-center\">\n<div class=\"desvio-container\">\n<div class=\"desvio\">\n<div class=\"desvio-figure js-desvio-figure\"> <a href=\"https:\/\/www.compradiccion.com\/moda-mujer\/sprinter-liquida-al-50-descuento-chaqueta-helly-hansen-calentita-para-esta-ola-frio-polar\" target=\"_blank\" rel=\"noopener noreferrer\"> <img loading=\"lazy\" alt=\"Sprinter liquida al 50% de descuento la chaqueta Helly Hansen m\u00e1s calentita para esta ola de fr\u00edo polar \" width=\"375\" height=\"142\" src=\"http:\/\/hoycordobaweb.com\/wp-content\/uploads\/2024\/11\/soy-adicta-a-este-aceite-de-labios-clarins-rebajado-en-primor-porque-los-deja-jugosos-y-super-naturales-incluso-en-invierno-1.jpg\"> <\/a> <\/div><\/div><\/div>\n<\/div>\n<p>Pues bien, la he encontrado en <a rel=\"nofollow, sponsored, noopener, noreferrer noopener\" target=\"_blank\" class=\"js-ecommerce\" href=\"https:\/\/www.trendencias.com\/redirect?url=https%3A%2F%2Fwww.primor.eu%2Fes_es%2F&amp;category=shopping&amp;ecomPostExpiration=perish&amp;postId=635775\" data-vars-affiliate-url=\"https:\/\/www.primor.eu\/es_es\/\">Primor<\/a>. Se trata de<strong> un aceite dise\u00f1ado por Clarins a base de mezclar aceites de jojoba, avellana y rosa mosqueta<\/strong> para proporcionar esa reparaci\u00f3n y nutrici\u00f3n que tanto necesitan mis labios resecos.<\/p>\n<p><!-- BREAK 3 --> <\/p>\n<div class=\"article-asset-image article-asset-normal article-asset-center\">\n<div class=\"asset-content\"> <a rel=\"nofollow, sponsored, noopener, noreferrer noopener\" target=\"_blank\" class=\"js-ecommerce\" href=\"https:\/\/www.trendencias.com\/redirect?url=https%3A%2F%2Fwww.primor.eu%2Fes_es%2Fclarins-aceite-de-labios-comfort-108472.html%23tabs&amp;category=shopping&amp;ecomPostExpiration=perish&amp;postId=635775\" data-vars-affiliate-url=\"https:\/\/www.primor.eu\/es_es\/clarins-aceite-de-labios-comfort-108472.html#tabs\"> <img class=\"centro_sinmarco\" height=\"700\" width=\"700\" loading=\"lazy\" decoding=\"async\" sizes=\"100vw\" fetchpriority=\"high\" srcset=\"http:\/\/hoycordobaweb.com\/wp-content\/uploads\/2024\/11\/soy-adicta-a-este-aceite-de-labios-clarins-rebajado-en-primor-porque-los-deja-jugosos-y-super-naturales-incluso-en-invierno-2.jpg 450w, http:\/\/hoycordobaweb.com\/wp-content\/uploads\/2024\/11\/soy-adicta-a-este-aceite-de-labios-clarins-rebajado-en-primor-porque-los-deja-jugosos-y-super-naturales-incluso-en-invierno-4.jpg 681w, http:\/\/hoycordobaweb.com\/wp-content\/uploads\/2024\/11\/soy-adicta-a-este-aceite-de-labios-clarins-rebajado-en-primor-porque-los-deja-jugosos-y-super-naturales-incluso-en-invierno-5.jpg 1024w, http:\/\/hoycordobaweb.com\/wp-content\/uploads\/2024\/11\/soy-adicta-a-este-aceite-de-labios-clarins-rebajado-en-primor-porque-los-deja-jugosos-y-super-naturales-incluso-en-invierno-6.jpg 1366w\" src=\"http:\/\/hoycordobaweb.com\/wp-content\/uploads\/2024\/11\/soy-adicta-a-este-aceite-de-labios-clarins-rebajado-en-primor-porque-los-deja-jugosos-y-super-naturales-incluso-en-invierno-2.jpg\" alt=\"Clarins\"> <noscript><img alt=\"Clarins\" class=\"centro_sinmarco\" src=\"http:\/\/hoycordobaweb.com\/wp-content\/uploads\/2024\/11\/soy-adicta-a-este-aceite-de-labios-clarins-rebajado-en-primor-porque-los-deja-jugosos-y-super-naturales-incluso-en-invierno-2.jpg\"><\/noscript> <\/a> <\/div>\n<\/div>\n<p>Todo en una f\u00f3rmula que no solo aporta un brillo tipo <a href=\"https:\/\/www.trendencias.com\/belleza\/he-probado-gloss-moda-que-te-aumenta-volumen-labios-nyx-picante\">gloss<\/a> pura tendencia, tambi\u00e9n proporciona <strong>un toque sutil de color s\u00faper natural, de hecho parece potenciar mi propio color<\/strong> -yo he probado a incluir un toque de Benetint de Benefit en los labios antes de aplicarlo y cambia radicalmente- y favorece tanto que el efecto buena cara es al instante.<\/p>\n<p><!-- BREAK 4 --><\/p>\n<p>Una joya que nunca falta en mi tocador y <strong>que tengo en varios tonos <\/strong>(porque s\u00ed, existen varios colores a elegir), aunque mi favorito es el cherry -un tono ideal para mi piel clarita- por <del>30<\/del> <a rel=\"nofollow, sponsored, noopener, noreferrer noopener\" target=\"_blank\" class=\"js-ecommerce\" href=\"https:\/\/www.trendencias.com\/redirect?url=https%3A%2F%2Fwww.primor.eu%2Fes_es%2Fclarins-aceite-de-labios-comfort-108472.html%23tabs&amp;category=shopping&amp;ecomPostExpiration=perish&amp;postId=635775\" data-vars-affiliate-url=\"https:\/\/www.primor.eu\/es_es\/clarins-aceite-de-labios-comfort-108472.html#tabs\">17,95 euros<\/a> en el Black Friday de Primor.<\/p>\n<p><!-- BREAK 5 --><\/p>\n<p><em>Nota: Algunos de los enlaces de este art\u00edculo son afiliados y pueden reportar un beneficio econ\u00f3mico a Trendencias. En caso de no disponibilidad, las ofertas pueden variar.<\/em><\/p>\n<p><!-- BREAK 6 --> <\/p>\n<p>Fotos | Launchmetrics, El Corte Ingl\u00e9s<\/p>\n<p>En Trendencias | <a href=\"https:\/\/www.trendencias.com\/shopping\/como-combinar-unas-converse-chuck-taylor-look-elegante-casual-sport\" data-id=\"noopener noreferrer\">C\u00f3mo combinar unas Converse Chuck Taylor: look elegante, casual y de sport<\/a><\/p>\n<p>En Trendencias | <a href=\"https:\/\/www.trendencias.com\/shopping\/mejor-difusor-aromas-para-casa-cual-comprar-consejos-recomendaciones\" data-id=\"noopener noreferrer\">El mejor difusor de aromas para la casa: \u00bfcu\u00e1l comprar? Consejos y recomendaciones<\/a><\/p>\n","protected":false},"excerpt":{"rendered":"<p>Soy de las que sufren de labios agrietados todo el a\u00f1o, un problema que aumente especialmente ahora, con el fr\u00edo. Por eso he probado todo tipo de tratamientos, nunca falta en mi bolso la vaselina y las mascarillas para la noche son mi obsesi\u00f3n.&nbsp; Clarins Aceite de Labios Comfort B\u00e1lsamos y cuidado de labios lujo [&hellip;]<\/p>\n","protected":false},"author":1,"featured_media":88368,"comment_status":"closed","ping_status":"closed","sticky":false,"template":"","format":"standard","meta":[],"categories":[],"tags":[],"_links":{"self":[{"href":"http:\/\/hoycordobaweb.com\/index.php\/wp-json\/wp\/v2\/posts\/88367"}],"collection":[{"href":"http:\/\/hoycordobaweb.com\/index.php\/wp-json\/wp\/v2\/posts"}],"about":[{"href":"http:\/\/hoycordobaweb.com\/index.php\/wp-json\/wp\/v2\/types\/post"}],"author":[{"embeddable":true,"href":"http:\/\/hoycordobaweb.com\/index.php\/wp-json\/wp\/v2\/users\/1"}],"replies":[{"embeddable":true,"href":"http:\/\/hoycordobaweb.com\/index.php\/wp-json\/wp\/v2\/comments?post=88367"}],"version-history":[{"count":0,"href":"http:\/\/hoycordobaweb.com\/index.php\/wp-json\/wp\/v2\/posts\/88367\/revisions"}],"wp:featuredmedia":[{"embeddable":true,"href":"http:\/\/hoycordobaweb.com\/index.php\/wp-json\/wp\/v2\/media\/88368"}],"wp:attachment":[{"href":"http:\/\/hoycordobaweb.com\/index.php\/wp-json\/wp\/v2\/media?parent=88367"}],"wp:term":[{"taxonomy":"category","embeddable":true,"href":"http:\/\/hoycordobaweb.com\/index.php\/wp-json\/wp\/v2\/categories?post=88367"},{"taxonomy":"post_tag","embeddable":true,"href":"http:\/\/hoycordobaweb.com\/index.php\/wp-json\/wp\/v2\/tags?post=88367"}],"curies":[{"name":"wp","href":"https:\/\/api.w.org\/{rel}","templated":true}]}}