{"id":88359,"date":"2024-11-13T12:46:07","date_gmt":"2024-11-13T12:46:07","guid":{"rendered":"https:\/\/www.mujerhoy.com\/moda\/no-te-pierdas\/reina-sofia-look-traje-elegante-broche-original-20241113132243-nt.html"},"modified":"2024-11-13T12:46:07","modified_gmt":"2024-11-13T12:46:07","slug":"la-reina-sofia-muy-elegante-combina-el-traje-mas-favorecedor-del-otono-con-un-broche-muy-original","status":"publish","type":"post","link":"http:\/\/hoycordobaweb.com\/index.php\/2024\/11\/13\/la-reina-sofia-muy-elegante-combina-el-traje-mas-favorecedor-del-otono-con-un-broche-muy-original\/","title":{"rendered":"La reina Sof\u00eda, muy elegante, combina el traje m\u00e1s favorecedor del oto\u00f1o con un broche muy original"},"content":{"rendered":"<p><!-- AUTHOR --> <\/p>\n<div class=\"voc-author-timesocial \"> <!-- AUTHOR --> <\/p>\n<div class=\"voc-author-timesocial__signature \">\n<div class=\"voc-author-timesocial__img-c\"> <!-- IMAGE AUTHOR --> <picture class=\"voc-image-signature\"> <img class=\"voc-image-signature__img\" src=\"http:\/\/hoycordobaweb.com\/wp-content\/uploads\/2024\/11\/la-reina-sofia-muy-elegante-combina-el-traje-mas-favorecedor-del-otono-con-un-broche-muy-original.jpg\" alt=\"Patricia Mart\u00edn\"> <\/picture> <\/div>\n<p> <!-- INFO AUTHOR --> <\/div><\/div>\n<p> <!-- COMPONENTS --> <\/p>\n<p class=\"voc-paragraph\" data-mrf-recirculation=\"Link art\u00edculo\">La<br \/>\n<strong> reina Sof\u00eda <\/strong>est\u00e1 m\u00e1s activa que nunca. La semana pasada <a data-voc-vtm-id=\"in-text-traffic\" href=\"https:\/\/www.mujerhoy.com\/celebrities\/realeza\/reina-sofia-viaje-nueva-work-agenda-compras-rumores-enfermedad-20241104003658-nt.html\" data-mrf-link=\"https:\/\/www.mujerhoy.com\/celebrities\/realeza\/reina-sofia-viaje-nueva-work-agenda-compras-rumores-enfermedad-20241104003658-nt.html\">viajaba hasta Nueva York<\/a> para asistir a varias actividades con motivo del acto conmemorativo del 70\u00ba aniversario del Queen Sof\u00eda Spanish Institute. Hoy contin\u00faa con su agenda con<br \/>\n<strong> la visita a la Fundaci\u00f3n Instituto San Jos\u00e9 <\/strong>con motivo de la celebraci\u00f3n de su 125\u00ba aniversario. <\/p>\n<p class=\"voc-paragraph\" data-mrf-recirculation=\"Link art\u00edculo\">En Nueva York nos sorprendi\u00f3 con<br \/>\n<a data-voc-vtm-id=\"in-text-traffic\" href=\"https:\/\/www.mujerhoy.com\/moda\/no-te-pierdas\/reina-sofia-inspira-carolina-monaco-conjunto-tweed-visita-nueva-york-20241107101452-nt.html\" data-mrf-link=\"https:\/\/www.mujerhoy.com\/moda\/no-te-pierdas\/reina-sofia-inspira-carolina-monaco-conjunto-tweed-visita-nueva-york-20241107101452-nt.html\"> el conjunto de tweed m\u00e1s favorecedor<\/a> y con un look que combinaba <a data-voc-vtm-id=\"in-text-traffic\" href=\"https:\/\/www.mujerhoy.com\/moda\/no-te-pierdas\/reina-sofia-look-nueva-york-elegante-bohemio-terciopelo-20241105103100-nt.html\" data-mrf-link=\"https:\/\/www.mujerhoy.com\/moda\/no-te-pierdas\/reina-sofia-look-nueva-york-elegante-bohemio-terciopelo-20241105103100-nt.html\">la elegancia y lo bohemio <\/a><br \/>\na la perfecci\u00f3n. Hoy, la reina em\u00e9rita ha apostado por una f\u00f3rmula que siempre funciona:<br \/>\n<strong> un traje de dos piezas,<\/strong>tan elegante como favorecedor.\n<\/p>\n<p><h3 class=\"voc-detail__title\"> El look de la reina Sof\u00eda, al detalle<br \/>\n<\/h3>\n<\/p>\n<p class=\"voc-paragraph\" data-mrf-recirculation=\"Link art\u00edculo\">Do\u00f1a Sof\u00eda ha elegido<br \/>\n<strong> un traje en gris, muy elegante,<\/strong> con estampado de raya diplom\u00e1tica. La chaqueta tiene un corte recto muy elegante, cuello solapa maxi, dos bolsillos delanteros y cierre mediante bot\u00f3n. Los pantalones, de tiro alto y corte recto, sientan fenomenal y estilizan much\u00edsimo la silueta. <\/p>\n<div class=\"voc-detail-photo-zoom\"> <picture data-toggle=\"modal\" data-target=\"#photoZoomModal-1\" target=\"modal\">\n<div class=\"voc-img-icon-link\"> <img loading=\"lazy\" src=\"http:\/\/hoycordobaweb.com\/wp-content\/uploads\/2024\/11\/la-reina-sofia-muy-elegante-combina-el-traje-mas-favorecedor-del-otono-con-un-broche-muy-original-1.jpg\" width=\"650\" height=\"900\" alt=\"La reina Sof\u00eda en la Fundaci\u00f3n Instituto San Jos\u00e9 (GTRES)\"> <noscript> <img src=\"http:\/\/hoycordobaweb.com\/wp-content\/uploads\/2024\/11\/la-reina-sofia-muy-elegante-combina-el-traje-mas-favorecedor-del-otono-con-un-broche-muy-original-1.jpg\" alt=\"La reina Sof\u00eda en la Fundaci\u00f3n Instituto San Jos\u00e9 (GTRES)\"> <\/noscript> <i class=\"voc-icons zoom voc-multimedia-box voc-ico-l\"><\/i> <\/div><figcaption class=\"figure-caption\">La reina Sof\u00eda en la Fundaci\u00f3n Instituto San Jos\u00e9 (GTRES)<\/figcaption><\/picture>\n<\/div>\n<div id=\"photoZoomModal-1\" class=\"voc-lightbox modal fade voc-lightbox--photo-zoom\" role=\"dialog\" data-voc-photozoom-lightbox>\n<div class=\"voc-lightbox__dialog\" role=\"document\">\n<div class=\"voc-lightbox__content\"> <!-- Modal header --> <!-- Modal content --> <\/p>\n<div class=\"voc-lightbox__photo-container\"> <picture class> <img loading=\"lazy\" src=\"http:\/\/hoycordobaweb.com\/wp-content\/uploads\/2024\/11\/la-reina-sofia-muy-elegante-combina-el-traje-mas-favorecedor-del-otono-con-un-broche-muy-original-1.jpg\" alt=\"La reina Sof\u00eda en la Fundaci\u00f3n Instituto San Jos\u00e9 (GTRES)\"> <noscript> <img src=\"http:\/\/hoycordobaweb.com\/wp-content\/uploads\/2024\/11\/la-reina-sofia-muy-elegante-combina-el-traje-mas-favorecedor-del-otono-con-un-broche-muy-original-1.jpg\" alt=\"La reina Sof\u00eda en la Fundaci\u00f3n Instituto San Jos\u00e9 (GTRES)\"> <\/noscript> <\/picture> <\/div><\/div><\/div>\n<\/div>\n<p class=\"voc-paragraph\" data-mrf-recirculation=\"Link art\u00edculo\">Ha combinado el traje con <strong>una camisa de seda,<\/strong> de manga larga y escote pico, en color azul marino. De tejido satinado, contrasta a la perfecci\u00f3n con los colores neutros del look y aporta un toque luminoso y original. <\/p>\n<p class=\"voc-paragraph\" data-mrf-recirculation=\"Link art\u00edculo\">Si hay algo que la reina Sof\u00eda hace mejor que nadie es<br \/>\n<strong> elevar estilismos b\u00e1sicos con los accesorios.<\/strong> En este caso ha llevado collares de diferentes longitudes, con abalorios y colores llamativos, y un broche muy especial, con forma de mariposa, en la silueta de la chaqueta tipo blazer. <\/p>\n<p class=\"voc-paragraph\" data-mrf-recirculation=\"Link art\u00edculo\">Destacan tambi\u00e9n los pendientes con colgante en forma de c\u00edrculo, muy elegantes, y los m\u00faltiples anillos. El bolso, en el mismo tono que la camisa, <strong>tiene un dise\u00f1o cl\u00e1sico y atemporal:<\/strong> de piel y con forma cuadrada, es un b\u00e1sico de las mujeres m\u00e1s elegantes. <\/p>\n<p class=\"voc-paragraph\" data-mrf-recirculation=\"Link art\u00edculo\">El maquillaje, como siempre, muy natural, destacando <strong>el labial en tono nude, <\/strong>que eleva el tono natural del labio y a\u00f1ade luminosidad al rostro. El pelo, peinado de forma impecable, como siempre. <\/p>\n<p><h3 class=\"voc-detail__title\"> Una visita importante<br \/>\n<\/h3>\n<\/p>\n<p class=\"voc-paragraph\" data-mrf-recirculation=\"Link art\u00edculo\">Durante la visita, la Reina Do\u00f1a Sof\u00eda ha sido informada sobre la evoluci\u00f3n del Hospital y todos sus nuevos proyectos. La Fundaci\u00f3n San Jos\u00e9 es <strong>una instituci\u00f3n no lucrativa<\/strong> centenaria que desarrolla su actividad en tres \u00e1reas: sanitaria, social y educativa, siendo hospital referente en rehabilitaci\u00f3n neurol\u00f3gica y funcional, cuidados paliativos y atenci\u00f3n a la discapacidad dentro de la Comunidad de Madrid.\n<\/p>\n<p class=\"voc-paragraph\" data-mrf-recirculation=\"Link art\u00edculo\">Es un centro privado concertado gestionado, desde sus inicios, por la Orden Hospitalaria San Juan de Dios, que gestiona 80 centros en Espa\u00f1a y m\u00e1s de 400 en el mundo. Actualmente, gestiona m\u00e1s de 280 camas de hospitalizaci\u00f3n, un colegio de Educaci\u00f3n Especial, dos centros de d\u00eda y una residencia para personas con discapacidad y tambi\u00e9n<br \/>\n<strong> desarrolla programas sociales <\/strong>a trav\u00e9s de su \u00e1rea de Solidaridad.\n<\/p>\n<p> <!-- TOPICS --> <\/p>\n","protected":false},"excerpt":{"rendered":"<p>La reina Sof\u00eda est\u00e1 m\u00e1s activa que nunca. La semana pasada viajaba hasta Nueva York para asistir a varias actividades con motivo del acto conmemorativo del 70\u00ba aniversario del Queen Sof\u00eda Spanish Institute. Hoy contin\u00faa con su agenda con la visita a la Fundaci\u00f3n Instituto San Jos\u00e9 con motivo de la celebraci\u00f3n de su 125\u00ba [&hellip;]<\/p>\n","protected":false},"author":1,"featured_media":88360,"comment_status":"closed","ping_status":"closed","sticky":false,"template":"","format":"standard","meta":[],"categories":[],"tags":[],"_links":{"self":[{"href":"http:\/\/hoycordobaweb.com\/index.php\/wp-json\/wp\/v2\/posts\/88359"}],"collection":[{"href":"http:\/\/hoycordobaweb.com\/index.php\/wp-json\/wp\/v2\/posts"}],"about":[{"href":"http:\/\/hoycordobaweb.com\/index.php\/wp-json\/wp\/v2\/types\/post"}],"author":[{"embeddable":true,"href":"http:\/\/hoycordobaweb.com\/index.php\/wp-json\/wp\/v2\/users\/1"}],"replies":[{"embeddable":true,"href":"http:\/\/hoycordobaweb.com\/index.php\/wp-json\/wp\/v2\/comments?post=88359"}],"version-history":[{"count":0,"href":"http:\/\/hoycordobaweb.com\/index.php\/wp-json\/wp\/v2\/posts\/88359\/revisions"}],"wp:featuredmedia":[{"embeddable":true,"href":"http:\/\/hoycordobaweb.com\/index.php\/wp-json\/wp\/v2\/media\/88360"}],"wp:attachment":[{"href":"http:\/\/hoycordobaweb.com\/index.php\/wp-json\/wp\/v2\/media?parent=88359"}],"wp:term":[{"taxonomy":"category","embeddable":true,"href":"http:\/\/hoycordobaweb.com\/index.php\/wp-json\/wp\/v2\/categories?post=88359"},{"taxonomy":"post_tag","embeddable":true,"href":"http:\/\/hoycordobaweb.com\/index.php\/wp-json\/wp\/v2\/tags?post=88359"}],"curies":[{"name":"wp","href":"https:\/\/api.w.org\/{rel}","templated":true}]}}