{"id":883,"date":"2020-08-31T16:01:34","date_gmt":"2020-08-31T16:01:34","guid":{"rendered":"https:\/\/www.trendencias.com\/propuestas-y-consejos\/esta-sudadera-negra-cuello-bobo-h-m-esta-triunfando-porque-queda-igual-bien-falda-que-vaqueros"},"modified":"2020-08-31T16:01:34","modified_gmt":"2020-08-31T16:01:34","slug":"esta-sudadera-negra-con-cuello-bobo-de-hm-esta-triunfando-porque-queda-igual-de-bien-con-falda-que-con-vaqueros","status":"publish","type":"post","link":"http:\/\/hoycordobaweb.com\/index.php\/2020\/08\/31\/esta-sudadera-negra-con-cuello-bobo-de-hm-esta-triunfando-porque-queda-igual-de-bien-con-falda-que-con-vaqueros\/","title":{"rendered":"Esta sudadera negra con cuello bobo de H&amp;M est\u00e1 triunfando porque queda igual de bien con falda que con vaqueros"},"content":{"rendered":"<div readability=\"61.002016129032\">\n<p>A d\u00eda de hoy, tenemos muy claro cu\u00e1l es nuestra <a href=\"https:\/\/www.trendencias.com\/tag\/sudaderas\">sudadera <\/a>preferida de H&amp;M (y no somos las \u00fanicas). La cadena sueca de tiendas de ropa tiene un modelo con cuello bobo que <strong>a\u00fana est\u00e9tica <\/strong><em><strong>sporty <\/strong><\/em><strong>y femenina<\/strong> y est\u00e1 triunfando en el <a href=\"https:\/\/www.trendencias.com\/categoria\/street-style\"><em>streetstyle <\/em><\/a>incluso antes de que haga fr\u00edo.<\/p>\n<p><!-- BREAK 1 --><\/p>\n<div class=\"article-asset article-asset-normal article-asset-center\">\n<div class=\"desvio-container\">\n<div class=\"desvio\">\n<div class=\"desvio-figure js-desvio-figure\"> <a href=\"https:\/\/www.trendencias.com\/vestidos\/h-m-tiene-vestidos-entretiempo-coquetos-talla-50\"> <img alt=\"H&amp;M tiene los vestidos de entretiempo m\u00e1s coquetos hasta la talla 50\" src=\"http:\/\/hoycordobaweb.com\/wp-content\/uploads\/2020\/08\/esta-sudadera-negra-con-cuello-bobo-de-hm-esta-triunfando-porque-queda-igual-de-bien-con-falda-que-con-vaqueros.jpg\"> <\/a> <\/div><\/div><\/div>\n<\/div>\n<p>\u00bfEl secreto de su \u00e9xito? Su <strong>capacidad de adaptarse a todo tipo de <\/strong><em><strong>looks <\/strong><\/em><strong>agregando un plus de estilo<\/strong>. Porque ya lo hemos dicho un par de veces, el <a href=\"https:\/\/www.trendencias.com\/tendencias\/blusas-cuello-bobo-tendencia-otono-invierno-2020-2021-que-viene-dispuesta-a-arrasar\">cuello bobo<\/a> es una de las tendencias m\u00e1s fuertes de esta nueva temporada <a href=\"https:\/\/www.trendencias.com\/tag\/tendencias-otono-invierno-2020-2021\">oto\u00f1o-invierno 20\/21.<\/a> Y esta prenda <strong>es capaz de integrar la est\u00e9tica dulce de una forma que no resulta empalagosa.<\/strong><\/p>\n<p><!-- BREAK 2 --> <\/p>\n<div class=\"article-asset-image article-asset-normal article-asset-center\">\n<div class=\"asset-content\"> <img class=\"sf-lazy centro_sinmarco\" data-sf-srcset=\"http:\/\/hoycordobaweb.com\/wp-content\/uploads\/2020\/08\/esta-sudadera-negra-con-cuello-bobo-de-hm-esta-triunfando-porque-queda-igual-de-bien-con-falda-que-con-vaqueros-1.jpg 450w, http:\/\/hoycordobaweb.com\/wp-content\/uploads\/2020\/08\/esta-sudadera-negra-con-cuello-bobo-de-hm-esta-triunfando-porque-queda-igual-de-bien-con-falda-que-con-vaqueros-10.jpg 681w,http:\/\/hoycordobaweb.com\/wp-content\/uploads\/2020\/08\/esta-sudadera-negra-con-cuello-bobo-de-hm-esta-triunfando-porque-queda-igual-de-bien-con-falda-que-con-vaqueros-11.jpg 1024w, http:\/\/hoycordobaweb.com\/wp-content\/uploads\/2020\/08\/esta-sudadera-negra-con-cuello-bobo-de-hm-esta-triunfando-porque-queda-igual-de-bien-con-falda-que-con-vaqueros-12.jpg 1366w,\" data-sf-src=\"http:\/\/hoycordobaweb.com\/wp-content\/uploads\/2020\/08\/esta-sudadera-negra-con-cuello-bobo-de-hm-esta-triunfando-porque-queda-igual-de-bien-con-falda-que-con-vaqueros-1.jpg\" alt=\"Hm 118495747 750672568842543 212820966904848184 N\"> <noscript><img alt=\"Hm 118495747 750672568842543 212820966904848184 N\" class=\"centro_sinmarco\" src=\"http:\/\/hoycordobaweb.com\/wp-content\/uploads\/2020\/08\/esta-sudadera-negra-con-cuello-bobo-de-hm-esta-triunfando-porque-queda-igual-de-bien-con-falda-que-con-vaqueros-1.jpg\"><\/noscript> <\/div>\n<\/div>\n<div class=\"article-asset article-asset-normal article-asset-center\">\n<div class=\"desvio-container\">\n<div class=\"desvio\">\n<div class=\"desvio-figure js-desvio-figure\"> <a href=\"https:\/\/www.trendencias.com\/propuestas-y-consejos\/zapatillas-vans-victoria-bolsos-carteras-tous-que-tienen-descuento-ofertas-septiembre-amazon-hacen-transicion-al-otono-facil\"> <img alt=\"Las zapatillas Vans, las Victoria y los bolsos y las carteras de Tous que tienen descuento en las Ofertas de septiembre de Amazon hacen la transici\u00f3n al oto\u00f1o m\u00e1s f\u00e1cil\" src=\"http:\/\/hoycordobaweb.com\/wp-content\/uploads\/2020\/08\/esta-sudadera-negra-con-cuello-bobo-de-hm-esta-triunfando-porque-queda-igual-de-bien-con-falda-que-con-vaqueros-2.jpg\"> <\/a> <\/div><\/div><\/div>\n<\/div>\n<p>Con cuello redondo de tela ribeteado en volante y cierre de l\u00e1grima con bot\u00f3n en la nuca, la sudadera consta de una manga amplia con hombros ca\u00eddos y pu\u00f1os en punto el\u00e1stico de canal\u00e9.<\/p>\n<p><!-- BREAK 3 --><\/p>\n<p>Admite, desde la <a href=\"https:\/\/www.trendencias.com\/tendencias\/este-verano-vas-a-querer-ser-maria-sharapova-minifaldas-plisadas-tenista-tendencia-street-style-nos-demuestra\">falda tenista m\u00e1s atrevida<\/a>, a los <a href=\"https:\/\/www.trendencias.com\/tag\/jeans\">jeans <\/a>m\u00e1s c\u00f3modos de tu armario, pasando por ese modelo de <a href=\"https:\/\/www.trendencias.com\/marcas\/este-vestido-polipiel-stradivarius-que-ha-enamorado-a-aitana-podria-conquistar-armario-muchas\">polipiel <\/a>que puede que compraras el a\u00f1o pasado. Y se convierte, as\u00ed, en una de esas piezas que, nada m\u00e1s verlas, sabemos que ser\u00e1n<strong> todo un <\/strong><em><strong>salvalooks<\/strong><\/em><strong>.<\/strong><\/p>\n<p><!-- BREAK 4 --><\/p>\n<p>Adem\u00e1s,<strong> est\u00e1 confeccionada con poli\u00e9ster reciclado<\/strong>. As\u00ed que tambi\u00e9n es bonita por dentro. Y su precio es inferior a 10 euros, una maravilla.<\/p>\n<p><!-- BREAK 5 --><\/p>\n<p>Si t\u00fa tambi\u00e9n quieres sumarla a tu armario de entretiempo, no desesperes, a\u00fan no ha llegado a nuestro pa\u00eds, pero ya est\u00e1 subida a la web as\u00ed que est\u00e1 a puntito.<\/p>\n<p><!-- BREAK 6 --><\/p>\n<div class=\"article-asset-image article-asset-normal article-asset-center\">\n<div class=\"asset-content\"> <img class=\"sf-lazy centro_sinmarco\" data-sf-srcset=\"http:\/\/hoycordobaweb.com\/wp-content\/uploads\/2020\/08\/esta-sudadera-negra-con-cuello-bobo-de-hm-esta-triunfando-porque-queda-igual-de-bien-con-falda-que-con-vaqueros-3.jpg 450w, http:\/\/hoycordobaweb.com\/wp-content\/uploads\/2020\/08\/esta-sudadera-negra-con-cuello-bobo-de-hm-esta-triunfando-porque-queda-igual-de-bien-con-falda-que-con-vaqueros-13.jpg 681w,http:\/\/hoycordobaweb.com\/wp-content\/uploads\/2020\/08\/esta-sudadera-negra-con-cuello-bobo-de-hm-esta-triunfando-porque-queda-igual-de-bien-con-falda-que-con-vaqueros-14.jpg 1024w, http:\/\/hoycordobaweb.com\/wp-content\/uploads\/2020\/08\/esta-sudadera-negra-con-cuello-bobo-de-hm-esta-triunfando-porque-queda-igual-de-bien-con-falda-que-con-vaqueros-15.jpg 1366w,\" data-sf-src=\"http:\/\/hoycordobaweb.com\/wp-content\/uploads\/2020\/08\/esta-sudadera-negra-con-cuello-bobo-de-hm-esta-triunfando-porque-queda-igual-de-bien-con-falda-que-con-vaqueros-3.jpg\" alt=\"Hmgoepprod 8\"> <noscript><img alt=\"Hmgoepprod 8\" class=\"centro_sinmarco\" src=\"http:\/\/hoycordobaweb.com\/wp-content\/uploads\/2020\/08\/esta-sudadera-negra-con-cuello-bobo-de-hm-esta-triunfando-porque-queda-igual-de-bien-con-falda-que-con-vaqueros-3.jpg\"><\/noscript> <\/div>\n<\/div>\n<p>Sudadera de H&amp;M <a href=\"https:\/\/www.trendencias.com\/redirect?url=https%3A%2F%2Fwww2.hm.com%2Fes_es%2Fproductpage.0935858001.html&amp;category=propuestas-y-consejos\">9,99 euros.<\/a><\/p>\n<p><!-- BREAK 7 --><!-- PIVOT START --><\/p>\n<div class=\"pivot-ecommerce-container\">\n<div class=\"pivot-ecommerce\" readability=\"3.5454545454545\">\n<div class=\"pivot-ecommerce-figure\"> <img alt=\"Sudadera negra con cuello\" src=\"http:\/\/hoycordobaweb.com\/wp-content\/uploads\/2020\/08\/esta-sudadera-negra-con-cuello-bobo-de-hm-esta-triunfando-porque-queda-igual-de-bien-con-falda-que-con-vaqueros-4.jpg\"> <\/div>\n<div class=\"pivot-ecommerce-summary\" readability=\"4.1363636363636\">\n<p class=\"pivot-ecommerce-desc\">Sudadera negra con cuello<\/p>\n<\/p><\/div><\/div>\n<\/div>\n<p><!-- PIVOT END --><\/p>\n<p>De momento, tienes dos modelos parecidos que s\u00ed se venden ya en la web.<\/p>\n<div class=\"article-asset-image article-asset-normal article-asset-center\">\n<div class=\"asset-content\"> <img class=\"sf-lazy centro_sinmarco\" data-sf-srcset=\"http:\/\/hoycordobaweb.com\/wp-content\/uploads\/2020\/08\/esta-sudadera-negra-con-cuello-bobo-de-hm-esta-triunfando-porque-queda-igual-de-bien-con-falda-que-con-vaqueros-5.jpg 450w, http:\/\/hoycordobaweb.com\/wp-content\/uploads\/2020\/08\/esta-sudadera-negra-con-cuello-bobo-de-hm-esta-triunfando-porque-queda-igual-de-bien-con-falda-que-con-vaqueros-16.jpg 681w,http:\/\/hoycordobaweb.com\/wp-content\/uploads\/2020\/08\/esta-sudadera-negra-con-cuello-bobo-de-hm-esta-triunfando-porque-queda-igual-de-bien-con-falda-que-con-vaqueros-17.jpg 1024w, http:\/\/hoycordobaweb.com\/wp-content\/uploads\/2020\/08\/esta-sudadera-negra-con-cuello-bobo-de-hm-esta-triunfando-porque-queda-igual-de-bien-con-falda-que-con-vaqueros-18.jpg 1366w,\" data-sf-src=\"http:\/\/hoycordobaweb.com\/wp-content\/uploads\/2020\/08\/esta-sudadera-negra-con-cuello-bobo-de-hm-esta-triunfando-porque-queda-igual-de-bien-con-falda-que-con-vaqueros-5.jpg\" alt=\"Hmgoepprod 9\"> <noscript><img alt=\"Hmgoepprod 9\" class=\"centro_sinmarco\" src=\"http:\/\/hoycordobaweb.com\/wp-content\/uploads\/2020\/08\/esta-sudadera-negra-con-cuello-bobo-de-hm-esta-triunfando-porque-queda-igual-de-bien-con-falda-que-con-vaqueros-5.jpg\"><\/noscript> <\/div>\n<\/div>\n<p>Sudadera con cuello de H&amp;M <a href=\"https:\/\/www.trendencias.com\/redirect?url=https%3A%2F%2Fwww2.hm.com%2Fes_es%2Fproductpage.0910477002.html&amp;category=propuestas-y-consejos\">19,99 euros.<\/a><\/p>\n<p><!-- BREAK 8 --><!-- PIVOT START --><\/p>\n<div class=\"pivot-ecommerce-container\">\n<div class=\"pivot-ecommerce\">\n<div class=\"pivot-ecommerce-figure\"> <img alt=\"Sudadera con cuello\" src=\"http:\/\/hoycordobaweb.com\/wp-content\/uploads\/2020\/08\/esta-sudadera-negra-con-cuello-bobo-de-hm-esta-triunfando-porque-queda-igual-de-bien-con-falda-que-con-vaqueros-6.jpg\"> <\/div>\n<div class=\"pivot-ecommerce-summary\">\n<p class=\"pivot-ecommerce-desc\">Sudadera con cuello<\/p>\n<\/p><\/div><\/div>\n<\/div>\n<p><!-- PIVOT END --><\/p>\n<div class=\"article-asset-image article-asset-normal article-asset-center\">\n<div class=\"asset-content\"> <img class=\"sf-lazy centro_sinmarco\" data-sf-srcset=\"http:\/\/hoycordobaweb.com\/wp-content\/uploads\/2020\/08\/esta-sudadera-negra-con-cuello-bobo-de-hm-esta-triunfando-porque-queda-igual-de-bien-con-falda-que-con-vaqueros-7.jpg 450w, http:\/\/hoycordobaweb.com\/wp-content\/uploads\/2020\/08\/esta-sudadera-negra-con-cuello-bobo-de-hm-esta-triunfando-porque-queda-igual-de-bien-con-falda-que-con-vaqueros-19.jpg 681w,http:\/\/hoycordobaweb.com\/wp-content\/uploads\/2020\/08\/esta-sudadera-negra-con-cuello-bobo-de-hm-esta-triunfando-porque-queda-igual-de-bien-con-falda-que-con-vaqueros-20.jpg 1024w, http:\/\/hoycordobaweb.com\/wp-content\/uploads\/2020\/08\/esta-sudadera-negra-con-cuello-bobo-de-hm-esta-triunfando-porque-queda-igual-de-bien-con-falda-que-con-vaqueros-21.jpg 1366w,\" data-sf-src=\"http:\/\/hoycordobaweb.com\/wp-content\/uploads\/2020\/08\/esta-sudadera-negra-con-cuello-bobo-de-hm-esta-triunfando-porque-queda-igual-de-bien-con-falda-que-con-vaqueros-7.jpg\" alt=\"Hmgoepprod 10\"> <noscript><img alt=\"Hmgoepprod 10\" class=\"centro_sinmarco\" src=\"http:\/\/hoycordobaweb.com\/wp-content\/uploads\/2020\/08\/esta-sudadera-negra-con-cuello-bobo-de-hm-esta-triunfando-porque-queda-igual-de-bien-con-falda-que-con-vaqueros-7.jpg\"><\/noscript> <\/div>\n<\/div>\n<p>Sudadera con cuello de H&amp;M <a href=\"https:\/\/www.trendencias.com\/redirect?url=https%3A%2F%2Fwww2.hm.com%2Fes_es%2Fproductpage.0910477002.html&amp;category=propuestas-y-consejos\" rel=\"noopener noreferrer\" data-id=\"noopener noreferrer\">19,99 euros.<\/a><\/p>\n<p><!-- BREAK 9 --><!-- PIVOT START --><\/p>\n<div class=\"pivot-ecommerce-container\">\n<div class=\"pivot-ecommerce\">\n<div class=\"pivot-ecommerce-figure\"> <img alt=\"Sudadera con cuello\" src=\"http:\/\/hoycordobaweb.com\/wp-content\/uploads\/2020\/08\/esta-sudadera-negra-con-cuello-bobo-de-hm-esta-triunfando-porque-queda-igual-de-bien-con-falda-que-con-vaqueros-8.jpg\"> <\/div>\n<div class=\"pivot-ecommerce-summary\">\n<p class=\"pivot-ecommerce-desc\">Sudadera con cuello<\/p>\n<\/p><\/div><\/div>\n<\/div>\n<p><!-- PIVOT END --><\/p>\n<p>Fotos | @hm, H&amp;M<\/p>\n<\/p><\/div>\n<div readability=\"18.148148148148\">\n<div class=\"article-social-share js-article-social-share m-in-links\" readability=\"26.694267515924\">\n<p> Compartir <q class=\"article-social-share-meta\"> Esta sudadera negra con cuello bobo de H&amp;M est\u00e1 triunfando porque queda igual de bien con falda que con vaqueros <\/q> <\/p>\n<\/p><\/div>\n<div class=\"article-topics-list\"> <span class=\"article-topic-desc\">Temas<\/span> <\/p>\n<ul class=\"article-topics-categories\">\n<li><a class=\"article-topic-link\" href=\"https:\/\/www.trendencias.com\/categoria\/propuestas-y-consejos\">Propuestas y consejos<\/a><\/li>\n<\/ul><\/div><\/div>\n","protected":false},"excerpt":{"rendered":"<p>A d\u00eda de hoy, tenemos muy claro cu\u00e1l es nuestra sudadera preferida de H&amp;M (y no somos las \u00fanicas). La cadena sueca de tiendas de ropa tiene un modelo con cuello bobo que a\u00fana est\u00e9tica sporty y femenina y est\u00e1 triunfando en el streetstyle incluso antes de que haga fr\u00edo. \u00bfEl secreto de su \u00e9xito? [&hellip;]<\/p>\n","protected":false},"author":1,"featured_media":884,"comment_status":"closed","ping_status":"closed","sticky":false,"template":"","format":"standard","meta":[],"categories":[1],"tags":[],"_links":{"self":[{"href":"http:\/\/hoycordobaweb.com\/index.php\/wp-json\/wp\/v2\/posts\/883"}],"collection":[{"href":"http:\/\/hoycordobaweb.com\/index.php\/wp-json\/wp\/v2\/posts"}],"about":[{"href":"http:\/\/hoycordobaweb.com\/index.php\/wp-json\/wp\/v2\/types\/post"}],"author":[{"embeddable":true,"href":"http:\/\/hoycordobaweb.com\/index.php\/wp-json\/wp\/v2\/users\/1"}],"replies":[{"embeddable":true,"href":"http:\/\/hoycordobaweb.com\/index.php\/wp-json\/wp\/v2\/comments?post=883"}],"version-history":[{"count":0,"href":"http:\/\/hoycordobaweb.com\/index.php\/wp-json\/wp\/v2\/posts\/883\/revisions"}],"wp:featuredmedia":[{"embeddable":true,"href":"http:\/\/hoycordobaweb.com\/index.php\/wp-json\/wp\/v2\/media\/884"}],"wp:attachment":[{"href":"http:\/\/hoycordobaweb.com\/index.php\/wp-json\/wp\/v2\/media?parent=883"}],"wp:term":[{"taxonomy":"category","embeddable":true,"href":"http:\/\/hoycordobaweb.com\/index.php\/wp-json\/wp\/v2\/categories?post=883"},{"taxonomy":"post_tag","embeddable":true,"href":"http:\/\/hoycordobaweb.com\/index.php\/wp-json\/wp\/v2\/tags?post=883"}],"curies":[{"name":"wp","href":"https:\/\/api.w.org\/{rel}","templated":true}]}}