{"id":88146,"date":"2024-11-07T11:52:33","date_gmt":"2024-11-07T11:52:33","guid":{"rendered":"https:\/\/ladecimaweb.com\/?p=29922"},"modified":"2024-11-07T11:52:33","modified_gmt":"2024-11-07T11:52:33","slug":"chofer-de-colectivo-agrede-a-un-taxista-y-queda-detenido","status":"publish","type":"post","link":"http:\/\/hoycordobaweb.com\/index.php\/2024\/11\/07\/chofer-de-colectivo-agrede-a-un-taxista-y-queda-detenido\/","title":{"rendered":"Chofer de colectivo agrede a un taxista y queda detenido"},"content":{"rendered":"<div class=\"boldgrid-section\">\n<div class=\"container\">\n<div class=\"row\">\n<div class=\"col-md-12 col-xs-12 col-sm-12\">\n<p class=\"\">En las \u00faltimas horas, un hombre de 51 a\u00f1os,<strong> chofer de un colectivo del transporte urbano, termin\u00f3 detenido<\/strong> luego de agredir con un golpe de pu\u00f1o a un taxista (25), en el marco de una discusi\u00f3n de tr\u00e1nsito originada en <strong>B\u00ba Gral. Paz. <\/strong><\/p>\n<p class=\"\">El hecho ocurri\u00f3 en <strong>Av. 24 de Septiembre esquina Roma<\/strong>, donde por causas a establecer, los rodados se habr\u00edan rozado produci\u00e9ndose un altercado entre los conductores.<\/p>\n<p class=\"\">Posteriormente, el aprehendido fue puesto a disposici\u00f3n de la justicia.<\/p>\n<p>&nbsp;<\/p>\n<div class=\"ubm_banner\"><a href=\"https:\/\/www.cba.gov.ar\/dengue\/\" target=\"_blank\" rel=\"dofollow noopener noreferrer\"><img src=\"http:\/\/hoycordobaweb.com\/wp-content\/uploads\/2024\/11\/chofer-de-colectivo-agrede-a-un-taxista-y-queda-detenido.gif\" alt=\"\"><\/a><\/div>\n<\/div>\n<\/div>\n<\/div>\n<\/div>\n<p>La entrada <a rel=\"nofollow\" href=\"https:\/\/ladecimaweb.com\/chofer-de-colectivo-agrede-a-un-taxista-y-queda-detenido\/\">Chofer de colectivo agrede a un taxista y queda detenido<\/a> se public\u00f3 primero en <a rel=\"nofollow\" href=\"https:\/\/ladecimaweb.com\">LaDecima<\/a>.<\/p>\n","protected":false},"excerpt":{"rendered":"<p>En las \u00faltimas horas, un hombre de 51 a\u00f1os, chofer de un colectivo del transporte urbano, termin\u00f3 detenido luego de agredir con un golpe de pu\u00f1o a un taxista (25), en el marco de una discusi\u00f3n de tr\u00e1nsito originada en B\u00ba Gral. Paz. El hecho ocurri\u00f3 en Av. 24 de Septiembre esquina Roma, donde por [&hellip;]<\/p>\n","protected":false},"author":1,"featured_media":0,"comment_status":"closed","ping_status":"closed","sticky":false,"template":"","format":"standard","meta":[],"categories":[32],"tags":[],"_links":{"self":[{"href":"http:\/\/hoycordobaweb.com\/index.php\/wp-json\/wp\/v2\/posts\/88146"}],"collection":[{"href":"http:\/\/hoycordobaweb.com\/index.php\/wp-json\/wp\/v2\/posts"}],"about":[{"href":"http:\/\/hoycordobaweb.com\/index.php\/wp-json\/wp\/v2\/types\/post"}],"author":[{"embeddable":true,"href":"http:\/\/hoycordobaweb.com\/index.php\/wp-json\/wp\/v2\/users\/1"}],"replies":[{"embeddable":true,"href":"http:\/\/hoycordobaweb.com\/index.php\/wp-json\/wp\/v2\/comments?post=88146"}],"version-history":[{"count":0,"href":"http:\/\/hoycordobaweb.com\/index.php\/wp-json\/wp\/v2\/posts\/88146\/revisions"}],"wp:attachment":[{"href":"http:\/\/hoycordobaweb.com\/index.php\/wp-json\/wp\/v2\/media?parent=88146"}],"wp:term":[{"taxonomy":"category","embeddable":true,"href":"http:\/\/hoycordobaweb.com\/index.php\/wp-json\/wp\/v2\/categories?post=88146"},{"taxonomy":"post_tag","embeddable":true,"href":"http:\/\/hoycordobaweb.com\/index.php\/wp-json\/wp\/v2\/tags?post=88146"}],"curies":[{"name":"wp","href":"https:\/\/api.w.org\/{rel}","templated":true}]}}