{"id":8791,"date":"2020-12-30T21:56:15","date_gmt":"2020-12-30T21:56:15","guid":{"rendered":"http:\/\/hoycordobaweb.com\/index.php\/2020\/12\/30\/las-muertes-de-diego-maradona-alejandro-sabella-y-paolo-rossi-golpearon-al-futbol-mundial-el\/"},"modified":"2020-12-30T21:56:15","modified_gmt":"2020-12-30T21:56:15","slug":"las-muertes-de-diego-maradona-alejandro-sabella-y-paolo-rossi-golpearon-al-futbol-mundial-el","status":"publish","type":"post","link":"http:\/\/hoycordobaweb.com\/index.php\/2020\/12\/30\/las-muertes-de-diego-maradona-alejandro-sabella-y-paolo-rossi-golpearon-al-futbol-mundial-el\/","title":{"rendered":"Las muertes de Diego Maradona, Alejandro Sabella y Paolo Rossi golpearon al <b>f\u00fatbol<\/b> mundial el &#8230;"},"content":{"rendered":"<p>Se va el 2020 y en la hora de la reflexi\u00f3n y los balances, este ha sido uno de los a\u00f1os donde el <b>f\u00fatbol<\/b> ha sufrido sus golpes m\u00e1s duro. El VAR ha&nbsp;&#8230; <\/p>\n","protected":false},"excerpt":{"rendered":"<p>Se va el 2020 y en la hora de la reflexi\u00f3n y los balances, este ha sido uno de los a\u00f1os donde el f\u00fatbol ha sufrido sus golpes m\u00e1s duro. El VAR ha&nbsp;&#8230;<\/p>\n","protected":false},"author":1,"featured_media":0,"comment_status":"closed","ping_status":"closed","sticky":false,"template":"","format":"standard","meta":[],"categories":[22],"tags":[],"_links":{"self":[{"href":"http:\/\/hoycordobaweb.com\/index.php\/wp-json\/wp\/v2\/posts\/8791"}],"collection":[{"href":"http:\/\/hoycordobaweb.com\/index.php\/wp-json\/wp\/v2\/posts"}],"about":[{"href":"http:\/\/hoycordobaweb.com\/index.php\/wp-json\/wp\/v2\/types\/post"}],"author":[{"embeddable":true,"href":"http:\/\/hoycordobaweb.com\/index.php\/wp-json\/wp\/v2\/users\/1"}],"replies":[{"embeddable":true,"href":"http:\/\/hoycordobaweb.com\/index.php\/wp-json\/wp\/v2\/comments?post=8791"}],"version-history":[{"count":0,"href":"http:\/\/hoycordobaweb.com\/index.php\/wp-json\/wp\/v2\/posts\/8791\/revisions"}],"wp:attachment":[{"href":"http:\/\/hoycordobaweb.com\/index.php\/wp-json\/wp\/v2\/media?parent=8791"}],"wp:term":[{"taxonomy":"category","embeddable":true,"href":"http:\/\/hoycordobaweb.com\/index.php\/wp-json\/wp\/v2\/categories?post=8791"},{"taxonomy":"post_tag","embeddable":true,"href":"http:\/\/hoycordobaweb.com\/index.php\/wp-json\/wp\/v2\/tags?post=8791"}],"curies":[{"name":"wp","href":"https:\/\/api.w.org\/{rel}","templated":true}]}}