{"id":87877,"date":"2024-11-08T15:24:55","date_gmt":"2024-11-08T15:24:55","guid":{"rendered":"https:\/\/www.trendencias.com\/belleza\/recogido-antiedad-super-elegante-leonor-watling-que-luciremos-estas-fiestas"},"modified":"2024-11-08T15:24:55","modified_gmt":"2024-11-08T15:24:55","slug":"el-recogido-antiedad-y-super-elegante-de-leonor-watling-es-el-que-mas-luciremos-estas-fiestas","status":"publish","type":"post","link":"http:\/\/hoycordobaweb.com\/index.php\/2024\/11\/08\/el-recogido-antiedad-y-super-elegante-de-leonor-watling-es-el-que-mas-luciremos-estas-fiestas\/","title":{"rendered":"El recogido antiedad y s\u00faper elegante de Leonor Watling es el que m\u00e1s luciremos estas fiestas"},"content":{"rendered":"<p>Conseguir un resultado antiedad con la forma en la que nos peinamos, es m\u00e1s que posible. Como ejemplo perfecto tenemos <a class=\"text-outboundlink\" href=\"https:\/\/www.trendencias.com\/belleza\/elsa-pataky-apuesta-coleta-antiedad-que-rejuvenece-20-anos-dulcifica-facciones\" data-vars-post-title=\"Elsa Pataky apuesta por la coleta antiedad que rejuvenece hasta 20 a\u00f1os y dulcifica las facciones \" data-vars-post-url=\"https:\/\/www.trendencias.com\/belleza\/elsa-pataky-apuesta-coleta-antiedad-que-rejuvenece-20-anos-dulcifica-facciones\">la coleta rejuvenecedora de Elsa Pataky<\/a>, aunque en esta ocasi\u00f3n os traemos un peinado m\u00e1s cl\u00e1sico y elegante, menos desenfadado que una coleta <em>messy<\/em>. Ese peinado que siempre funciona y al que recurren much\u00edsimas celebrities para asistir a los eventos m\u00e1s importantes, es el <strong>mo\u00f1o bailarina<\/strong>.<\/p>\n<p><!-- BREAK 1 --> <\/p>\n<div class=\"article-asset article-asset-normal article-asset-center\">\n<div class=\"desvio-container\">\n<div class=\"desvio\">\n<div class=\"desvio-figure js-desvio-figure\"> <a href=\"https:\/\/www.trendencias.com\/sexo-y-relaciones\/eres-capaz-decir-estas-frases-cuando-te-hacen-dano-tienes-inteligencia-emocional-que-mayoria\" class=\"pivot-outboundlink\" data-vars-post-title=\"Si eres capaz de decir estas frases cuando te hacen da\u00f1o, tienes m\u00e1s inteligencia emocional que la mayor\u00eda\"> <img loading=\"lazy\" alt=\"Si eres capaz de decir estas frases cuando te hacen da\u00f1o, tienes m\u00e1s inteligencia emocional que la mayor\u00eda\" width=\"375\" height=\"142\" src=\"http:\/\/hoycordobaweb.com\/wp-content\/uploads\/2024\/11\/el-recogido-antiedad-y-super-elegante-de-leonor-watling-es-el-que-mas-luciremos-estas-fiestas.jpg\"> <\/a> <\/div><\/div><\/div>\n<\/div>\n<p>Concretamente, este recogido <strong>se caracteriza por ser muy favorecedor<\/strong>, por estilizar las facciones gracias a su efecto lifting y por aportar ese toque sofisticado dentro de su sencillez tan elegante. Si bien es uno de nuestros <a class=\"text-outboundlink\" href=\"https:\/\/www.trendencias.com\/belleza\/14-tendencias-peinados-para-triunfar-2023\" data-vars-post-title=\"26 tendencias en peinados para triunfar en el 2024\" data-vars-post-url=\"https:\/\/www.trendencias.com\/belleza\/14-tendencias-peinados-para-triunfar-2023\">peinados<\/a> favoritos, nunca viene mal recordar por qu\u00e9 lo amamos tanto y, en esta ocasi\u00f3n ha sido <strong>Leonor Watling <\/strong>quien nos ha refrescado lo bien que sienta este peinado.<\/p>\n<p><!-- BREAK 2 --><\/p>\n<div class=\"article-asset-image article-asset-normal article-asset-center\">\n<div class=\"asset-content\"> <img class=\"centro_sinmarco\" height=\"1280\" width=\"1920\" loading=\"lazy\" decoding=\"async\" sizes=\"100vw\" fetchpriority=\"high\" srcset=\"http:\/\/hoycordobaweb.com\/wp-content\/uploads\/2024\/11\/el-recogido-antiedad-y-super-elegante-de-leonor-watling-es-el-que-mas-luciremos-estas-fiestas-1.jpg 450w, http:\/\/hoycordobaweb.com\/wp-content\/uploads\/2024\/11\/el-recogido-antiedad-y-super-elegante-de-leonor-watling-es-el-que-mas-luciremos-estas-fiestas-4.jpg 681w, http:\/\/hoycordobaweb.com\/wp-content\/uploads\/2024\/11\/el-recogido-antiedad-y-super-elegante-de-leonor-watling-es-el-que-mas-luciremos-estas-fiestas-5.jpg 1024w, http:\/\/hoycordobaweb.com\/wp-content\/uploads\/2024\/11\/el-recogido-antiedad-y-super-elegante-de-leonor-watling-es-el-que-mas-luciremos-estas-fiestas-6.jpg 1366w\" src=\"http:\/\/hoycordobaweb.com\/wp-content\/uploads\/2024\/11\/el-recogido-antiedad-y-super-elegante-de-leonor-watling-es-el-que-mas-luciremos-estas-fiestas-1.jpg\" alt=\"Dl U568406 008\"> <noscript><img alt=\"Dl U568406 008\" class=\"centro_sinmarco\" src=\"http:\/\/hoycordobaweb.com\/wp-content\/uploads\/2024\/11\/el-recogido-antiedad-y-super-elegante-de-leonor-watling-es-el-que-mas-luciremos-estas-fiestas-1.jpg\"><\/noscript> <\/div>\n<\/div>\n<p>La actriz ha conseguido una imagen radiante, y ella ha elegido <strong>un recogido bailarina de altura media<\/strong> pero con un toque diferenciador, muy sutil pero que lo cambia todo. Bien sabemos que el mo\u00f1o bailarina destaca por tener un acabado pulido.&nbsp;<\/p>\n<p><!-- BREAK 3 --> <\/p>\n<p>Pues bien, en el caso de Leonor podemos apreciar como <strong>la zona de los laterales luce mucho m\u00e1s pulida y pegada a la cabeza <\/strong>que la parte superior, logrando as\u00ed de forma muy acertada un ligero volumen, ayudando en este caso a que su rostro redondo se vea ligeramente m\u00e1s alargado. Un efecto \u00f3ptico s\u00faper favorecedor.<\/p>\n<p><!-- BREAK 4 --><\/p>\n<div class=\"article-asset-image article-asset-normal article-asset-center\">\n<div class=\"asset-content\"> <img class=\"centro_sinmarco\" height=\"6000\" width=\"4000\" loading=\"lazy\" decoding=\"async\" sizes=\"100vw\" fetchpriority=\"high\" srcset=\"http:\/\/hoycordobaweb.com\/wp-content\/uploads\/2024\/11\/el-recogido-antiedad-y-super-elegante-de-leonor-watling-es-el-que-mas-luciremos-estas-fiestas-2.jpg 450w, http:\/\/hoycordobaweb.com\/wp-content\/uploads\/2024\/11\/el-recogido-antiedad-y-super-elegante-de-leonor-watling-es-el-que-mas-luciremos-estas-fiestas-7.jpg 681w, http:\/\/hoycordobaweb.com\/wp-content\/uploads\/2024\/11\/el-recogido-antiedad-y-super-elegante-de-leonor-watling-es-el-que-mas-luciremos-estas-fiestas-8.jpg 1024w, http:\/\/hoycordobaweb.com\/wp-content\/uploads\/2024\/11\/el-recogido-antiedad-y-super-elegante-de-leonor-watling-es-el-que-mas-luciremos-estas-fiestas-9.jpg 1366w\" src=\"http:\/\/hoycordobaweb.com\/wp-content\/uploads\/2024\/11\/el-recogido-antiedad-y-super-elegante-de-leonor-watling-es-el-que-mas-luciremos-estas-fiestas-2.jpg\" alt=\"Dl U568406 009\"> <noscript><img alt=\"Dl U568406 009\" class=\"centro_sinmarco\" src=\"http:\/\/hoycordobaweb.com\/wp-content\/uploads\/2024\/11\/el-recogido-antiedad-y-super-elegante-de-leonor-watling-es-el-que-mas-luciremos-estas-fiestas-2.jpg\"><\/noscript> <\/div>\n<\/div>\n<p>Adem\u00e1s, al tratarse de un peinado tirante<strong>, las facciones se definen y los p\u00f3mulos se realzan<\/strong>, al igual que la mirada. Aunque en este caso, tenemos que decir, que el resultado tan jovial y fresco que ha conseguido la cantante, no se debe solo al buen hacer de este peinado, sino a su perfecto maquillaje de acabado natural.<\/p>\n<p><!-- BREAK 5 --><\/p>\n<p>Fotos | Gtres, <a rel=\"noopener, noreferrer\" href=\"https:\/\/www.instagram.com\/leonorwatling\/?hl=es\">@leonorwatling<\/a><\/p>\n<p>En Trendencias | <a class=\"text-outboundlink\" href=\"https:\/\/www.trendencias.com\/belleza\/mejores-calendarios-adviento-belleza-maquillaje-donde-comprarlos\" data-vars-post-title=\"Comparamos los 31 calendarios de adviento de maquillaje y belleza m\u00e1s deseados de 2024. Ya sabemos cu\u00e1les son los que valen cada c\u00e9ntimo (y los que no)\" data-vars-post-url=\"https:\/\/www.trendencias.com\/belleza\/mejores-calendarios-adviento-belleza-maquillaje-donde-comprarlos\">Estos son los calendarios de adviento de belleza y maquillaje m\u00e1s completos y bonitos que puedes comprar en 2024<\/a><\/p>\n<p>En Trendencias | <a class=\"text-outboundlink\" href=\"https:\/\/www.trendencias.com\/belleza\/tendencias-colores-pelo-que-veremos-desearemos-2023\" data-vars-post-title=\"Tendencias en colores de pelo que m\u00e1s veremos y desearemos en el 2024\" data-vars-post-url=\"https:\/\/www.trendencias.com\/belleza\/tendencias-colores-pelo-que-veremos-desearemos-2023\">Tendencias en colores de pelo que m\u00e1s veremos y desearemos en el 2024<\/a><\/p>\n<p>En Trendencias | <a class=\"text-outboundlink\" href=\"https:\/\/www.trendencias.com\/belleza\/buzz-cut-nueve-ideas-para-llevarlo\" data-vars-post-title=\"Buzz cut: nueve ideas para llevarlo en 2024\" data-vars-post-url=\"https:\/\/www.trendencias.com\/belleza\/buzz-cut-nueve-ideas-para-llevarlo\">Buzz cut: nueve ideas para llevarlo en 2024<\/a><\/p>\n","protected":false},"excerpt":{"rendered":"<p>Conseguir un resultado antiedad con la forma en la que nos peinamos, es m\u00e1s que posible. Como ejemplo perfecto tenemos la coleta rejuvenecedora de Elsa Pataky, aunque en esta ocasi\u00f3n os traemos un peinado m\u00e1s cl\u00e1sico y elegante, menos desenfadado que una coleta messy. Ese peinado que siempre funciona y al que recurren much\u00edsimas celebrities [&hellip;]<\/p>\n","protected":false},"author":1,"featured_media":87878,"comment_status":"closed","ping_status":"closed","sticky":false,"template":"","format":"standard","meta":[],"categories":[],"tags":[],"_links":{"self":[{"href":"http:\/\/hoycordobaweb.com\/index.php\/wp-json\/wp\/v2\/posts\/87877"}],"collection":[{"href":"http:\/\/hoycordobaweb.com\/index.php\/wp-json\/wp\/v2\/posts"}],"about":[{"href":"http:\/\/hoycordobaweb.com\/index.php\/wp-json\/wp\/v2\/types\/post"}],"author":[{"embeddable":true,"href":"http:\/\/hoycordobaweb.com\/index.php\/wp-json\/wp\/v2\/users\/1"}],"replies":[{"embeddable":true,"href":"http:\/\/hoycordobaweb.com\/index.php\/wp-json\/wp\/v2\/comments?post=87877"}],"version-history":[{"count":0,"href":"http:\/\/hoycordobaweb.com\/index.php\/wp-json\/wp\/v2\/posts\/87877\/revisions"}],"wp:featuredmedia":[{"embeddable":true,"href":"http:\/\/hoycordobaweb.com\/index.php\/wp-json\/wp\/v2\/media\/87878"}],"wp:attachment":[{"href":"http:\/\/hoycordobaweb.com\/index.php\/wp-json\/wp\/v2\/media?parent=87877"}],"wp:term":[{"taxonomy":"category","embeddable":true,"href":"http:\/\/hoycordobaweb.com\/index.php\/wp-json\/wp\/v2\/categories?post=87877"},{"taxonomy":"post_tag","embeddable":true,"href":"http:\/\/hoycordobaweb.com\/index.php\/wp-json\/wp\/v2\/tags?post=87877"}],"curies":[{"name":"wp","href":"https:\/\/api.w.org\/{rel}","templated":true}]}}