{"id":87857,"date":"2024-11-08T01:17:05","date_gmt":"2024-11-08T01:17:05","guid":{"rendered":"https:\/\/www.ole.com.ar\/equipos\/san-lorenzo\/oficial-san-lorenzo-inhibido-fifa_0_YSFKKN6WaH.html"},"modified":"2024-11-08T01:17:05","modified_gmt":"2024-11-08T01:17:05","slug":"oficial-san-lorenzo-inhibido-por-la-fifa","status":"publish","type":"post","link":"http:\/\/hoycordobaweb.com\/index.php\/2024\/11\/08\/oficial-san-lorenzo-inhibido-por-la-fifa\/","title":{"rendered":"Oficial: San Lorenzo inhibido por la FIFA"},"content":{"rendered":"<p><img src=\"http:\/\/hoycordobaweb.com\/wp-content\/uploads\/2024\/11\/oficial-san-lorenzo-inhibido-por-la-fifa.jpg\"><\/p>\n<p><span class=\"createDate\">07\/11\/2024 22:17hs.<\/span><time class=\"modificatedDate\" datetime=\"2024-11-07T22:31:53-03:00\"> Actualizado al 07\/11\/2024 22:31hs.<\/time><\/p>\n<div id=\"storyBody\">\n<div class=\"custom-text \" readability=\"34.875\">\n<p><strong>La FIFA inform\u00f3 en su sitio web que <a href=\"https:\/\/www.ole.com.ar\/tema\/san-lorenzo.html\" title=\"San Lorenzo\" alt=\"San Lorenzo\" class=\"slug\">San Lorenzo<\/a> est\u00e1 inhibido para incorporar jugadores por los pr\u00f3ximos tres mercados de pases.<\/strong> La prohibici\u00f3n est\u00e1 vigente desde este mi\u00e9rcoles 6 de noviembre. Mientras rija esta situaci\u00f3n legal, el club de Boedo no podr\u00e1 generar altas en el plantel profesional masculino (se hace la aclaraci\u00f3n desde Zurich).<\/p>\n<\/div>\n<div class=\"custom-text \" readability=\"37.56880733945\">\n<p>De todas maneras, esto tiene un contexto: el Cicl\u00f3n no es el primer club que cae en esta prohibici\u00f3n. <strong>Una vez que se cancelan las deudas, que pueden ser con otros clubes o con futbolistas, la FIFA levanta la veda.<\/strong> <strong>De hecho, ya le pas\u00f3 en la actual <a href=\"https:\/\/www.ole.com.ar\/tema\/liga-profesional.html\" title=\"Liga Profesional\" alt=\"Liga Profesional\" class=\"slug\">Liga Profesional<\/a>:<\/strong> no puso utilizar sus refuerzos en las primeras tres fechas del campeonato. Tambi\u00e9n le pas\u00f3 algo as\u00ed a Independiente: estuvo cuatro partidos sin sus incorporaciones.<\/p>\n<\/div>\n<div class=\"custom-text \" readability=\"41\">\n<p>Por supuesto, todo depende del monto de las deudas por las que fue inhibido San Lorenzo, porque la FIFA no aclara qui\u00e9nes son los acreedores y cu\u00e1nto dinero reclaman. Adem\u00e1s, la dirigencia, al mando del presidente Marcelo Moretti, tiene tiempo para abonar los montos reclamados, porque el pr\u00f3ximo torneo argentino arrancar\u00e1 a fin de enero o principio de febrero.<\/p>\n<\/div>\n<div class=\"custom-text \" readability=\"39\">\n<p>El pago al acreedor no es el \u00fanico camino para levantar la inhibici\u00f3n. Tambi\u00e9n, se puede firmar un convenio con el club o futbolista que reclama el dinero, con un nuevo plan de pago. Entonces, si la FIFA recibe esa documentaci\u00f3n con la conformidad de la otra parte, tambi\u00e9n autoriza las altas de los nuevos refuerzos.<\/p>\n<\/div>\n<div class=\"sc-e7b891c4-0 ifHnQL image-embed\"><img alt=\"Marcelo Moretti, presidente de San Lorenzo\" loading=\"lazy\" width=\"720\" height=\"100\" decoding=\"async\" data-nimg=\"1\" src=\"http:\/\/hoycordobaweb.com\/wp-content\/uploads\/2024\/11\/oficial-san-lorenzo-inhibido-por-la-fifa-2.jpg\"><span class=\"epigraphe\">Marcelo Moretti, presidente de San Lorenzo<\/span><\/div>\n<div class=\"sc-a7166897-0 eoLsBE\" readability=\"6\">\n<section readability=\"2\"><picture><img alt=\"San Lorenzo: una baja sensible y dos jugadores en alerta\" loading=\"lazy\" width=\"290\" height=\"290\" decoding=\"async\" data-nimg=\"1\" src=\"http:\/\/hoycordobaweb.com\/wp-content\/uploads\/2024\/11\/oficial-san-lorenzo-inhibido-por-la-fifa-3.jpg\"><\/picture>\n<p><span>Mir\u00e1 tambi\u00e9n<\/span><\/p>\n<hr>\n<h3>San Lorenzo: una baja sensible y dos jugadores en alerta<\/h3>\n<\/p>\n<\/section>\n<\/div>\n<div class=\"sc-a7166897-0 eoLsBE\" readability=\"6\">\n<section readability=\"2\"><picture><img alt=\"La tabla de la Liga Profesional: Talleres cay\u00f3 y respiran V\u00e9lez y Hurac\u00e1n\" loading=\"lazy\" width=\"290\" height=\"290\" decoding=\"async\" data-nimg=\"1\" src=\"http:\/\/hoycordobaweb.com\/wp-content\/uploads\/2024\/11\/oficial-san-lorenzo-inhibido-por-la-fifa-4.jpg\"><\/picture>\n<p><span>Mir\u00e1 tambi\u00e9n<\/span><\/p>\n<hr>\n<h3>La tabla de la Liga Profesional: Talleres cay\u00f3 y respiran V\u00e9lez y Hurac\u00e1n<\/h3>\n<\/p>\n<\/section>\n<\/div>\n<\/div>\n","protected":false},"excerpt":{"rendered":"<p>07\/11\/2024 22:17hs. Actualizado al 07\/11\/2024 22:31hs. La FIFA inform\u00f3 en su sitio web que San Lorenzo est\u00e1 inhibido para incorporar jugadores por los pr\u00f3ximos tres mercados de pases. La prohibici\u00f3n est\u00e1 vigente desde este mi\u00e9rcoles 6 de noviembre. Mientras rija esta situaci\u00f3n legal, el club de Boedo no podr\u00e1 generar altas en el plantel profesional [&hellip;]<\/p>\n","protected":false},"author":1,"featured_media":87858,"comment_status":"open","ping_status":"closed","sticky":false,"template":"","format":"standard","meta":[],"categories":[16],"tags":[],"_links":{"self":[{"href":"http:\/\/hoycordobaweb.com\/index.php\/wp-json\/wp\/v2\/posts\/87857"}],"collection":[{"href":"http:\/\/hoycordobaweb.com\/index.php\/wp-json\/wp\/v2\/posts"}],"about":[{"href":"http:\/\/hoycordobaweb.com\/index.php\/wp-json\/wp\/v2\/types\/post"}],"author":[{"embeddable":true,"href":"http:\/\/hoycordobaweb.com\/index.php\/wp-json\/wp\/v2\/users\/1"}],"replies":[{"embeddable":true,"href":"http:\/\/hoycordobaweb.com\/index.php\/wp-json\/wp\/v2\/comments?post=87857"}],"version-history":[{"count":0,"href":"http:\/\/hoycordobaweb.com\/index.php\/wp-json\/wp\/v2\/posts\/87857\/revisions"}],"wp:featuredmedia":[{"embeddable":true,"href":"http:\/\/hoycordobaweb.com\/index.php\/wp-json\/wp\/v2\/media\/87858"}],"wp:attachment":[{"href":"http:\/\/hoycordobaweb.com\/index.php\/wp-json\/wp\/v2\/media?parent=87857"}],"wp:term":[{"taxonomy":"category","embeddable":true,"href":"http:\/\/hoycordobaweb.com\/index.php\/wp-json\/wp\/v2\/categories?post=87857"},{"taxonomy":"post_tag","embeddable":true,"href":"http:\/\/hoycordobaweb.com\/index.php\/wp-json\/wp\/v2\/tags?post=87857"}],"curies":[{"name":"wp","href":"https:\/\/api.w.org\/{rel}","templated":true}]}}