{"id":87670,"date":"2024-11-05T22:27:19","date_gmt":"2024-11-05T22:27:19","guid":{"rendered":"https:\/\/www.ole.com.ar\/internacional\/eliminatorias\/paraguay-lista-convocados-gustavo-alfaro-argentina-eliminatorias-fecha-fifa_0_tWDwM4YaLz.html"},"modified":"2024-11-05T22:27:19","modified_gmt":"2024-11-05T22:27:19","slug":"paraguay-con-6-del-futbol-argentino-y-sin-bareiro-la-lista-de-alfaro-para-enfrentar-a-la-seleccion","status":"publish","type":"post","link":"http:\/\/hoycordobaweb.com\/index.php\/2024\/11\/05\/paraguay-con-6-del-futbol-argentino-y-sin-bareiro-la-lista-de-alfaro-para-enfrentar-a-la-seleccion\/","title":{"rendered":"Paraguay: con 6 del f\u00fatbol argentino y sin Bareiro, la lista de Alfaro para enfrentar a la Selecci\u00f3n"},"content":{"rendered":"<p><img src=\"http:\/\/hoycordobaweb.com\/wp-content\/uploads\/2024\/11\/paraguay-con-6-del-futbol-argentino-y-sin-bareiro-la-lista-de-alfaro-para-enfrentar-a-la-seleccion.jpg\"><\/p>\n<p><time class=\"createDate\" datetime=\"2024-11-05T19:27:19-03:00\">05\/11\/2024 19:27hs.<\/time><\/p>\n<div id=\"storyBody\">\n<div class=\"custom-text \" readability=\"36.136363636364\">\n<p>Si hay una selecci\u00f3n que enfrenta una dura doble fecha FIFA, esa es <a href=\"https:\/\/www.ole.com.ar\/tema\/seleccion-de-paraguay.html\" title=\"Selecci\u00f3n de Paraguay\" alt=\"Selecci\u00f3n de Paraguay\" class=\"slug\">Paraguay<\/a>. Los dirigidos por <strong><a href=\"https:\/\/www.ole.com.ar\/tema\/gustavo-alfaro.html\" title=\"Gustavo Alfaro\" alt=\"Gustavo Alfaro\" class=\"slug\">Gustavo Alfaro<\/a><\/strong> no solo recibir\u00e1n a la <a href=\"https:\/\/www.ole.com.ar\/tema\/seleccion-argentina.html\" title=\"Selecci\u00f3n Argentina\" alt=\"Selecci\u00f3n Argentina\" class=\"slug\">Selecci\u00f3n Argentina <\/a>en el Defensores del Chaco, sino que luego deber\u00e1n viajar a El Alto para enfrentarse a la siempre complicada Bolivia. Con estos compromisos en mente, <strong>el ex director t\u00e9cnico de Boca present\u00f3 la lista de convocados<\/strong> que buscar\u00e1n sumar la mayor cantidad de puntos posible para seguir so\u00f1ando con la clasificaci\u00f3n al Mundial 2026. <strong>Entre los nombres, se destaca la presencia de seis jugadores del f\u00fatbol argentino.<\/strong><\/p>\n<\/div>\n<div class=\"custom-text \" readability=\"36\">\n<p>Gustavo Alfaro se ilusiona con cambiar el rumbo de Paraguay en las Eliminatorias, y argumentos no faltan para creer que se puede lograr. El empate contra Uruguay sirvi\u00f3 de impulso an\u00edmico para luego plantarle cara a Brasil y sumar tres puntos important\u00edsimos de cara al trayecto que resta hacia la clasificaci\u00f3n al Mundial 2026. <\/p>\n<\/div>\n<div class=\"custom-text \" readability=\"42\">\n<p>As\u00ed, pr\u00f3ximo al encuentro del jueves 14 de noviembre frente a Argentina, donde la Albirroja ser\u00e1 local en Asunci\u00f3n, se dio a conocer la lista <strong>con seis representantes del f\u00fatbol argentino:<\/strong> Sa\u00fal Salcedo (Newell&#8217;s), Gustavo Vel\u00e1zquez (Newell&#8217;s), Agust\u00edn S\u00e1ndez (Rosario Central), Juan C\u00e1ceres (Lan\u00fas), Santiago Arzamendia (Estudiantes) y Mat\u00edas Galarza (Talleres).<\/p>\n<\/div>\n<p><h2><strong>Bareiro y una nueva ausencia<\/strong><\/h2>\n<\/p>\n<div class=\"sc-e7b891c4-0 ifHnQL image-embed\"><img alt=\"El jugador de River tampoco hab\u00eda sido convocado en la anterior fecha FIFA (AP Photo\/Gustavo Garello)\" loading=\"lazy\" width=\"720\" height=\"100\" decoding=\"async\" data-nimg=\"1\" src=\"http:\/\/hoycordobaweb.com\/wp-content\/uploads\/2024\/11\/paraguay-con-6-del-futbol-argentino-y-sin-bareiro-la-lista-de-alfaro-para-enfrentar-a-la-seleccion-2.jpg\"><span class=\"epigraphe\">El jugador de River tampoco hab\u00eda sido convocado en la anterior fecha FIFA (AP Photo\/Gustavo Garello)<\/span><\/div>\n<div class=\"custom-text \" readability=\"38\">\n<p>Su complicado presente en River pareciera cerrarle cada vez m\u00e1s la puerta de la selecci\u00f3n al exjugador de San Lorenzo, quien a\u00fan no ha logrado convertir desde su llegada al equipo de Marcelo Gallardo. El dato m\u00e1s preocupante es que, <strong>en 13 partidos disputados, apenas logr\u00f3 un tiro al arco<\/strong> y lleva m\u00e1s de cinco meses y medio sin marcar&#8230;<\/p>\n<\/div>\n<p><h2><strong>Los convocados de Paraguay <\/strong><\/h2>\n<\/p>\n<div class=\"custom-text \">\n<ul>\n<li>Roberto Fern\u00e1ndez (Botafogo), <\/li>\n<li>Carlos Coronel (New York Red Bulls)<\/li>\n<li>Juan Esp\u00ednola (Belgrano).<\/li>\n<\/ul>\n<\/div>\n<div class=\"custom-text \">\n<p><strong>Defensores:<\/strong> <\/p>\n<\/div>\n<div class=\"custom-text \">\n<ul>\n<li>Fabi\u00e1n Balbuena (Dinamo Mosc\u00fa)<\/li>\n<li>Gustavo G\u00f3mez (Palmeiras)<\/li>\n<li>Omar Alderete (Getafe)<\/li>\n<li>Junior Alonso (Atl\u00e9tico Mineiro)<\/li>\n<li><strong>Gustavo Vel\u00e1zquez (Newell\u2019s)<\/strong><\/li>\n<li><strong>Sa\u00fal Salcedo (Newell\u2019s)<\/strong><\/li>\n<li><strong>Agust\u00edn S\u00e1ndez (Rosario Central)<\/strong><\/li>\n<li><strong>Santiago Arzamendia (Estudiantes de La Plata)<\/strong><\/li>\n<li><strong>Juan C\u00e1ceres (Lan\u00fas)<\/strong><\/li>\n<\/ul>\n<\/div>\n<div class=\"custom-text \">\n<p><strong>Mediocampistas:<\/strong><\/p>\n<\/div>\n<div class=\"custom-text \">\n<ul>\n<li><strong>Mat\u00edas Galarza (Talleres de C\u00f3rdoba)<\/strong><\/li>\n<li>Andr\u00e9s Cubas (Vancouver Whitecaps)<\/li>\n<li>Math\u00edas Villasanti (Gr\u00e9mio)<\/li>\n<li>Dami\u00e1n Bobadilla (Sao Paulo)<\/li>\n<li>Diego G\u00f3mez (Inter Miami)<\/li>\n<li>Alejandro Romero Gamarra (Al Ain)<\/li>\n<li>Ram\u00f3n Sosa (Nottingham Forest)<\/li>\n<li>Miguel Almir\u00f3n (Newcastle)<\/li>\n<\/ul>\n<\/div>\n<div class=\"custom-text \">\n<p><strong>Delanteros:<\/strong><\/p>\n<\/div>\n<div class=\"custom-text \">\n<ul>\n<li>Julio Enciso (Brighton)<\/li>\n<li>\u00c1ngel Romero (Corinthians)<\/li>\n<li>Alfio Oviedo (Bol\u00edvar)<\/li>\n<li>Antonio Sanabria (Torino)<\/li>\n<li>Alex Arce (Liga de Quito)<\/li>\n<li>Isidro Pitta (Cuiab\u00e1)<\/li>\n<\/ul>\n<\/div>\n<p><h2><strong>\u00bfC\u00f3mo est\u00e1 Paraguay en las Eliminatorias?<\/strong><\/h2>\n<\/p>\n<div class=\"custom-text \" readability=\"42\">\n<p>Actualmente<strong> la Albirroja est\u00e1 sexta, muy cerca de la zona de repechaje<\/strong> con 13 puntos, nueve menos que Argentina, su rival en esta doble jornada. El seleccionado guaran\u00ed tiene peor diferencia que Ecuador (quinto), y esta a tres de Brasil y Uruguay. Por otro lado, supera por un punto a Bolivia y por dos a Venezuela, que se encuentran en la s\u00e9ptima y octava posici\u00f3n, respectivamente.<\/p>\n<\/div>\n<p><h2><strong> \u00bfCu\u00e1ndo es el partido contra Argentina?<\/strong><\/h2>\n<\/p>\n<div class=\"custom-text \" readability=\"34\">\n<p><strong>Paraguay<\/strong> enfrentar\u00e1 a <strong>Argentina<\/strong> por la <strong>fecha 11<\/strong> de las <strong>Eliminatorias Sudamericanas<\/strong> el jueves 14 de noviembre a las <strong>20.30<\/strong> (hora de Argentina), en Asunci\u00f3n.<\/p>\n<\/div>\n<div class=\"sc-a7166897-0 eoLsBE\" readability=\"7\">\n<section readability=\"4\"><picture><img alt=\"Selecci\u00f3n: la lista para las Eliminatorias, con Messi y las vueltas de Dibu Mart\u00ednez y Garnacho\" loading=\"lazy\" width=\"290\" height=\"290\" decoding=\"async\" data-nimg=\"1\" src=\"http:\/\/hoycordobaweb.com\/wp-content\/uploads\/2024\/11\/paraguay-con-6-del-futbol-argentino-y-sin-bareiro-la-lista-de-alfaro-para-enfrentar-a-la-seleccion-3.jpg\"><\/picture>\n<p><span>Mir\u00e1 tambi\u00e9n<\/span><\/p>\n<hr>\n<h3>Selecci\u00f3n: la lista para las Eliminatorias, con Messi y las vueltas de Dibu Mart\u00ednez y Garnacho<\/h3>\n<\/p>\n<\/section>\n<\/div>\n<div class=\"sc-a7166897-0 eoLsBE\" readability=\"6\">\n<section readability=\"2\"><picture><img alt=\"Las tres grandes ausencias en la lista de la Selecci\u00f3n\" loading=\"lazy\" width=\"290\" height=\"290\" decoding=\"async\" data-nimg=\"1\" src=\"http:\/\/hoycordobaweb.com\/wp-content\/uploads\/2024\/11\/paraguay-con-6-del-futbol-argentino-y-sin-bareiro-la-lista-de-alfaro-para-enfrentar-a-la-seleccion-4.jpg\"><\/picture>\n<p><span>Mir\u00e1 tambi\u00e9n<\/span><\/p>\n<hr>\n<h3>Las tres grandes ausencias en la lista de la Selecci\u00f3n<\/h3>\n<\/p>\n<\/section>\n<\/div>\n<div class=\"sc-a7166897-0 eoLsBE\" readability=\"6\">\n<section readability=\"2\"><picture><img alt=\"El uno por uno de los argentinos en la Champions League\" loading=\"lazy\" width=\"290\" height=\"290\" decoding=\"async\" data-nimg=\"1\" src=\"http:\/\/hoycordobaweb.com\/wp-content\/uploads\/2024\/11\/paraguay-con-6-del-futbol-argentino-y-sin-bareiro-la-lista-de-alfaro-para-enfrentar-a-la-seleccion-5.jpg\"><\/picture>\n<p><span>Mir\u00e1 tambi\u00e9n<\/span><\/p>\n<hr>\n<h3>El uno por uno de los argentinos en la Champions League<\/h3>\n<\/p>\n<\/section>\n<\/div>\n<\/div>\n","protected":false},"excerpt":{"rendered":"<p>05\/11\/2024 19:27hs. Si hay una selecci\u00f3n que enfrenta una dura doble fecha FIFA, esa es Paraguay. Los dirigidos por Gustavo Alfaro no solo recibir\u00e1n a la Selecci\u00f3n Argentina en el Defensores del Chaco, sino que luego deber\u00e1n viajar a El Alto para enfrentarse a la siempre complicada Bolivia. Con estos compromisos en mente, el ex [&hellip;]<\/p>\n","protected":false},"author":1,"featured_media":87671,"comment_status":"open","ping_status":"closed","sticky":false,"template":"","format":"standard","meta":[],"categories":[16],"tags":[],"_links":{"self":[{"href":"http:\/\/hoycordobaweb.com\/index.php\/wp-json\/wp\/v2\/posts\/87670"}],"collection":[{"href":"http:\/\/hoycordobaweb.com\/index.php\/wp-json\/wp\/v2\/posts"}],"about":[{"href":"http:\/\/hoycordobaweb.com\/index.php\/wp-json\/wp\/v2\/types\/post"}],"author":[{"embeddable":true,"href":"http:\/\/hoycordobaweb.com\/index.php\/wp-json\/wp\/v2\/users\/1"}],"replies":[{"embeddable":true,"href":"http:\/\/hoycordobaweb.com\/index.php\/wp-json\/wp\/v2\/comments?post=87670"}],"version-history":[{"count":0,"href":"http:\/\/hoycordobaweb.com\/index.php\/wp-json\/wp\/v2\/posts\/87670\/revisions"}],"wp:featuredmedia":[{"embeddable":true,"href":"http:\/\/hoycordobaweb.com\/index.php\/wp-json\/wp\/v2\/media\/87671"}],"wp:attachment":[{"href":"http:\/\/hoycordobaweb.com\/index.php\/wp-json\/wp\/v2\/media?parent=87670"}],"wp:term":[{"taxonomy":"category","embeddable":true,"href":"http:\/\/hoycordobaweb.com\/index.php\/wp-json\/wp\/v2\/categories?post=87670"},{"taxonomy":"post_tag","embeddable":true,"href":"http:\/\/hoycordobaweb.com\/index.php\/wp-json\/wp\/v2\/tags?post=87670"}],"curies":[{"name":"wp","href":"https:\/\/api.w.org\/{rel}","templated":true}]}}