{"id":87666,"date":"2024-11-05T23:32:40","date_gmt":"2024-11-05T23:32:40","guid":{"rendered":"https:\/\/www.ole.com.ar\/futbol-de-primera\/video-planchazo-irala-corto-cabeza-mansilla-estudiantes_0_naiwOuJ02d.html"},"modified":"2024-11-05T23:32:40","modified_gmt":"2024-11-05T23:32:40","slug":"video-el-planchazo-de-irala-que-le-corto-la-cabeza-a-mansilla","status":"publish","type":"post","link":"http:\/\/hoycordobaweb.com\/index.php\/2024\/11\/05\/video-el-planchazo-de-irala-que-le-corto-la-cabeza-a-mansilla\/","title":{"rendered":"Video: el planchazo de Irala que le cort\u00f3 la cabeza a Mansilla"},"content":{"rendered":"<p><img src=\"http:\/\/hoycordobaweb.com\/wp-content\/uploads\/2024\/11\/video-el-planchazo-de-irala-que-le-corto-la-cabeza-a-mansilla.jpg\"><\/p>\n<p><span class=\"createDate\">05\/11\/2024 20:32hs.<\/span><time class=\"modificatedDate\" datetime=\"2024-11-05T20:37:22-03:00\"> Actualizado al 05\/11\/2024 20:37hs.<\/time><\/p>\n<div id=\"storyBody\">\n<div class=\"custom-text \" readability=\"33.749354005168\">\n<p>\u00bfQu\u00e9 le pas\u00f3 a <a href=\"https:\/\/www.ole.com.ar\/tema\/elian-irala.html\" title=\"Eli\u00e1n Irala\" alt=\"Eli\u00e1n Irala\" class=\"slug\">Eli\u00e1n Irala<\/a>? Nadie pod\u00eda responderse la pregunta en el Gas\u00f3metro. El volante de <a href=\"https:\/\/www.ole.com.ar\/tema\/san-lorenzo.html\" title=\"San Lorenzo\" alt=\"San Lorenzo\" class=\"slug\">San Lorenzo<\/a> fue a disputar la pelota con absoluta temeridad y<strong> con riesgo f\u00edsico sobre el arquero de <a href=\"https:\/\/www.ole.com.ar\/tema\/estudiantes-de-la-plata.html\" title=\"Estudiantes de La Plata\" alt=\"Estudiantes de La Plata\" class=\"slug\">Estudiantes<\/a>, Mat\u00edas Mansilla:<\/strong> le dio con la plancha del pie izquierdo en la cabeza. El uno de Estudiantes sinti\u00f3 <strong>un fuerte impacto y perdi\u00f3 sangre, al punto de mancharse la camiseta.<\/strong><\/p>\n<\/div>\n<div class=\"custom-text \" readability=\"37\">\n<p>Inicialmente, el refer\u00ed Leandro Rey Hilfer amonest\u00f3 al infractor, pero fue convocado por el VAR. Ya frente al monitor, <strong>se tom\u00f3 m\u00e1s tiempo del que parec\u00eda necesario para convencerse de que se trataba de una expulsi\u00f3n. <\/strong><\/p>\n<\/div>\n<div class=\"custom-text \" readability=\"34\">\n<p>El juez central anul\u00f3 la amarilla y le mostr\u00f3 roja directa a Irala, que ensay\u00f3 una protesta que \u00e9l mismo sab\u00eda que no ten\u00eda sentido.<\/p>\n<\/div>\n<p><h2><strong>Mir\u00e1 el video<\/strong><\/h2>\n<\/p>\n<div type=\"embed\" class=\"sc-3f46f5ae-0 djVTgz\">\n<div class=\"sc-3f46f5ae-1 fTjZec videoText\" id=\"contentTitleembedSMGRS7M1\" type=\"embed\"><svg fill=\"#ffffff\"><symbol id=\"play\" viewBox=\"0 0 512 512\"><path d=\"M512 256C512 397.4 397.4 512 256 512C114.6 512 0 397.4 0 256C0 114.6 114.6 0 256 0C397.4 0 512 114.6 512 256zM176 168V344C176 352.7 180.7 360.7 188.3 364.9C195.8 369.2 205.1 369 212.5 364.5L356.5 276.5C363.6 272.1 368 264.4 368 256C368 247.6 363.6 239.9 356.5 235.5L212.5 147.5C205.1 142.1 195.8 142.8 188.3 147.1C180.7 151.3 176 159.3 176 168V168z\" \/><\/symbol><use xlink:href=\"#play\" \/><\/svg><\/p>\n<div class=\"right\">\n<p>San Lorenzo<!-- --> &#8211;<!-- --> <span>&nbsp;<\/span><\/p>\n<h2 class=\"title-vid\">La expulsi\u00f3n de Irala en San Lorenzo<\/h2>\n<\/div>\n<\/div>\n<p><span class=\"back\" id=\"spanBackembedSMGRS7M1\"><\/span><\/div>\n<div class=\"custom-text \" readability=\"36\">\n<p>Para Irala (20 a\u00f1os) fue la segunda expulsi\u00f3n en 54 partidos con el Cicl\u00f3n. La anterior, en febrero de este a\u00f1o, fue una doble amarilla frente a Uni\u00f3n en Santa Fe. No es un futbolista que tenga antecedentes de jugar con exceso de violencia. Por eso result\u00f3 especialmente extra\u00f1a su jugada.<\/p>\n<\/div>\n<div class=\"sc-e7b891c4-0 ifHnQL image-embed\"><img alt=\"Miguel Russo durante el partido de San Lorenzo ante Estudiantes.\" loading=\"lazy\" width=\"720\" height=\"100\" decoding=\"async\" data-nimg=\"1\" src=\"http:\/\/hoycordobaweb.com\/wp-content\/uploads\/2024\/11\/video-el-planchazo-de-irala-que-le-corto-la-cabeza-a-mansilla-2.jpg\"><span class=\"epigraphe\">Miguel Russo durante el partido de San Lorenzo ante Estudiantes.<\/span><\/div>\n<div class=\"sc-a7166897-0 eoLsBE\" readability=\"6\">\n<section readability=\"2\"><picture><img alt=\"Pol\u00e9mica en el VAR y expulsi\u00f3n para Irala\" loading=\"lazy\" width=\"290\" height=\"290\" decoding=\"async\" data-nimg=\"1\" src=\"http:\/\/hoycordobaweb.com\/wp-content\/uploads\/2024\/11\/video-el-planchazo-de-irala-que-le-corto-la-cabeza-a-mansilla-3.jpg\"><\/picture>\n<p><span>Mir\u00e1 tambi\u00e9n<\/span><\/p>\n<hr>\n<h3>Pol\u00e9mica en el VAR y expulsi\u00f3n para Irala<\/h3>\n<\/p>\n<\/section>\n<\/div>\n<div class=\"sc-a7166897-0 eoLsBE\" readability=\"6\">\n<section readability=\"2\"><picture><img alt=\"Video: la corrida de Cerutti y el gol de Leguizam\u00f3n para San Lorenzo\" loading=\"lazy\" width=\"290\" height=\"290\" decoding=\"async\" data-nimg=\"1\" src=\"http:\/\/hoycordobaweb.com\/wp-content\/uploads\/2024\/11\/video-el-planchazo-de-irala-que-le-corto-la-cabeza-a-mansilla-4.jpg\"><\/picture>\n<p><span>Mir\u00e1 tambi\u00e9n<\/span><\/p>\n<hr>\n<h3>Video: la corrida de Cerutti y el gol de Leguizam\u00f3n para San Lorenzo<\/h3>\n<\/p>\n<\/section>\n<\/div>\n<div class=\"sc-a7166897-0 eoLsBE\" readability=\"6\">\n<section readability=\"2\"><picture><img alt=\"Los \u00e1rbitros de la fecha 22: Lobo Medina con el puntero\" loading=\"lazy\" width=\"290\" height=\"290\" decoding=\"async\" data-nimg=\"1\" src=\"http:\/\/hoycordobaweb.com\/wp-content\/uploads\/2024\/11\/video-el-planchazo-de-irala-que-le-corto-la-cabeza-a-mansilla-5.jpg\"><\/picture>\n<p><span>Mir\u00e1 tambi\u00e9n<\/span><\/p>\n<hr>\n<h3>Los \u00e1rbitros de la fecha 22: Lobo Medina con el puntero<\/h3>\n<\/p>\n<\/section>\n<\/div>\n<div class=\"sc-a7166897-0 eoLsBE\" readability=\"6\">\n<section readability=\"2\"><picture><img alt=\"La decisi\u00f3n de AFA para postergar River-San Lorenzo: \u00bfcu\u00e1ndo y d\u00f3nde se juega?\" loading=\"lazy\" width=\"290\" height=\"290\" decoding=\"async\" data-nimg=\"1\" src=\"http:\/\/hoycordobaweb.com\/wp-content\/uploads\/2024\/11\/video-el-planchazo-de-irala-que-le-corto-la-cabeza-a-mansilla-6.jpg\"><\/picture>\n<p><span>Mir\u00e1 tambi\u00e9n<\/span><\/p>\n<hr>\n<h3>La decisi\u00f3n de AFA para postergar River-San Lorenzo: \u00bfcu\u00e1ndo y d\u00f3nde se juega?<\/h3>\n<\/p>\n<\/section>\n<\/div>\n<\/div>\n","protected":false},"excerpt":{"rendered":"<p>05\/11\/2024 20:32hs. Actualizado al 05\/11\/2024 20:37hs. \u00bfQu\u00e9 le pas\u00f3 a Eli\u00e1n Irala? Nadie pod\u00eda responderse la pregunta en el Gas\u00f3metro. El volante de San Lorenzo fue a disputar la pelota con absoluta temeridad y con riesgo f\u00edsico sobre el arquero de Estudiantes, Mat\u00edas Mansilla: le dio con la plancha del pie izquierdo en la cabeza. [&hellip;]<\/p>\n","protected":false},"author":1,"featured_media":87667,"comment_status":"open","ping_status":"closed","sticky":false,"template":"","format":"standard","meta":[],"categories":[16],"tags":[],"_links":{"self":[{"href":"http:\/\/hoycordobaweb.com\/index.php\/wp-json\/wp\/v2\/posts\/87666"}],"collection":[{"href":"http:\/\/hoycordobaweb.com\/index.php\/wp-json\/wp\/v2\/posts"}],"about":[{"href":"http:\/\/hoycordobaweb.com\/index.php\/wp-json\/wp\/v2\/types\/post"}],"author":[{"embeddable":true,"href":"http:\/\/hoycordobaweb.com\/index.php\/wp-json\/wp\/v2\/users\/1"}],"replies":[{"embeddable":true,"href":"http:\/\/hoycordobaweb.com\/index.php\/wp-json\/wp\/v2\/comments?post=87666"}],"version-history":[{"count":0,"href":"http:\/\/hoycordobaweb.com\/index.php\/wp-json\/wp\/v2\/posts\/87666\/revisions"}],"wp:featuredmedia":[{"embeddable":true,"href":"http:\/\/hoycordobaweb.com\/index.php\/wp-json\/wp\/v2\/media\/87667"}],"wp:attachment":[{"href":"http:\/\/hoycordobaweb.com\/index.php\/wp-json\/wp\/v2\/media?parent=87666"}],"wp:term":[{"taxonomy":"category","embeddable":true,"href":"http:\/\/hoycordobaweb.com\/index.php\/wp-json\/wp\/v2\/categories?post=87666"},{"taxonomy":"post_tag","embeddable":true,"href":"http:\/\/hoycordobaweb.com\/index.php\/wp-json\/wp\/v2\/tags?post=87666"}],"curies":[{"name":"wp","href":"https:\/\/api.w.org\/{rel}","templated":true}]}}