{"id":87574,"date":"2024-11-04T22:29:28","date_gmt":"2024-11-04T22:29:28","guid":{"rendered":"https:\/\/www.ole.com.ar\/internacional\/real-madrid-milan-reencuentro-historicos-champions-league-campeones_0_Y3uyNoJosc.html"},"modified":"2024-11-04T22:29:28","modified_gmt":"2024-11-04T22:29:28","slug":"real-madrid-vs-milan-el-reencuentro-de-dos-historicos-en-la-champions","status":"publish","type":"post","link":"http:\/\/hoycordobaweb.com\/index.php\/2024\/11\/04\/real-madrid-vs-milan-el-reencuentro-de-dos-historicos-en-la-champions\/","title":{"rendered":"Real Madrid vs. Milan, el reencuentro de dos hist\u00f3ricos en la Champions"},"content":{"rendered":"<p><img src=\"http:\/\/hoycordobaweb.com\/wp-content\/uploads\/2024\/11\/real-madrid-vs-milan-el-reencuentro-de-dos-historicos-en-la-champions.jpg\"><\/p>\n<p><time class=\"createDate\" datetime=\"2024-11-04T19:29:28-03:00\">04\/11\/2024 19:29hs.<\/time><\/p>\n<div id=\"storyBody\">\n<div class=\"custom-text \" readability=\"30.952380952381\">\n<p><strong>Este martes comienza la <a href=\"https:\/\/www.ole.com.ar\/internacional\/champions\/champions-league-dias-horarios-argentinos-partidos-cuarta-fecha_0_cUwqtUm85u.html\" target=\"_blank\" title=\"cuarta jornada la Champions League\" alt=\"cuarta jornada la Champions League\" rel=\"noopener noreferrer\">cuarta jornada la Champions League<\/a><\/strong>, la mitad de la primera fase de liga en donde cada equipo disputa ocho partidos mirando la tabla \u00fanica que ordena los 36 participantes. Y un partido est\u00e1 resaltado: <strong>Real Madrid recibe al Milan desde las 17 en un duelo de hist\u00f3ricos.<\/strong><\/p>\n<\/div>\n<div class=\"custom-text \" readability=\"38\">\n<p><strong>En el Santiago Bernab\u00e9u se cruzan los m\u00e1s ganadores de la Orejona<\/strong>. Claro, <strong>el Merengue<\/strong> es el rey de la competici\u00f3n <strong>con 15 t\u00edtulos<\/strong>, pero quien lo sigue es precisamente <strong>el Rossonero, con siete<\/strong>. As\u00ed, reeditar\u00e1n un duelo que no se daba en partidos oficiales desde 14 a\u00f1os. <\/p>\n<\/div>\n<div class=\"custom-text \" readability=\"43\">\n<p><strong>La \u00faltima vez fue un 2-2 en Italia en noviembre de 2010, por la fase de grupos de la edici\u00f3n 2010\/11.<\/strong> A ese Milan lo dirig\u00eda Massimiliano Allegri y form\u00f3 as\u00ed: Christian Abbiati; Ignazio Abate, Alessandro Nesta, Thiago Silva, Gianluca Zambrotta; Gennaro Gattuso, Andrea Pirlo, Kevin P. Boateng; Ronaldinho; Alexandre Pato y Zlatan Ibrahimovic. Luego ingresaron Massimo Ambrosini, Clarence Seedorf y Filippo Inzaghi, autor de los dos goles.<\/p>\n<\/div>\n<div class=\"sc-e7b891c4-0 ifHnQL image-embed\"><img alt=\"Xabi Alonso de un lado y Ronaldinho, del otro y con la pelota (AFP).\" loading=\"lazy\" width=\"720\" height=\"100\" decoding=\"async\" data-nimg=\"1\" src=\"http:\/\/hoycordobaweb.com\/wp-content\/uploads\/2024\/11\/real-madrid-vs-milan-el-reencuentro-de-dos-historicos-en-la-champions-2.jpg\"><span class=\"epigraphe\">Xabi Alonso de un lado y Ronaldinho, del otro y con la pelota (AFP).<\/span><\/div>\n<div class=\"custom-text \" readability=\"42\">\n<p>Aquel Real Madrid era el de Jos\u00e9 Mourinho. Y el 11 inicial fue: Iker Casillas; Sergio Ramos, Ricardo Carvalho, Pepe, Marcelo; Xabi Alonso, Sami Khedira; \u00c1ngel Di Maria, Mesut \u00d6zil, Cristiano Ronaldo; Gonzalo Higua\u00edn. <strong>El Pipita anot\u00f3 un gol asistido por el Fideo<\/strong> y el restante fue de Pedro Le\u00f3n, quien ingres\u00f3 junto Ra\u00fal Albiol y Karim Benzema.<\/p>\n<\/div>\n<div class=\"sc-e7b891c4-0 ifHnQL image-embed\"><img alt=\"Higua\u00edn le hizo un gol aquel d\u00eda. A\u00f1o m\u00e1s tarde jug\u00f3 en el Milan (AP).\" loading=\"lazy\" width=\"720\" height=\"100\" decoding=\"async\" data-nimg=\"1\" src=\"http:\/\/hoycordobaweb.com\/wp-content\/uploads\/2024\/11\/real-madrid-vs-milan-el-reencuentro-de-dos-historicos-en-la-champions-3.jpg\"><span class=\"epigraphe\">Higua\u00edn le hizo un gol aquel d\u00eda. A\u00f1o m\u00e1s tarde jug\u00f3 en el Milan (AP).<\/span><\/div>\n<div class=\"custom-text \" readability=\"36\">\n<p><strong>En total se enfrentaron 15 veces y la paridad es total: seis victorias por lado y tres empates<\/strong>. Entre ellas se destaca la final de la Copa de Europa de 1957\/58 que fue para los Blancos por 3-2 en tiempo extra y con un gol de Alfredo Di St\u00e9fano, el gran \u00eddolo. Aunque el Milan supo darle al Real la peor derrota en su historia en la Orejona. Fue un 5-0 en Italia en la semifinal de la edici\u00f3n 88\/89.<\/p>\n<\/div>\n<p><h2><strong>Ancelotti, \u00eddolo de los dos gigantes<\/strong><\/h2>\n<\/p>\n<div class=\"custom-text \" readability=\"38\">\n<p>Esa goleada justamente la abri\u00f3 <strong>Carlo Ancelotti, el hoy DT de la Casa Blanca y muy identificado con ambos equipos.<\/strong> Tanto que logr\u00f3 las \u00faltimas tres Champions del Real Madrid y con el Milan estuvo en cuatro de las siete: dos como jugador y las \u00faltimas dos como el entrenador (2002\/03 y 2006\/07). Ahora ser\u00e1 la primera vez que lo enfrente al mando del conjunto espa\u00f1ol.<strong> \u00abEs un partido especial teniendo en cuenta mi pasado, ser\u00e1 muy bello\u00bb, dijo Carletto.<\/strong><\/p>\n<\/div>\n<div class=\"sc-e7b891c4-0 ifHnQL image-embed\"><img alt=\"Carlo gan\u00f3 cuatro Orejonas con el Milan: dos como jugador y dos como DT (REUTERS).\" loading=\"lazy\" width=\"720\" height=\"100\" decoding=\"async\" data-nimg=\"1\" src=\"http:\/\/hoycordobaweb.com\/wp-content\/uploads\/2024\/11\/real-madrid-vs-milan-el-reencuentro-de-dos-historicos-en-la-champions-4.jpg\"><span class=\"epigraphe\">Carlo gan\u00f3 cuatro Orejonas con el Milan: dos como jugador y dos como DT (REUTERS).<\/span><\/div>\n<div class=\"custom-text \" readability=\"29.493975903614\">\n<p><strong>Para el Real ser\u00e1 el primer partido despu\u00e9s de sufrir el 0-4 en el cl\u00e1sico ante el Barcelona.<\/strong> Este fin de semana se posterg\u00f3 su cruce ante el Valencia por la DANA, el fen\u00f3meno clim\u00e1tico que azot\u00f3 esa regi\u00f3n de Espa\u00f1a. Adem\u00e1s ser\u00e1 la primera vez de <a href=\"https:\/\/www.ole.com.ar\/internacional\/espana\/carlo-ancelotti-real-madrid-vinicius-balon-oro_0_LJfTMhNjbi.html\" target=\"_blank\" title=\"Vinicius en el Bernab\u00e9u tras la frustraci\u00f3n por no ganar el Bal\u00f3n de Oro\" alt=\"Vinicius en el Bernab\u00e9u tras la frustraci\u00f3n por no ganar el Bal\u00f3n de Oro\" rel=\"noopener noreferrer\">Vinicius en el Bernab\u00e9u tras la frustraci\u00f3n por no ganar el Bal\u00f3n de Oro<\/a>. En esta Champions le gan\u00f3 a Stuttgart y Borussia Dortmund y perdi\u00f3 vs. Lille.<\/p>\n<\/div>\n<div class=\"custom-text \" readability=\"35\">\n<p>Por su parte, el <strong>Milan <\/strong>en la Orejona cay\u00f3 en los primeros dos (vs. Liverpool y Bayer Leverkusen) y le gan\u00f3 al Brujas el restante. <strong>El fin de semana super\u00f3 1-0 al Monza<\/strong> pero en general tiene un andar irregular en la Serie A y la temporada. Este martes ir\u00e1 por el golpe al Bernab\u00e9u.<\/p>\n<\/div>\n<p><h2><strong>Posibles formaciones del Real Madrid vs. Milan<\/strong><\/h2>\n<\/p>\n<div class=\"custom-text \" readability=\"39\">\n<p><strong><u>Real Madrid:<\/u><\/strong> Andriy Lunin; Lucas V\u00e1zquez, Eder Militao, Antonio R\u00fcdiger, Ferland Mendy; Federico Valverde, Aurelien Tchouameni, Luka Modric; Jude Bellingham; Vinicius Jr. y Kylian Mbapp\u00e9. DT: Carlo Ancelotti.<\/p>\n<\/div>\n<div class=\"sc-e7b891c4-0 ifHnQL image-embed\"><img alt=\"Vinicius y Mbapp\u00e9 quieren volver a la victoria (EFE).\" loading=\"lazy\" width=\"720\" height=\"100\" decoding=\"async\" data-nimg=\"1\" src=\"http:\/\/hoycordobaweb.com\/wp-content\/uploads\/2024\/11\/real-madrid-vs-milan-el-reencuentro-de-dos-historicos-en-la-champions-5.jpg\"><span class=\"epigraphe\">Vinicius y Mbapp\u00e9 quieren volver a la victoria (EFE).<\/span><\/div>\n<div class=\"custom-text \" readability=\"40\">\n<p><strong><u>Milan:<\/u><\/strong> Mike Maignan; Emerson Royal, Fikayo Tomori, Strahinja Pavlovi\u0107, Theo Hern\u00e1ndez; Youssouf Fofana, Ruben Loftus-Cheek; Christian Pulisic, Tijjani Reijnders, Rafael Leao; \u00c1lvaro Morata. DT: Paulo Fonseca.<\/p>\n<\/div>\n<div class=\"sc-e7b891c4-0 ifHnQL image-embed\"><img alt=\"La tabla de la Champions antes del inicio de la cuarta fecha (@ChampionsLeague).\" loading=\"lazy\" width=\"720\" height=\"100\" decoding=\"async\" data-nimg=\"1\" src=\"http:\/\/hoycordobaweb.com\/wp-content\/uploads\/2024\/11\/real-madrid-vs-milan-el-reencuentro-de-dos-historicos-en-la-champions-6.jpg\"><span class=\"epigraphe\">La tabla de la Champions antes del inicio de la cuarta fecha (@ChampionsLeague).<\/span><\/div>\n<div class=\"sc-a7166897-0 eoLsBE\" readability=\"6\">\n<section readability=\"2\"><picture><img alt=\"La semana de Champions de los argentinos: qui\u00e9nes y cu\u00e1ndo juegan\" loading=\"lazy\" width=\"290\" height=\"290\" decoding=\"async\" data-nimg=\"1\" src=\"http:\/\/hoycordobaweb.com\/wp-content\/uploads\/2024\/11\/real-madrid-vs-milan-el-reencuentro-de-dos-historicos-en-la-champions-7.jpg\"><\/picture>\n<p><span>Mir\u00e1 tambi\u00e9n<\/span><\/p>\n<hr>\n<h3>La semana de Champions de los argentinos: qui\u00e9nes y cu\u00e1ndo juegan<\/h3>\n<\/p>\n<\/section>\n<\/div>\n<div class=\"sc-a7166897-0 eoLsBE\" readability=\"6\">\n<section readability=\"2\"><picture><img alt=\"Carlo Ancelotti sobre Vinicius: &quot;No est\u00e1 triste por el Bal\u00f3n de Oro...&quot;\" loading=\"lazy\" width=\"290\" height=\"290\" decoding=\"async\" data-nimg=\"1\" src=\"http:\/\/hoycordobaweb.com\/wp-content\/uploads\/2024\/11\/real-madrid-vs-milan-el-reencuentro-de-dos-historicos-en-la-champions-8.jpg\"><\/picture>\n<p><span>Mir\u00e1 tambi\u00e9n<\/span><\/p>\n<hr>\n<h3>Carlo Ancelotti sobre Vinicius: \u00abNo est\u00e1 triste por el Bal\u00f3n de Oro&#8230;\u00bb<\/h3>\n<\/p>\n<\/section>\n<\/div>\n<div class=\"sc-a7166897-0 eoLsBE\" readability=\"6.5\">\n<section readability=\"3\"><picture><img alt=\"Neymar, otra vez lesionado\" loading=\"lazy\" width=\"290\" height=\"290\" decoding=\"async\" data-nimg=\"1\" src=\"http:\/\/hoycordobaweb.com\/wp-content\/uploads\/2024\/11\/real-madrid-vs-milan-el-reencuentro-de-dos-historicos-en-la-champions-9.jpg\"><\/picture>\n<p><span>Mir\u00e1 tambi\u00e9n<\/span><\/p>\n<hr>\n<h3>Neymar, otra vez lesionado<\/h3>\n<\/p>\n<\/section>\n<\/div>\n<div class=\"sc-a7166897-0 eoLsBE\" readability=\"6.5\">\n<section readability=\"3\"><picture><img alt=\"Despu\u00e9s de cinco a\u00f1os, Balotelli volvi\u00f3 a jugar en Italia\" loading=\"lazy\" width=\"290\" height=\"290\" decoding=\"async\" data-nimg=\"1\" src=\"http:\/\/hoycordobaweb.com\/wp-content\/uploads\/2024\/11\/real-madrid-vs-milan-el-reencuentro-de-dos-historicos-en-la-champions-10.jpg\"><\/picture>\n<p><span>Mir\u00e1 tambi\u00e9n<\/span><\/p>\n<hr>\n<h3>Despu\u00e9s de cinco a\u00f1os, Balotelli volvi\u00f3 a jugar en Italia<\/h3>\n<\/p>\n<\/section>\n<\/div>\n<\/div>\n","protected":false},"excerpt":{"rendered":"<p>04\/11\/2024 19:29hs. Este martes comienza la cuarta jornada la Champions League, la mitad de la primera fase de liga en donde cada equipo disputa ocho partidos mirando la tabla \u00fanica que ordena los 36 participantes. Y un partido est\u00e1 resaltado: Real Madrid recibe al Milan desde las 17 en un duelo de hist\u00f3ricos. En el [&hellip;]<\/p>\n","protected":false},"author":1,"featured_media":87575,"comment_status":"open","ping_status":"closed","sticky":false,"template":"","format":"standard","meta":[],"categories":[16],"tags":[],"_links":{"self":[{"href":"http:\/\/hoycordobaweb.com\/index.php\/wp-json\/wp\/v2\/posts\/87574"}],"collection":[{"href":"http:\/\/hoycordobaweb.com\/index.php\/wp-json\/wp\/v2\/posts"}],"about":[{"href":"http:\/\/hoycordobaweb.com\/index.php\/wp-json\/wp\/v2\/types\/post"}],"author":[{"embeddable":true,"href":"http:\/\/hoycordobaweb.com\/index.php\/wp-json\/wp\/v2\/users\/1"}],"replies":[{"embeddable":true,"href":"http:\/\/hoycordobaweb.com\/index.php\/wp-json\/wp\/v2\/comments?post=87574"}],"version-history":[{"count":0,"href":"http:\/\/hoycordobaweb.com\/index.php\/wp-json\/wp\/v2\/posts\/87574\/revisions"}],"wp:featuredmedia":[{"embeddable":true,"href":"http:\/\/hoycordobaweb.com\/index.php\/wp-json\/wp\/v2\/media\/87575"}],"wp:attachment":[{"href":"http:\/\/hoycordobaweb.com\/index.php\/wp-json\/wp\/v2\/media?parent=87574"}],"wp:term":[{"taxonomy":"category","embeddable":true,"href":"http:\/\/hoycordobaweb.com\/index.php\/wp-json\/wp\/v2\/categories?post=87574"},{"taxonomy":"post_tag","embeddable":true,"href":"http:\/\/hoycordobaweb.com\/index.php\/wp-json\/wp\/v2\/tags?post=87574"}],"curies":[{"name":"wp","href":"https:\/\/api.w.org\/{rel}","templated":true}]}}