{"id":87558,"date":"2024-11-04T22:07:19","date_gmt":"2024-11-04T22:07:19","guid":{"rendered":"https:\/\/manoamanocba.com.ar\/?p=6812"},"modified":"2024-11-04T22:07:19","modified_gmt":"2024-11-04T22:07:19","slug":"la-fiesta-del-violinero-llega-a-cordoba-este-sabado","status":"publish","type":"post","link":"http:\/\/hoycordobaweb.com\/index.php\/2024\/11\/04\/la-fiesta-del-violinero-llega-a-cordoba-este-sabado\/","title":{"rendered":"\u00abLa Fiesta del Violinero\u00bb llega a C\u00f3rdoba este s\u00e1bado"},"content":{"rendered":"<div><img src=\"http:\/\/hoycordobaweb.com\/wp-content\/uploads\/2024\/11\/la-fiesta-del-violinero-llega-a-cordoba-este-sabado.jpg\" class=\"ff-og-image-inserted\"><\/div>\n<p>La ciudad se prepara para vivir una noche llena de m\u00fasica, emociones y tradici\u00f3n con la llegada de <b>\u00abLa Fiesta del Violinero\u00bb<\/b>, un evento que promete ser inolvidable. Este s\u00e1bado,&nbsp;<b>9 de noviembre<\/b>, la prestigiosa&nbsp;<b>Sala del Rey&nbsp;<\/b>ser\u00e1 el escenario de una celebraci\u00f3n \u00fanica donde el viol\u00edn y el folklore argentino ser\u00e1n los grandes protagonistas.<\/p>\n<p>En esta edici\u00f3n especial, el talentoso violinista santiague\u00f1o&nbsp;<b>N\u00e9stor Garnica&nbsp;<\/b>ser\u00e1 el encargado de llevar la batuta de esta fiesta. Reconocido a nivel nacional e internacional por su virtuosismo y pasi\u00f3n, Garnica ha sabido conquistar los corazones del p\u00fablico con su estilo en\u00e9rgico y profundo. Con una carrera de m\u00e1s de tres d\u00e9cadas, se ha convertido en una figura clave del folklore argentino, fusionando tradici\u00f3n y modernidad en cada interpretaci\u00f3n.<\/p>\n<p>Entre las grandes figuras del folklore argentino que se presentar\u00e1n durante la noche se destaca la presencia de Juanjo Abreg\u00fa. El violinista y cantante tucumano que embruja a todos con el sonido de su viol\u00edn y sorprende con su voz algo rasposa, siendo desde hace algunos a\u00f1os el momento m\u00e1s esperado por los bailarines en los festivales m\u00e1s importantes de la argentina.<\/p>\n<p>La noche tambi\u00e9n contar\u00e1 con la participaci\u00f3n de&nbsp;<b>Luc\u00eda Luque<\/b>, una de las violinistas m\u00e1s destacadas de la escena cl\u00e1sica contempor\u00e1nea. Nacida en C\u00f3rdoba y con una extensa trayectoria internacional, Luque ha actuado en los escenarios m\u00e1s prestigiosos del mundo, interpretando desde repertorios cl\u00e1sicos hasta piezas contempor\u00e1neas. Su presencia ser\u00e1 una oportunidad \u00fanica para disfrutar de su talento en un entorno popular y festivo.<\/p>\n<p>El grupo&nbsp;<b>Los Duarte<\/b>, referentes ineludibles del folklore del norte cordob\u00e9s, subir\u00e1n al escenario junto a&nbsp;<b>Roberto Carabajal<\/b>, uno de los grandes nombres de la m\u00fasica folkl\u00f3rica argentina. Con una trayectoria que lo ha llevado a compartir su arte en todo el pa\u00eds y m\u00e1s all\u00e1, Carabajal es sin\u00f3nimo de la rica tradici\u00f3n santiague\u00f1a que ha sabido modernizar sin perder su esencia.<\/p>\n<p>Adem\u00e1s, la fiesta contar\u00e1 con la presencia de grupos invitados como&nbsp;<b>Mixtura Ancestral<\/b>,&nbsp;<b>Mishki<\/b>, y&nbsp;<b>La Desafinada<\/b>, quienes aportar\u00e1n su propio estilo y energ\u00eda para completar una noche cargada de m\u00fasica, baile y cultura popular. Adem\u00e1s, desde la organizaci\u00f3n se anuncia la presenta de invitados especiales sorpresa.<\/p>\n","protected":false},"excerpt":{"rendered":"<p>La ciudad se prepara para vivir una noche llena de m\u00fasica, emociones y tradici\u00f3n con la llegada de \u00abLa Fiesta del Violinero\u00bb, un evento que promete ser inolvidable. Este s\u00e1bado,&nbsp;9 de noviembre, la prestigiosa&nbsp;Sala del Rey&nbsp;ser\u00e1 el escenario de una celebraci\u00f3n \u00fanica donde el viol\u00edn y el folklore argentino ser\u00e1n los grandes protagonistas. En esta [&hellip;]<\/p>\n","protected":false},"author":1,"featured_media":87559,"comment_status":"closed","ping_status":"closed","sticky":false,"template":"","format":"standard","meta":[],"categories":[19],"tags":[],"_links":{"self":[{"href":"http:\/\/hoycordobaweb.com\/index.php\/wp-json\/wp\/v2\/posts\/87558"}],"collection":[{"href":"http:\/\/hoycordobaweb.com\/index.php\/wp-json\/wp\/v2\/posts"}],"about":[{"href":"http:\/\/hoycordobaweb.com\/index.php\/wp-json\/wp\/v2\/types\/post"}],"author":[{"embeddable":true,"href":"http:\/\/hoycordobaweb.com\/index.php\/wp-json\/wp\/v2\/users\/1"}],"replies":[{"embeddable":true,"href":"http:\/\/hoycordobaweb.com\/index.php\/wp-json\/wp\/v2\/comments?post=87558"}],"version-history":[{"count":0,"href":"http:\/\/hoycordobaweb.com\/index.php\/wp-json\/wp\/v2\/posts\/87558\/revisions"}],"wp:featuredmedia":[{"embeddable":true,"href":"http:\/\/hoycordobaweb.com\/index.php\/wp-json\/wp\/v2\/media\/87559"}],"wp:attachment":[{"href":"http:\/\/hoycordobaweb.com\/index.php\/wp-json\/wp\/v2\/media?parent=87558"}],"wp:term":[{"taxonomy":"category","embeddable":true,"href":"http:\/\/hoycordobaweb.com\/index.php\/wp-json\/wp\/v2\/categories?post=87558"},{"taxonomy":"post_tag","embeddable":true,"href":"http:\/\/hoycordobaweb.com\/index.php\/wp-json\/wp\/v2\/tags?post=87558"}],"curies":[{"name":"wp","href":"https:\/\/api.w.org\/{rel}","templated":true}]}}