{"id":87474,"date":"2024-11-03T21:58:26","date_gmt":"2024-11-03T21:58:26","guid":{"rendered":"https:\/\/www.ole.com.ar\/internacional\/denuncia-racismo-gianluca-simeone-rayo-majadahonda_0_2L7Vk5CjRT.html"},"modified":"2024-11-03T21:58:26","modified_gmt":"2024-11-03T21:58:26","slug":"gianluca-simeone-nego-rotundamente-las-acusaciones-de-racismo","status":"publish","type":"post","link":"http:\/\/hoycordobaweb.com\/index.php\/2024\/11\/03\/gianluca-simeone-nego-rotundamente-las-acusaciones-de-racismo\/","title":{"rendered":"Gianluca Simeone neg\u00f3 rotundamente las acusaciones de racismo"},"content":{"rendered":"<p><img src=\"http:\/\/hoycordobaweb.com\/wp-content\/uploads\/2024\/11\/gianluca-simeone-nego-rotundamente-las-acusaciones-de-racismo.jpg\"><\/p>\n<p><span class=\"createDate\">03\/11\/2024 18:58hs.<\/span><time class=\"modificatedDate\" datetime=\"2024-11-03T19:30:41-03:00\"> Actualizado al 03\/11\/2024 19:30hs.<\/time><\/p>\n<div id=\"storyBody\">\n<div class=\"custom-text \" readability=\"40.311557788945\">\n<p><strong><a href=\"https:\/\/www.ole.com.ar\/tema\/gianluca-simeone.html\" title=\"Gianluca Simeone\" alt=\"Gianluca Simeone\" class=\"slug\">Gianluca Simeone<\/a><\/strong>, futbolista argentino del Rayo Majadahonda, <strong>fue denunciado por un acto de racismo por parte de Julio Mart\u00ednez Escorcia<\/strong>, futbolista de Guadalajara, durante el partido por el Grupo V de la Segunda Federaci\u00f3n. El informe del \u00e1rbitro del partido, Thierry Torres Rodr\u00edguez, describe el episodio. Apenas se enter\u00f3 de la situaci\u00f3n, el argentino neg\u00f3 rotundamente que haya sucedido. <\/p>\n<\/div>\n<div class=\"custom-text \" readability=\"40\">\n<p>\u00abEn el minuto 95 tuve que parar el partido y activar el protocolo de insultos racistas, debido a que el jugador n\u00b018 del CD Guadalajara Julio Rafael Mart\u00ednez Escorcia me comunica que el jugador n\u00b09 del CF Rayo Majadahonda Gianluca Simeone Baldini se dirigi\u00f3 a \u00e9l en los siguientes t\u00e9rminos: &#8216;Puto mono, negro de mierda&#8217;, no pudiendo ser escuchado por ning\u00fan miembro del equipo arbitral, avisando al delegado de campo. Por este motivo el partido estuvo aproximadamente parado unos dos minutos\u00bb, escribi\u00f3 el refer\u00ed en el acta que fue para la Federaci\u00f3n.<\/p>\n<\/div>\n<div class=\"sc-e7b891c4-0 ifHnQL image-embed\"><img alt=\"Gianluca Simeone en Rayo Majadahonda.\" loading=\"lazy\" width=\"720\" height=\"100\" decoding=\"async\" data-nimg=\"1\" src=\"http:\/\/hoycordobaweb.com\/wp-content\/uploads\/2024\/11\/gianluca-simeone-nego-rotundamente-las-acusaciones-de-racismo-2.jpg\"><span class=\"epigraphe\">Gianluca Simeone en Rayo Majadahonda.<\/span><\/div>\n<div class=\"custom-text \" readability=\"39\">\n<p>Este texto repercuti\u00f3 r\u00e1pidamente en la prensa espa\u00f1ola, por lo que el hijo del Cholo sac\u00f3 un comunicado en su cuenta de Instagram, en la que neg\u00f3 todo. \u00abDespu\u00e9s de leer el acta arbitral del partido que disput\u00e9 esta tarde en Guadalajara con mi club, el Rayo Majadahonda, quiero dejar muy claro que las acusaciones que un rival vierte sobre m\u00ed son rotundamente falsas y que en ning\u00fan momento profer\u00ed insultos racistas a nadie\u00bb.<\/p>\n<\/div>\n<div class=\"custom-text \" readability=\"36\">\n<p>La prensa espa\u00f1ola hab\u00eda difundido, antes de esta reacci\u00f3n de Gianluca, que el jugador hab\u00eda admitido una discusi\u00f3n con Mart\u00ednez Escorcia, no los insultos que se le atribuyeron. <\/p>\n<\/div>\n<p><h2><strong>\u00bfQu\u00e9 puede pasar?<\/strong><\/h2>\n<\/p>\n<div class=\"custom-text \" readability=\"36\">\n<p>Las autoridades disciplinarias deber\u00e1n pedir el descargo de Simeone, aunque el argentino ya neg\u00f3 la versi\u00f3n del denunciante. El refer\u00ed en su informe aclara que no escuch\u00f3 las palabras que atribuy\u00f3 Mart\u00ednez Escorcia. Solo se puede aplicar una sanci\u00f3n en el caso de que se compruebe la denuncia.<\/p>\n<\/div>\n<div class=\"sc-e7b891c4-0 ifHnQL image-embed\"><img alt=\"Julio Mart\u00ednez Escorcia, el futbolista que denunci\u00f3 a Simeone.\" loading=\"lazy\" width=\"720\" height=\"100\" decoding=\"async\" data-nimg=\"1\" src=\"http:\/\/hoycordobaweb.com\/wp-content\/uploads\/2024\/11\/gianluca-simeone-nego-rotundamente-las-acusaciones-de-racismo-3.jpg\"><span class=\"epigraphe\">Julio Mart\u00ednez Escorcia, el futbolista que denunci\u00f3 a Simeone.<\/span><\/div>\n<div class=\"sc-e7b891c4-0 ifHnQL image-embed\"><img alt=\"Gianluca Simeone en Rayo Majadahonda.\" loading=\"lazy\" width=\"720\" height=\"100\" decoding=\"async\" data-nimg=\"1\" src=\"http:\/\/hoycordobaweb.com\/wp-content\/uploads\/2024\/11\/gianluca-simeone-nego-rotundamente-las-acusaciones-de-racismo-4.jpg\"><span class=\"epigraphe\">Gianluca Simeone en Rayo Majadahonda.<\/span><\/div>\n<div class=\"sc-a7166897-0 eoLsBE\" readability=\"6\">\n<section readability=\"2\"><picture><img alt=\"Siempre Lautaro: el Toro le dio la victoria al Inter sobre Venezia\" loading=\"lazy\" width=\"290\" height=\"290\" decoding=\"async\" data-nimg=\"1\" src=\"http:\/\/hoycordobaweb.com\/wp-content\/uploads\/2024\/11\/gianluca-simeone-nego-rotundamente-las-acusaciones-de-racismo-5.jpg\"><\/picture>\n<p><span>Mir\u00e1 tambi\u00e9n<\/span><\/p>\n<hr>\n<h3>Siempre Lautaro: el Toro le dio la victoria al Inter sobre Venezia<\/h3>\n<\/p>\n<\/section>\n<\/div>\n<div class=\"sc-a7166897-0 eoLsBE\" readability=\"6\">\n<section readability=\"2\"><picture><img alt=\"Flamengo s\u00ed le meti\u00f3 tres goles a Atl\u00e9tico Mineiro \" loading=\"lazy\" width=\"290\" height=\"290\" decoding=\"async\" data-nimg=\"1\" src=\"http:\/\/hoycordobaweb.com\/wp-content\/uploads\/2024\/11\/gianluca-simeone-nego-rotundamente-las-acusaciones-de-racismo-6.jpg\"><\/picture>\n<p><span>Mir\u00e1 tambi\u00e9n<\/span><\/p>\n<hr>\n<h3>Flamengo s\u00ed le meti\u00f3 tres goles a Atl\u00e9tico Mineiro <\/h3>\n<\/p>\n<\/section>\n<\/div>\n<div class=\"sc-a7166897-0 eoLsBE\" readability=\"6\">\n<section readability=\"2\"><picture><img alt=\"Video: la caliente discusi\u00f3n entre Battaglia y Hulk en la final de la Copa de Brasil\" loading=\"lazy\" width=\"290\" height=\"290\" decoding=\"async\" data-nimg=\"1\" src=\"http:\/\/hoycordobaweb.com\/wp-content\/uploads\/2024\/11\/gianluca-simeone-nego-rotundamente-las-acusaciones-de-racismo-7.jpg\"><\/picture>\n<p><span>Mir\u00e1 tambi\u00e9n<\/span><\/p>\n<hr>\n<h3>Video: la caliente discusi\u00f3n entre Battaglia y Hulk en la final de la Copa de Brasil<\/h3>\n<\/p>\n<\/section>\n<\/div>\n<\/div>\n","protected":false},"excerpt":{"rendered":"<p>03\/11\/2024 18:58hs. Actualizado al 03\/11\/2024 19:30hs. Gianluca Simeone, futbolista argentino del Rayo Majadahonda, fue denunciado por un acto de racismo por parte de Julio Mart\u00ednez Escorcia, futbolista de Guadalajara, durante el partido por el Grupo V de la Segunda Federaci\u00f3n. El informe del \u00e1rbitro del partido, Thierry Torres Rodr\u00edguez, describe el episodio. Apenas se enter\u00f3 [&hellip;]<\/p>\n","protected":false},"author":1,"featured_media":87475,"comment_status":"open","ping_status":"closed","sticky":false,"template":"","format":"standard","meta":[],"categories":[16],"tags":[],"_links":{"self":[{"href":"http:\/\/hoycordobaweb.com\/index.php\/wp-json\/wp\/v2\/posts\/87474"}],"collection":[{"href":"http:\/\/hoycordobaweb.com\/index.php\/wp-json\/wp\/v2\/posts"}],"about":[{"href":"http:\/\/hoycordobaweb.com\/index.php\/wp-json\/wp\/v2\/types\/post"}],"author":[{"embeddable":true,"href":"http:\/\/hoycordobaweb.com\/index.php\/wp-json\/wp\/v2\/users\/1"}],"replies":[{"embeddable":true,"href":"http:\/\/hoycordobaweb.com\/index.php\/wp-json\/wp\/v2\/comments?post=87474"}],"version-history":[{"count":0,"href":"http:\/\/hoycordobaweb.com\/index.php\/wp-json\/wp\/v2\/posts\/87474\/revisions"}],"wp:featuredmedia":[{"embeddable":true,"href":"http:\/\/hoycordobaweb.com\/index.php\/wp-json\/wp\/v2\/media\/87475"}],"wp:attachment":[{"href":"http:\/\/hoycordobaweb.com\/index.php\/wp-json\/wp\/v2\/media?parent=87474"}],"wp:term":[{"taxonomy":"category","embeddable":true,"href":"http:\/\/hoycordobaweb.com\/index.php\/wp-json\/wp\/v2\/categories?post=87474"},{"taxonomy":"post_tag","embeddable":true,"href":"http:\/\/hoycordobaweb.com\/index.php\/wp-json\/wp\/v2\/tags?post=87474"}],"curies":[{"name":"wp","href":"https:\/\/api.w.org\/{rel}","templated":true}]}}