{"id":87388,"date":"2024-11-03T11:18:33","date_gmt":"2024-11-03T11:18:33","guid":{"rendered":"https:\/\/www.trendencias.com\/belleza\/cara-delevingne-cambia-look-apuesta-flequillo-atrevido-temporada"},"modified":"2024-11-03T11:18:33","modified_gmt":"2024-11-03T11:18:33","slug":"cara-delevingne-cambia-de-look-y-apuesta-por-el-flequillo-mas-atrevido-de-la-temporada","status":"publish","type":"post","link":"http:\/\/hoycordobaweb.com\/index.php\/2024\/11\/03\/cara-delevingne-cambia-de-look-y-apuesta-por-el-flequillo-mas-atrevido-de-la-temporada\/","title":{"rendered":"Cara Delevingne cambia de look y apuesta por el flequillo m\u00e1s atrevido de la temporada"},"content":{"rendered":"<p>Los <strong>flequillos <\/strong>son una de las grandes tendencias de la temporada en cabello. De hecho, los salones se llenan de peticiones de los diferentes tipos con los que conseguir un <a href=\"https:\/\/www.trendencias.com\/tag\/cambio-de-look\">cambio de look <\/a>sin necesidad de recurrir a cortes muy dr\u00e1sticos. &nbsp;Sin embargo, dentro de los diferentes estilos podemos tomar muy buena nota de <a href=\"https:\/\/www.trendencias.com\/tag\/Cara-Delevingne\">Cara Delevingne<\/a>.<\/p>\n<p><!-- BREAK 1 --> <\/p>\n<div class=\"article-asset article-asset-normal article-asset-center\">\n<div class=\"desvio-container\">\n<div class=\"desvio\">\n<div class=\"desvio-figure js-desvio-figure\"> <a href=\"https:\/\/www.trendencias.com\/zapatos-mujer\/zapatos-abuela-feos-parisinas-coquette-aman-pikolinos-piel-listos-para-oficina?mrfhud=true\"> <img loading=\"lazy\" alt=\"Son los zapatos de abuela m\u00e1s feos, pero las parisinas coquette los aman: de Pikolinos, de piel y listos para la oficina \" width=\"375\" height=\"142\" src=\"http:\/\/hoycordobaweb.com\/wp-content\/uploads\/2024\/11\/cara-delevingne-cambia-de-look-y-apuesta-por-el-flequillo-mas-atrevido-de-la-temporada.jpg\"> <\/a> <\/div><\/div><\/div>\n<\/div>\n<div class=\"article-asset article-asset-normal article-asset-center\">\n<div class=\"desvio-container\">\n<div class=\"desvio\">\n<div class=\"desvio-figure js-desvio-figure\"> <a href=\"https:\/\/www.trendencias.com\/zapatos-mujer\/zapatos-abuela-feos-parisinas-coquette-aman-pikolinos-piel-listos-para-oficina?mrfhud=true\"> <img loading=\"lazy\" alt=\"Son los zapatos de abuela m\u00e1s feos, pero las parisinas coquette los aman: de Pikolinos, de piel y listos para la oficina \" width=\"375\" height=\"142\" src=\"http:\/\/hoycordobaweb.com\/wp-content\/uploads\/2024\/11\/cara-delevingne-cambia-de-look-y-apuesta-por-el-flequillo-mas-atrevido-de-la-temporada.jpg\"> <\/a> <\/div><\/div><\/div>\n<\/div>\n<div class=\"article-asset-image article-asset-normal article-asset-center\">\n<div class=\"asset-content\"> <img class=\"centro_sinmarco\" height=\"5113\" width=\"3409\" loading=\"lazy\" decoding=\"async\" sizes=\"100vw\" fetchpriority=\"high\" srcset=\"http:\/\/hoycordobaweb.com\/wp-content\/uploads\/2024\/11\/cara-delevingne-cambia-de-look-y-apuesta-por-el-flequillo-mas-atrevido-de-la-temporada-1.jpg 450w, http:\/\/hoycordobaweb.com\/wp-content\/uploads\/2024\/11\/cara-delevingne-cambia-de-look-y-apuesta-por-el-flequillo-mas-atrevido-de-la-temporada-4.jpg 681w, http:\/\/hoycordobaweb.com\/wp-content\/uploads\/2024\/11\/cara-delevingne-cambia-de-look-y-apuesta-por-el-flequillo-mas-atrevido-de-la-temporada-5.jpg 1024w, http:\/\/hoycordobaweb.com\/wp-content\/uploads\/2024\/11\/cara-delevingne-cambia-de-look-y-apuesta-por-el-flequillo-mas-atrevido-de-la-temporada-6.jpg 1366w\" src=\"http:\/\/hoycordobaweb.com\/wp-content\/uploads\/2024\/11\/cara-delevingne-cambia-de-look-y-apuesta-por-el-flequillo-mas-atrevido-de-la-temporada-1.jpg\" alt=\"Cara Delevingne\"> <noscript><img alt=\"Cara Delevingne\" class=\"centro_sinmarco\" src=\"http:\/\/hoycordobaweb.com\/wp-content\/uploads\/2024\/11\/cara-delevingne-cambia-de-look-y-apuesta-por-el-flequillo-mas-atrevido-de-la-temporada-1.jpg\"><\/noscript> <\/div>\n<\/div>\n<p>Y es que la modelo nos ha sorprendido muy gratamente con un cambio de look en la<strong> alfombra roja de los LACMA Art And Film<\/strong> celebrada en Los \u00c1ngeles este fin de semana, donde se han dado cita un buen n\u00famero de celebrities.<\/p>\n<p><!-- BREAK 2 --><\/p>\n<p>Cara ha apostado por unas <em><strong>baby bangs <\/strong><\/em>que son de lo m\u00e1s favorecedoras para ella aunque, qu\u00e9 duda cabe, que se trata del flequillo m\u00e1s atrevido y ciertamente arriesgado del momento.<\/p>\n<p><!-- BREAK 3 --> <\/p>\n<p>Seg\u00fan comenta David Lesur, director de formaci\u00f3n en<strong> David K\u00fcnzle <\/strong><em>\u00abeste &nbsp;microflequillo se caracteriza <\/em><em><strong>por dejar las cejas totalmente al descubierto<\/strong><\/em><em>, no siempre es irregular pero s\u00ed es muy favorecedor salvo en rostros m\u00e1s ovalados. Cuenta con versiones cortas o muy cortas y nos da un look m\u00e1s fresco y juvenil que puede combinarse con otro tipo de cortes\u00bb<\/em>.<\/p>\n<p><!-- BREAK 4 --><\/p>\n<div class=\"article-asset-image article-asset-normal article-asset-center\">\n<div class=\"asset-content\"> <img class=\"centro_sinmarco\" height=\"5581\" width=\"3721\" loading=\"lazy\" decoding=\"async\" sizes=\"100vw\" fetchpriority=\"high\" srcset=\"http:\/\/hoycordobaweb.com\/wp-content\/uploads\/2024\/11\/cara-delevingne-cambia-de-look-y-apuesta-por-el-flequillo-mas-atrevido-de-la-temporada-2.jpg 450w, http:\/\/hoycordobaweb.com\/wp-content\/uploads\/2024\/11\/cara-delevingne-cambia-de-look-y-apuesta-por-el-flequillo-mas-atrevido-de-la-temporada-7.jpg 681w, http:\/\/hoycordobaweb.com\/wp-content\/uploads\/2024\/11\/cara-delevingne-cambia-de-look-y-apuesta-por-el-flequillo-mas-atrevido-de-la-temporada-8.jpg 1024w, http:\/\/hoycordobaweb.com\/wp-content\/uploads\/2024\/11\/cara-delevingne-cambia-de-look-y-apuesta-por-el-flequillo-mas-atrevido-de-la-temporada-9.jpg 1366w\" src=\"http:\/\/hoycordobaweb.com\/wp-content\/uploads\/2024\/11\/cara-delevingne-cambia-de-look-y-apuesta-por-el-flequillo-mas-atrevido-de-la-temporada-2.jpg\" alt=\"cara-delevingne\"> <noscript><img alt=\"cara-delevingne\" class=\"centro_sinmarco\" src=\"http:\/\/hoycordobaweb.com\/wp-content\/uploads\/2024\/11\/cara-delevingne-cambia-de-look-y-apuesta-por-el-flequillo-mas-atrevido-de-la-temporada-2.jpg\"><\/noscript> <\/div>\n<\/div>\n<p>Igualmente, el experto afirma que &nbsp;<em><strong>\u201ces ideal en caras redondas y ayuda a dotar de car\u00e1cter al rostro. <\/strong><\/em><em>No lo aconsejo en cabello muy rizado, mejor en melenas lisas y en pelo corto tipo Jean Seberg, dando importancia a la desigualdad en las l\u00edneas y el volumen. Si lo llevamos recto queda perfecto, incluso con un flequillo ladeado. Si tu rostro es m\u00e1s anguloso y alargado, mejor con el cabello largo\u201d.<\/em><\/p>\n<p><!-- BREAK 5 --><\/p>\n<p>En el caso de Cara le queda ideal y es una forma de cambiar de estilo de una forma muy chic d\u00e1ndole un toque muy juvenil y fresco a su melena.<\/p>\n<p>Fotos | <a rel=\"noopener, noreferrer\" href=\"https:\/\/www.instagram.com\/caradelevingne\/\">@caradelevingne<\/a> y Gtres<\/p>\n<p>En Trendencias | <a href=\"https:\/\/www.trendencias.com\/belleza\/como-llevar-flequillo-cortina-13-ideas-consejos-para-cortarlo-peinarlo\">C\u00f3mo llevar un flequillo cortina: 16 ideas y consejos para cortarlo y peinarlo<\/a><\/p>\n","protected":false},"excerpt":{"rendered":"<p>Los flequillos son una de las grandes tendencias de la temporada en cabello. De hecho, los salones se llenan de peticiones de los diferentes tipos con los que conseguir un cambio de look sin necesidad de recurrir a cortes muy dr\u00e1sticos. &nbsp;Sin embargo, dentro de los diferentes estilos podemos tomar muy buena nota de Cara [&hellip;]<\/p>\n","protected":false},"author":1,"featured_media":87389,"comment_status":"closed","ping_status":"closed","sticky":false,"template":"","format":"standard","meta":[],"categories":[],"tags":[],"_links":{"self":[{"href":"http:\/\/hoycordobaweb.com\/index.php\/wp-json\/wp\/v2\/posts\/87388"}],"collection":[{"href":"http:\/\/hoycordobaweb.com\/index.php\/wp-json\/wp\/v2\/posts"}],"about":[{"href":"http:\/\/hoycordobaweb.com\/index.php\/wp-json\/wp\/v2\/types\/post"}],"author":[{"embeddable":true,"href":"http:\/\/hoycordobaweb.com\/index.php\/wp-json\/wp\/v2\/users\/1"}],"replies":[{"embeddable":true,"href":"http:\/\/hoycordobaweb.com\/index.php\/wp-json\/wp\/v2\/comments?post=87388"}],"version-history":[{"count":0,"href":"http:\/\/hoycordobaweb.com\/index.php\/wp-json\/wp\/v2\/posts\/87388\/revisions"}],"wp:featuredmedia":[{"embeddable":true,"href":"http:\/\/hoycordobaweb.com\/index.php\/wp-json\/wp\/v2\/media\/87389"}],"wp:attachment":[{"href":"http:\/\/hoycordobaweb.com\/index.php\/wp-json\/wp\/v2\/media?parent=87388"}],"wp:term":[{"taxonomy":"category","embeddable":true,"href":"http:\/\/hoycordobaweb.com\/index.php\/wp-json\/wp\/v2\/categories?post=87388"},{"taxonomy":"post_tag","embeddable":true,"href":"http:\/\/hoycordobaweb.com\/index.php\/wp-json\/wp\/v2\/tags?post=87388"}],"curies":[{"name":"wp","href":"https:\/\/api.w.org\/{rel}","templated":true}]}}