{"id":87380,"date":"2024-11-03T12:43:05","date_gmt":"2024-11-03T12:43:05","guid":{"rendered":"https:\/\/www.mujerhoy.com\/moda\/no-te-pierdas\/abrigo-camel-otono-basicos-nuevo-zara-20241103134242-nt.html"},"modified":"2024-11-03T12:43:05","modified_gmt":"2024-11-03T12:43:05","slug":"el-abrigo-camel-es-el-basico-que-no-puedes-dejar-escapar-esta-temporada","status":"publish","type":"post","link":"http:\/\/hoycordobaweb.com\/index.php\/2024\/11\/03\/el-abrigo-camel-es-el-basico-que-no-puedes-dejar-escapar-esta-temporada\/","title":{"rendered":"El abrigo camel es el b\u00e1sico que no puedes dejar escapar esta temporada"},"content":{"rendered":"<p><!-- AUTHOR --> <\/p>\n<div class=\"voc-author-timesocial \"> <!-- AUTHOR --> <\/p>\n<div class=\"voc-author-timesocial__signature \">\n<div class=\"voc-author-timesocial__img-c\"> <!-- IMAGE AUTHOR --> <picture class=\"voc-image-signature\"> <img class=\"voc-image-signature__img\" src=\"http:\/\/hoycordobaweb.com\/wp-content\/uploads\/2024\/11\/el-abrigo-camel-es-el-basico-que-no-puedes-dejar-escapar-esta-temporada.jpg\" alt=\"Gemma Cano\"> <\/picture> <\/div>\n<p> <!-- INFO AUTHOR --> <\/p>\n<div class=\"voc-author-timesocial__info\" data-mrf-recirculation=\"Autor\">\n<div class=\"voc-author-info\"> <author> <a class=\"voc-author\" href=\"https:\/\/www.mujerhoy.com\/autor\/gemma-cano-1220.html\" data-mrf-link=\"https:\/\/www.mujerhoy.com\/autor\/gemma-cano-1220.html\">Gemma Cano<\/a> <\/author> <time datetime=\"2024-11-03T12:43:05Z\" data-timestamp>Publicado \u00b7 <span data-voc-date-modified-short>3 de noviembre de 2024, 13:43 h<\/span><\/time> <\/div><\/div><\/div><\/div>\n<p> <!-- COMPONENTS --> <\/p>\n<p class=\"voc-paragraph\" data-mrf-recirculation=\"Link art\u00edculo\">Podemos decir, sin miedo a equivocarnos, que todas deber\u00edamos tener un buen abrigo camel en su armario. <strong>Es el b\u00e1sico perfecto<\/strong> para crear los looks m\u00e1s c\u00e1lidos y elegantes del oto\u00f1o-invierno. Una aut\u00e9ntica prenda todoterreno que combina con todo, es atemporal y eleva instant\u00e1neamente cualquier look.\n<\/p>\n<p class=\"voc-paragraph\" data-mrf-recirculation=\"Link art\u00edculo\">Dado su enorme atractivo, no es de extra\u00f1ar que ahora mismo haya una gran variedad de propuestas entre las novedades de la temporada. Entre todas las opciones, nos quedamos con los que llevan cintur\u00f3n, doble botonadura o de corte recto.\n<\/p>\n<div class=\"voc-detail-photo-zoom\"> <picture data-toggle=\"modal\" data-target=\"#photoZoomModal-237\" target=\"modal\">\n<div class=\"voc-img-icon-link\"> <img loading=\"lazy\" src=\"http:\/\/hoycordobaweb.com\/wp-content\/uploads\/2024\/11\/el-abrigo-camel-es-el-basico-que-no-puedes-dejar-escapar-esta-temporada.webp\" width=\"650\" height=\"900\"> <noscript> <img src=\"http:\/\/hoycordobaweb.com\/wp-content\/uploads\/2024\/11\/el-abrigo-camel-es-el-basico-que-no-puedes-dejar-escapar-esta-temporada.webp\"> <\/noscript> <i class=\"voc-icons zoom voc-multimedia-box voc-ico-l\"><\/i> <\/div><figcaption class=\"figure-caption\"><\/figcaption><\/picture>\n<\/div>\n<div id=\"photoZoomModal-237\" class=\"voc-lightbox modal fade voc-lightbox--photo-zoom\" role=\"dialog\" data-voc-photozoom-lightbox>\n<div class=\"voc-lightbox__dialog\" role=\"document\">\n<div class=\"voc-lightbox__content\"> <!-- Modal header --> <!-- Modal content --> <\/p>\n<div class=\"voc-lightbox__photo-container\"> <picture class> <img loading=\"lazy\" src=\"http:\/\/hoycordobaweb.com\/wp-content\/uploads\/2024\/11\/el-abrigo-camel-es-el-basico-que-no-puedes-dejar-escapar-esta-temporada.webp\"> <noscript> <img src=\"http:\/\/hoycordobaweb.com\/wp-content\/uploads\/2024\/11\/el-abrigo-camel-es-el-basico-que-no-puedes-dejar-escapar-esta-temporada.webp\"> <\/noscript> <\/picture> <\/div><\/div><\/div>\n<\/div>\n<p class=\"voc-paragraph\" data-mrf-recirculation=\"Link art\u00edculo\">Y para que salgas de shopping con los deberes hechos, hemos buscado las mejores propuestas. Si este oto\u00f1o est\u00e1s pensando en hacer una nueva adquisici\u00f3n, tienes que apostar por un dise\u00f1o en color camel. <strong>Una apuesta ganadora<\/strong> que aportar\u00e1 un toque especial a todos tus estilismos m\u00e1s b\u00e1sicos de la temporada.\n<\/p>\n<div class=\"voc-detail-photo-zoom\"> <picture data-toggle=\"modal\" data-target=\"#photoZoomModal-538\" target=\"modal\">\n<div class=\"voc-img-icon-link\"> <img loading=\"lazy\" src=\"http:\/\/hoycordobaweb.com\/wp-content\/uploads\/2024\/11\/el-abrigo-camel-es-el-basico-que-no-puedes-dejar-escapar-esta-temporada-1.webp\" width=\"650\" height=\"900\"> <noscript> <img src=\"http:\/\/hoycordobaweb.com\/wp-content\/uploads\/2024\/11\/el-abrigo-camel-es-el-basico-que-no-puedes-dejar-escapar-esta-temporada-1.webp\"> <\/noscript> <i class=\"voc-icons zoom voc-multimedia-box voc-ico-l\"><\/i> <\/div><figcaption class=\"figure-caption\"><\/figcaption><\/picture>\n<\/div>\n<div id=\"photoZoomModal-538\" class=\"voc-lightbox modal fade voc-lightbox--photo-zoom\" role=\"dialog\" data-voc-photozoom-lightbox>\n<div class=\"voc-lightbox__dialog\" role=\"document\">\n<div class=\"voc-lightbox__content\"> <!-- Modal header --> <!-- Modal content --> <\/p>\n<div class=\"voc-lightbox__photo-container\"> <picture class> <img loading=\"lazy\" src=\"http:\/\/hoycordobaweb.com\/wp-content\/uploads\/2024\/11\/el-abrigo-camel-es-el-basico-que-no-puedes-dejar-escapar-esta-temporada-1.webp\"> <noscript> <img src=\"http:\/\/hoycordobaweb.com\/wp-content\/uploads\/2024\/11\/el-abrigo-camel-es-el-basico-que-no-puedes-dejar-escapar-esta-temporada-1.webp\"> <\/noscript> <\/picture> <\/div><\/div><\/div>\n<\/div>\n<p class=\"voc-paragraph\" data-mrf-recirculation=\"Link art\u00edculo\">Despu\u00e9s de una buena investigaci\u00f3n, podemos afirmar que aqu\u00ed est\u00e1 la mejor selecci\u00f3n de <a data-voc-vtm-id=\"in-text-traffic\" href=\"https:\/\/www.mujerhoy.com\/moda\/tendencias\/abrigos-importan-triunfar-tendencia-otono-2024-20241024124838-nt.html\" data-mrf-link=\"https:\/\/www.mujerhoy.com\/moda\/tendencias\/abrigos-importan-triunfar-tendencia-otono-2024-20241024124838-nt.html\">abrigos<\/a> camel del invierno. \u00bfQuieres descubrir nuestros favoritos? Con cintur\u00f3n, doble botonadura, de corte recto\u2026 lo dif\u00edcil ser\u00e1 elegir solo uno.\n<\/p>\n<div class=\"voc-detail-photo-zoom\"> <picture data-toggle=\"modal\" data-target=\"#photoZoomModal-363\" target=\"modal\">\n<div class=\"voc-img-icon-link\"> <img loading=\"lazy\" src=\"http:\/\/hoycordobaweb.com\/wp-content\/uploads\/2024\/11\/el-abrigo-camel-es-el-basico-que-no-puedes-dejar-escapar-esta-temporada-2.webp\" width=\"650\" height=\"900\"> <noscript> <img src=\"http:\/\/hoycordobaweb.com\/wp-content\/uploads\/2024\/11\/el-abrigo-camel-es-el-basico-que-no-puedes-dejar-escapar-esta-temporada-2.webp\"> <\/noscript> <i class=\"voc-icons zoom voc-multimedia-box voc-ico-l\"><\/i> <\/div><figcaption class=\"figure-caption\"><\/figcaption><\/picture>\n<\/div>\n<div id=\"photoZoomModal-363\" class=\"voc-lightbox modal fade voc-lightbox--photo-zoom\" role=\"dialog\" data-voc-photozoom-lightbox>\n<div class=\"voc-lightbox__dialog\" role=\"document\">\n<div class=\"voc-lightbox__content\"> <!-- Modal header --> <!-- Modal content --> <\/p>\n<div class=\"voc-lightbox__photo-container\"> <picture class> <img loading=\"lazy\" src=\"http:\/\/hoycordobaweb.com\/wp-content\/uploads\/2024\/11\/el-abrigo-camel-es-el-basico-que-no-puedes-dejar-escapar-esta-temporada-2.webp\"> <noscript> <img src=\"http:\/\/hoycordobaweb.com\/wp-content\/uploads\/2024\/11\/el-abrigo-camel-es-el-basico-que-no-puedes-dejar-escapar-esta-temporada-2.webp\"> <\/noscript> <\/picture> <\/div><\/div><\/div>\n<\/div>\n<p class=\"voc-paragraph\" data-mrf-recirculation=\"Link art\u00edculo\">Un b\u00e1sico que podr\u00e1s llevar sin parar con los looks m\u00e1s b\u00e1sicos de la temporada invernal. Camisas masculinas, <a data-voc-vtm-id=\"in-text-traffic\" href=\"https:\/\/www.mujerhoy.com\/moda\/tendencias\/vaqueros-pantalones-jeans-elegantes-comodos-tendencia-favorecedores-baratos-entretiempo-zara-20241007103137-nt.html\" data-mrf-link=\"https:\/\/www.mujerhoy.com\/moda\/tendencias\/vaqueros-pantalones-jeans-elegantes-comodos-tendencia-favorecedores-baratos-entretiempo-zara-20241007103137-nt.html\">vaqueros<\/a> de todo tipo, bolsos bandolera y botines de tac\u00f3n son algunos de sus mejores aliados. \u00a1Toma nota!\n<\/p>\n<div class=\"voc-detail-photo-zoom\"> <picture data-toggle=\"modal\" data-target=\"#photoZoomModal-539\" target=\"modal\">\n<div class=\"voc-img-icon-link\"> <img loading=\"lazy\" src=\"http:\/\/hoycordobaweb.com\/wp-content\/uploads\/2024\/11\/el-abrigo-camel-es-el-basico-que-no-puedes-dejar-escapar-esta-temporada-1.jpg\" width=\"460\" height=\"637\" alt=\"Abrigo de lana de Zara (69,99 euros)\"> <noscript> <img src=\"http:\/\/hoycordobaweb.com\/wp-content\/uploads\/2024\/11\/el-abrigo-camel-es-el-basico-que-no-puedes-dejar-escapar-esta-temporada-1.jpg\" alt=\"Abrigo de lana de Zara (69,99 euros)\"> <\/noscript> <i class=\"voc-icons zoom voc-multimedia-box voc-ico-l\"><\/i> <\/div><figcaption class=\"figure-caption\">Abrigo de lana de Zara (69,99 euros)<\/figcaption><\/picture>\n<\/div>\n<div id=\"photoZoomModal-539\" class=\"voc-lightbox modal fade voc-lightbox--photo-zoom\" role=\"dialog\" data-voc-photozoom-lightbox>\n<div class=\"voc-lightbox__dialog\" role=\"document\">\n<div class=\"voc-lightbox__content\"> <!-- Modal header --> <!-- Modal content --> <\/p>\n<div class=\"voc-lightbox__photo-container\"> <picture class> <img loading=\"lazy\" src=\"http:\/\/hoycordobaweb.com\/wp-content\/uploads\/2024\/11\/el-abrigo-camel-es-el-basico-que-no-puedes-dejar-escapar-esta-temporada-1.jpg\" alt=\"Abrigo de lana de Zara (69,99 euros)\"> <noscript> <img src=\"http:\/\/hoycordobaweb.com\/wp-content\/uploads\/2024\/11\/el-abrigo-camel-es-el-basico-que-no-puedes-dejar-escapar-esta-temporada-1.jpg\" alt=\"Abrigo de lana de Zara (69,99 euros)\"> <\/noscript> <\/picture> <\/div><\/div><\/div>\n<\/div>\n<p><h3 class=\"voc-detail__title\"> Abrigo de lana de Zara (69,99 euros)<br \/>\n<\/h3>\n<\/p>\n<p class=\"voc-paragraph\" data-mrf-recirculation=\"Link art\u00edculo\">Los tonos tierra se al\u00edan con este tipo de elegantes prendas de abrigo.\n<\/p>\n<div class=\"voc-detail-photo-zoom\"> <picture data-toggle=\"modal\" data-target=\"#photoZoomModal-714\" target=\"modal\">\n<div class=\"voc-img-icon-link\"> <img loading=\"lazy\" src=\"http:\/\/hoycordobaweb.com\/wp-content\/uploads\/2024\/11\/el-abrigo-camel-es-el-basico-que-no-puedes-dejar-escapar-esta-temporada-3.webp\" width=\"460\" height=\"637\" alt=\"Abrigo con cintur\u00f3n de Mango (149 euros)\"> <noscript> <img src=\"http:\/\/hoycordobaweb.com\/wp-content\/uploads\/2024\/11\/el-abrigo-camel-es-el-basico-que-no-puedes-dejar-escapar-esta-temporada-3.webp\" alt=\"Abrigo con cintur\u00f3n de Mango (149 euros)\"> <\/noscript> <i class=\"voc-icons zoom voc-multimedia-box voc-ico-l\"><\/i> <\/div><figcaption class=\"figure-caption\">Abrigo con cintur\u00f3n de Mango (149 euros)<\/figcaption><\/picture>\n<\/div>\n<div id=\"photoZoomModal-714\" class=\"voc-lightbox modal fade voc-lightbox--photo-zoom\" role=\"dialog\" data-voc-photozoom-lightbox>\n<div class=\"voc-lightbox__dialog\" role=\"document\">\n<div class=\"voc-lightbox__content\"> <!-- Modal header --> <!-- Modal content --> <\/p>\n<div class=\"voc-lightbox__photo-container\"> <picture class> <img loading=\"lazy\" src=\"http:\/\/hoycordobaweb.com\/wp-content\/uploads\/2024\/11\/el-abrigo-camel-es-el-basico-que-no-puedes-dejar-escapar-esta-temporada-3.webp\" alt=\"Abrigo con cintur\u00f3n de Mango (149 euros)\"> <noscript> <img src=\"http:\/\/hoycordobaweb.com\/wp-content\/uploads\/2024\/11\/el-abrigo-camel-es-el-basico-que-no-puedes-dejar-escapar-esta-temporada-3.webp\" alt=\"Abrigo con cintur\u00f3n de Mango (149 euros)\"> <\/noscript> <\/picture> <\/div><\/div><\/div>\n<\/div>\n<p><h3 class=\"voc-detail__title\"> Abrigo con cintur\u00f3n de Mango (149 euros)<br \/>\n<\/h3>\n<\/p>\n<p class=\"voc-paragraph\" data-mrf-recirculation=\"Link art\u00edculo\">El camel es uno de los colores que resurge cada oto\u00f1o para te\u00f1ir las prendas de abrigo m\u00e1s c\u00e1lidas. Lo llevar\u00e1s a todas horas.\n<\/p>\n<div class=\"voc-detail-photo-zoom\"> <picture data-toggle=\"modal\" data-target=\"#photoZoomModal-145\" target=\"modal\">\n<div class=\"voc-img-icon-link\"> <img loading=\"lazy\" src=\"http:\/\/hoycordobaweb.com\/wp-content\/uploads\/2024\/11\/el-abrigo-camel-es-el-basico-que-no-puedes-dejar-escapar-esta-temporada-4.webp\" width=\"460\" height=\"637\" alt=\"Abrigo largo de Mango (149 euros)\"> <noscript> <img src=\"http:\/\/hoycordobaweb.com\/wp-content\/uploads\/2024\/11\/el-abrigo-camel-es-el-basico-que-no-puedes-dejar-escapar-esta-temporada-4.webp\" alt=\"Abrigo largo de Mango (149 euros)\"> <\/noscript> <i class=\"voc-icons zoom voc-multimedia-box voc-ico-l\"><\/i> <\/div><figcaption class=\"figure-caption\">Abrigo largo de Mango (149 euros)<\/figcaption><\/picture>\n<\/div>\n<div id=\"photoZoomModal-145\" class=\"voc-lightbox modal fade voc-lightbox--photo-zoom\" role=\"dialog\" data-voc-photozoom-lightbox>\n<div class=\"voc-lightbox__dialog\" role=\"document\">\n<div class=\"voc-lightbox__content\"> <!-- Modal header --> <!-- Modal content --> <\/p>\n<div class=\"voc-lightbox__photo-container\"> <picture class> <img loading=\"lazy\" src=\"http:\/\/hoycordobaweb.com\/wp-content\/uploads\/2024\/11\/el-abrigo-camel-es-el-basico-que-no-puedes-dejar-escapar-esta-temporada-4.webp\" alt=\"Abrigo largo de Mango (149 euros)\"> <noscript> <img src=\"http:\/\/hoycordobaweb.com\/wp-content\/uploads\/2024\/11\/el-abrigo-camel-es-el-basico-que-no-puedes-dejar-escapar-esta-temporada-4.webp\" alt=\"Abrigo largo de Mango (149 euros)\"> <\/noscript> <\/picture> <\/div><\/div><\/div>\n<\/div>\n<p><h3 class=\"voc-detail__title\"> Abrigo largo de Mango (149 euros)<br \/>\n<\/h3>\n<\/p>\n<p class=\"voc-paragraph\" data-mrf-recirculation=\"Link art\u00edculo\">Es una de las prendas estrella de la nueva temporada de oto\u00f1o-invierno. Si te gusta, no te lo pienses muchos porque ya est\u00e1 a punto de agotarse. Imprescindible.\n<\/p>\n<p> <!-- TOPICS --> <\/p>\n","protected":false},"excerpt":{"rendered":"<p>Gemma Cano Publicado \u00b7 3 de noviembre de 2024, 13:43 h Podemos decir, sin miedo a equivocarnos, que todas deber\u00edamos tener un buen abrigo camel en su armario. Es el b\u00e1sico perfecto para crear los looks m\u00e1s c\u00e1lidos y elegantes del oto\u00f1o-invierno. Una aut\u00e9ntica prenda todoterreno que combina con todo, es atemporal y eleva instant\u00e1neamente [&hellip;]<\/p>\n","protected":false},"author":1,"featured_media":87381,"comment_status":"closed","ping_status":"closed","sticky":false,"template":"","format":"standard","meta":[],"categories":[],"tags":[],"_links":{"self":[{"href":"http:\/\/hoycordobaweb.com\/index.php\/wp-json\/wp\/v2\/posts\/87380"}],"collection":[{"href":"http:\/\/hoycordobaweb.com\/index.php\/wp-json\/wp\/v2\/posts"}],"about":[{"href":"http:\/\/hoycordobaweb.com\/index.php\/wp-json\/wp\/v2\/types\/post"}],"author":[{"embeddable":true,"href":"http:\/\/hoycordobaweb.com\/index.php\/wp-json\/wp\/v2\/users\/1"}],"replies":[{"embeddable":true,"href":"http:\/\/hoycordobaweb.com\/index.php\/wp-json\/wp\/v2\/comments?post=87380"}],"version-history":[{"count":0,"href":"http:\/\/hoycordobaweb.com\/index.php\/wp-json\/wp\/v2\/posts\/87380\/revisions"}],"wp:featuredmedia":[{"embeddable":true,"href":"http:\/\/hoycordobaweb.com\/index.php\/wp-json\/wp\/v2\/media\/87381"}],"wp:attachment":[{"href":"http:\/\/hoycordobaweb.com\/index.php\/wp-json\/wp\/v2\/media?parent=87380"}],"wp:term":[{"taxonomy":"category","embeddable":true,"href":"http:\/\/hoycordobaweb.com\/index.php\/wp-json\/wp\/v2\/categories?post=87380"},{"taxonomy":"post_tag","embeddable":true,"href":"http:\/\/hoycordobaweb.com\/index.php\/wp-json\/wp\/v2\/tags?post=87380"}],"curies":[{"name":"wp","href":"https:\/\/api.w.org\/{rel}","templated":true}]}}