{"id":87299,"date":"2024-11-02T23:01:09","date_gmt":"2024-11-02T23:01:09","guid":{"rendered":"https:\/\/fono.fcm.unc.edu.ar\/?p=12935"},"modified":"2024-11-02T23:01:09","modified_gmt":"2024-11-02T23:01:09","slug":"estandares-de-la-lic-en-fonoaudiologia-aprobados","status":"publish","type":"post","link":"http:\/\/hoycordobaweb.com\/index.php\/2024\/11\/02\/estandares-de-la-lic-en-fonoaudiologia-aprobados\/","title":{"rendered":"Est\u00e1ndares de la Lic. en Fonoaudiolog\u00eda: aprobados"},"content":{"rendered":"<h2 class=\"fusion-post-title\">Est\u00e1ndares de la Lic. en Fonoaudiolog\u00eda: aprobados<\/h2>\n<div class=\"post-content\" readability=\"50.266666666667\">\n<p><img loading=\"lazy\" fetchpriority=\"high\" decoding=\"async\" class=\"alignright size-fusion-400 wp-image-12936\" src=\"https:\/\/fono.fcm.unc.edu.ar\/wp-content\/uploads\/sites\/14\/2024\/11\/WhatsApp-Image-2024-11-02-at-19.56.54-400x407.jpeg\" alt width=\"400\" height=\"407\" srcset=\"https:\/\/fono.fcm.unc.edu.ar\/wp-content\/uploads\/sites\/14\/2024\/11\/WhatsApp-Image-2024-11-02-at-19.56.54-66x66.jpeg 66w, https:\/\/fono.fcm.unc.edu.ar\/wp-content\/uploads\/sites\/14\/2024\/11\/WhatsApp-Image-2024-11-02-at-19.56.54-200x204.jpeg 200w, https:\/\/fono.fcm.unc.edu.ar\/wp-content\/uploads\/sites\/14\/2024\/11\/WhatsApp-Image-2024-11-02-at-19.56.54-295x300.jpeg 295w, https:\/\/fono.fcm.unc.edu.ar\/wp-content\/uploads\/sites\/14\/2024\/11\/WhatsApp-Image-2024-11-02-at-19.56.54-400x407.jpeg 400w, https:\/\/fono.fcm.unc.edu.ar\/wp-content\/uploads\/sites\/14\/2024\/11\/WhatsApp-Image-2024-11-02-at-19.56.54-600x611.jpeg 600w, https:\/\/fono.fcm.unc.edu.ar\/wp-content\/uploads\/sites\/14\/2024\/11\/WhatsApp-Image-2024-11-02-at-19.56.54-768x782.jpeg 768w, https:\/\/fono.fcm.unc.edu.ar\/wp-content\/uploads\/sites\/14\/2024\/11\/WhatsApp-Image-2024-11-02-at-19.56.54-800x815.jpeg 800w, https:\/\/fono.fcm.unc.edu.ar\/wp-content\/uploads\/sites\/14\/2024\/11\/WhatsApp-Image-2024-11-02-at-19.56.54-1005x1024.jpeg 1005w, https:\/\/fono.fcm.unc.edu.ar\/wp-content\/uploads\/sites\/14\/2024\/11\/WhatsApp-Image-2024-11-02-at-19.56.54.jpeg 1080w\" sizes=\"(max-width: 400px) 100vw, 400px\">Un logro m\u00e1s. Una construcci\u00f3n plasmada en <em>Est\u00e1ndares de Acreditaci\u00f3n<\/em> para las carreras de Lic. en Fonoaudiolog\u00eda de la Argentina.<\/p>\n<p>Una etapa inmensa de trabajo compartido, di\u00e1logo, preguntas, dudas, consultas, avances y retrocesos, pero siempre con la certeza de que las organizaciones democr\u00e1ticas, representativas y comprometidas en la participaci\u00f3n con un objetivo com\u00fan, llegan a concreciones imposibles pensadas desde un espacio individual.<\/p>\n<p>Las carreras de Licenciaturas de Fonoaudiolog\u00eda de todo el pa\u00eds hoy podemos decir que estamos dando un paso hist\u00f3rico m\u00e1s hacia la mejora de la formaci\u00f3n acad\u00e9mica \u2013 pr\u00e1ctica para los\/as futuras profesionales a nivel nacional.<\/p>\n<p>Aprobados los Est\u00e1ndares seg\u00fan&nbsp;<a href=\"https:\/\/fono.fcm.unc.edu.ar\/wp-content\/uploads\/sites\/14\/2024\/11\/Resol-CE-1879-24-anexo.pdf\" target=\"_blank\" rel=\"noopener noreferrer\">Resoluci\u00f3n CE N\u00b01879\/24<\/a><\/p>\n<\/p><\/div>\n","protected":false},"excerpt":{"rendered":"<p>Est\u00e1ndares de la Lic. en Fonoaudiolog\u00eda: aprobados Un logro m\u00e1s. Una construcci\u00f3n plasmada en Est\u00e1ndares de Acreditaci\u00f3n para las carreras de Lic. en Fonoaudiolog\u00eda de la Argentina. Una etapa inmensa de trabajo compartido, di\u00e1logo, preguntas, dudas, consultas, avances y retrocesos, pero siempre con la certeza de que las organizaciones democr\u00e1ticas, representativas y comprometidas en la [&hellip;]<\/p>\n","protected":false},"author":1,"featured_media":0,"comment_status":"closed","ping_status":"closed","sticky":false,"template":"","format":"standard","meta":[],"categories":[1],"tags":[],"_links":{"self":[{"href":"http:\/\/hoycordobaweb.com\/index.php\/wp-json\/wp\/v2\/posts\/87299"}],"collection":[{"href":"http:\/\/hoycordobaweb.com\/index.php\/wp-json\/wp\/v2\/posts"}],"about":[{"href":"http:\/\/hoycordobaweb.com\/index.php\/wp-json\/wp\/v2\/types\/post"}],"author":[{"embeddable":true,"href":"http:\/\/hoycordobaweb.com\/index.php\/wp-json\/wp\/v2\/users\/1"}],"replies":[{"embeddable":true,"href":"http:\/\/hoycordobaweb.com\/index.php\/wp-json\/wp\/v2\/comments?post=87299"}],"version-history":[{"count":0,"href":"http:\/\/hoycordobaweb.com\/index.php\/wp-json\/wp\/v2\/posts\/87299\/revisions"}],"wp:attachment":[{"href":"http:\/\/hoycordobaweb.com\/index.php\/wp-json\/wp\/v2\/media?parent=87299"}],"wp:term":[{"taxonomy":"category","embeddable":true,"href":"http:\/\/hoycordobaweb.com\/index.php\/wp-json\/wp\/v2\/categories?post=87299"},{"taxonomy":"post_tag","embeddable":true,"href":"http:\/\/hoycordobaweb.com\/index.php\/wp-json\/wp\/v2\/tags?post=87299"}],"curies":[{"name":"wp","href":"https:\/\/api.w.org\/{rel}","templated":true}]}}