{"id":87285,"date":"2024-11-02T11:52:30","date_gmt":"2024-11-02T11:52:30","guid":{"rendered":"https:\/\/www.mujerhoy.com\/moda\/no-te-pierdas\/chaqueta-acolchada-multicolor-sassa-osma-abrigos-otono-20241102125213-nt.html"},"modified":"2024-11-02T11:52:30","modified_gmt":"2024-11-02T11:52:30","slug":"esta-es-la-chaqueta-multicolor-que-mas-utilizan-las-royals-en-otono","status":"publish","type":"post","link":"http:\/\/hoycordobaweb.com\/index.php\/2024\/11\/02\/esta-es-la-chaqueta-multicolor-que-mas-utilizan-las-royals-en-otono\/","title":{"rendered":"Esta es la chaqueta multicolor que m\u00e1s utilizan las royals en oto\u00f1o"},"content":{"rendered":"<p><!-- AUTHOR --> <\/p>\n<div class=\"voc-author-timesocial \"> <!-- AUTHOR --> <\/p>\n<div class=\"voc-author-timesocial__signature \">\n<div class=\"voc-author-timesocial__img-c\"> <!-- IMAGE AUTHOR --> <picture class=\"voc-image-signature\"> <img class=\"voc-image-signature__img\" src=\"http:\/\/hoycordobaweb.com\/wp-content\/uploads\/2024\/11\/esta-es-la-chaqueta-multicolor-que-mas-utilizan-las-royals-en-otono.jpg\" alt=\"Carla Dom\u00ednguez\"> <\/picture> <\/div>\n<p> <!-- INFO AUTHOR --> <\/div><\/div>\n<p> <!-- COMPONENTS --> <\/p>\n<p class=\"voc-paragraph\" data-mrf-recirculation=\"Link art\u00edculo\">Dicen que <strong>las prendas muy florales o con estampados \u00e9tnicos<\/strong> son solo para la temporada de primavera. Tambi\u00e9n pens\u00e1bamos que el blanco era un color solo apto para el buen tiempo y con los a\u00f1os, hemos comprobado que no es as\u00ed. Parece que le estamos dando una vuelta a la moda y explorando <i>prints<\/i> y colores en otras estaciones como nunca antes.\n<\/p>\n<p class=\"voc-paragraph\" data-mrf-recirculation=\"Link art\u00edculo\">Esto es lo que pasa \u00faltimamente con <a data-voc-vtm-id=\"in-text-traffic\" href=\"https:\/\/www.mujerhoy.com\/moda\/tendencias\/vestidos-made-spain-byan-concept-influencers-instagram-coleccion-verano-20220517130123-nt.html\" data-mrf-link=\"https:\/\/www.mujerhoy.com\/moda\/tendencias\/vestidos-made-spain-byan-concept-influencers-instagram-coleccion-verano-20220517130123-nt.html\">los estampados \u00e9tnicos<\/a><br \/>\n, un dise\u00f1o que antes sol\u00edamos ver \u00fanicamente en primavera-verano y que poco a poco tambi\u00e9n se va colando en nuestro armario de oto\u00f1o. Una de las que no ha dudado en hacerse con una chaqueta con <i>print<\/i> \u00e9tnico <a data-voc-vtm-id=\"in-text-traffic\" href=\"https:\/\/www.mujerhoy.com\/moda\/no-te-pierdas\/sassa-osma-merceditas-negras-comodas-elegantes-look-diario-20241021113622-nt.html\" data-mrf-link=\"https:\/\/www.mujerhoy.com\/moda\/no-te-pierdas\/sassa-osma-merceditas-negras-comodas-elegantes-look-diario-20241021113622-nt.html\">es Sassa de Osma.<\/a>\n<\/p>\n<p class=\"voc-paragraph\" data-mrf-recirculation=\"Link art\u00edculo\">Estamos de acuerdo que somos fan\u00e1ticas de las piezas atemporales. Son una buena inversi\u00f3n para crear ese armario c\u00e1psula del que todo el mundo habla. Por eso, cuando llega el oto\u00f1o nos hacemos con <strong>prendas de exterior como gabardinas o chaquetas estilo Barbour porque no pasan de moda.<\/strong><\/p>\n<p class=\"voc-paragraph\" data-mrf-recirculation=\"Link art\u00edculo\">Sin embargo, siempre es bueno tener alguna prenda tendencia. O al menos si te gusta la moda, es probable que no puedas evitarlo. Una de esas prendas de abrigo que lucir\u00e1s de nuevo una temporada m\u00e1s, son las conocidas como <strong>chaquetas acolchadas.<\/strong><\/p>\n<p class=\"voc-paragraph\" data-mrf-recirculation=\"Link art\u00edculo\">Seguramente habr\u00e1s visto este tipo de chaquetas a multitud de personas. Y es que son un tipo de prenda s\u00faper vers\u00e1til, y sobre todo, de lo m\u00e1s original. No hablamos de <strong>las cl\u00e1sicas chaquetas acolchadas<\/strong> lisas, sino las que cuentan con detalles \u00e9tnicos, florales y est\u00e1n llenas de color.\n<\/p>\n<div class=\"voc-detail-photo-zoom\"> <picture data-toggle=\"modal\" data-target=\"#photoZoomModal-295\" target=\"modal\">\n<div class=\"voc-img-icon-link\"> <img loading=\"lazy\" src=\"http:\/\/hoycordobaweb.com\/wp-content\/uploads\/2024\/11\/esta-es-la-chaqueta-multicolor-que-mas-utilizan-las-royals-en-otono.webp\" width=\"650\" height=\"900\" alt=\"Sassa de Osma con chaqueta \u00e9tnica. Foto: @sassadeo\"> <noscript> <img src=\"http:\/\/hoycordobaweb.com\/wp-content\/uploads\/2024\/11\/esta-es-la-chaqueta-multicolor-que-mas-utilizan-las-royals-en-otono.webp\" alt=\"Sassa de Osma con chaqueta \u00e9tnica. Foto: @sassadeo\"> <\/noscript> <i class=\"voc-icons zoom voc-multimedia-box voc-ico-l\"><\/i> <\/div><figcaption class=\"figure-caption\">Sassa de Osma con chaqueta \u00e9tnica. Foto: @sassadeo<\/figcaption><\/picture>\n<\/div>\n<div id=\"photoZoomModal-295\" class=\"voc-lightbox modal fade voc-lightbox--photo-zoom\" role=\"dialog\" data-voc-photozoom-lightbox>\n<div class=\"voc-lightbox__dialog\" role=\"document\">\n<div class=\"voc-lightbox__content\"> <!-- Modal header --> <!-- Modal content --> <\/p>\n<div class=\"voc-lightbox__photo-container\"> <picture class> <img loading=\"lazy\" src=\"http:\/\/hoycordobaweb.com\/wp-content\/uploads\/2024\/11\/esta-es-la-chaqueta-multicolor-que-mas-utilizan-las-royals-en-otono.webp\" alt=\"Sassa de Osma con chaqueta \u00e9tnica. Foto: @sassadeo\"> <noscript> <img src=\"http:\/\/hoycordobaweb.com\/wp-content\/uploads\/2024\/11\/esta-es-la-chaqueta-multicolor-que-mas-utilizan-las-royals-en-otono.webp\" alt=\"Sassa de Osma con chaqueta \u00e9tnica. Foto: @sassadeo\"> <\/noscript> <\/picture> <\/div><\/div><\/div>\n<\/div>\n<p class=\"voc-paragraph\" data-mrf-recirculation=\"Link art\u00edculo\">Una de las que siempre ha lucido <strong>este tipo de chaquetas es Sassa de Osma<\/strong>. La mujer del pr\u00edncipe Christian de Hannover tiene un estilo muy personal y siempre que puede, a\u00f1ade alguna prenda colorida a su look: ya sean unas venecianas o una chaqueta algo m\u00e1s original.\n<\/p>\n<p class=\"voc-paragraph\" data-mrf-recirculation=\"Link art\u00edculo\">Pues bien, en un viaje con la firma Dior, la arist\u00f3crata ha elegido un muy oto\u00f1al para la ocasi\u00f3n. De nuevo, ha repetido el mismo bolso trenzado que nos ense\u00f1\u00f3 hace unas semanas de <strong>la firma Philippa 1979<\/strong> y que combina con pr\u00e1cticamente todo.\n<\/p>\n<p class=\"voc-paragraph\" data-mrf-recirculation=\"Link art\u00edculo\">Para completar este look, Sassa ha querido a\u00f1adir unos pantalones de ante en color marr\u00f3n, botines en un tono marr\u00f3n oscuro y una chaqueta acolchada de estilo oriental con estampado \u00e9tnico. Aunque no sabemos de qui\u00e9n es la chaqueta, es muy similar a <strong>los modelos de la firma de Mar\u00eda de la Orden<\/strong>; una de las marcas favoritas de Sassa.\n<\/p>\n<div class=\"voc-detail-photo-zoom\"> <picture data-toggle=\"modal\" data-target=\"#photoZoomModal-805\" target=\"modal\">\n<div class=\"voc-img-icon-link\"> <img loading=\"lazy\" src=\"http:\/\/hoycordobaweb.com\/wp-content\/uploads\/2024\/11\/esta-es-la-chaqueta-multicolor-que-mas-utilizan-las-royals-en-otono-1.webp\" width=\"650\" height=\"900\" alt=\"Chaqueta con estampado Liberty de Mar\u00eda de la Orden. Foto: Mar\u00eda de la Orden.\"> <noscript> <img src=\"http:\/\/hoycordobaweb.com\/wp-content\/uploads\/2024\/11\/esta-es-la-chaqueta-multicolor-que-mas-utilizan-las-royals-en-otono-1.webp\" alt=\"Chaqueta con estampado Liberty de Mar\u00eda de la Orden. Foto: Mar\u00eda de la Orden.\"> <\/noscript> <i class=\"voc-icons zoom voc-multimedia-box voc-ico-l\"><\/i> <\/div><figcaption class=\"figure-caption\">Chaqueta con estampado Liberty de Mar\u00eda de la Orden. Foto: Mar\u00eda de la Orden.<\/figcaption><\/picture>\n<\/div>\n<div id=\"photoZoomModal-805\" class=\"voc-lightbox modal fade voc-lightbox--photo-zoom\" role=\"dialog\" data-voc-photozoom-lightbox>\n<div class=\"voc-lightbox__dialog\" role=\"document\">\n<div class=\"voc-lightbox__content\"> <!-- Modal header --> <!-- Modal content --> <\/p>\n<div class=\"voc-lightbox__photo-container\"> <picture class> <img loading=\"lazy\" src=\"http:\/\/hoycordobaweb.com\/wp-content\/uploads\/2024\/11\/esta-es-la-chaqueta-multicolor-que-mas-utilizan-las-royals-en-otono-1.webp\" alt=\"Chaqueta con estampado Liberty de Mar\u00eda de la Orden. Foto: Mar\u00eda de la Orden.\"> <noscript> <img src=\"http:\/\/hoycordobaweb.com\/wp-content\/uploads\/2024\/11\/esta-es-la-chaqueta-multicolor-que-mas-utilizan-las-royals-en-otono-1.webp\" alt=\"Chaqueta con estampado Liberty de Mar\u00eda de la Orden. Foto: Mar\u00eda de la Orden.\"> <\/noscript> <\/picture> <\/div><\/div><\/div>\n<\/div>\n<p class=\"voc-paragraph\" data-mrf-recirculation=\"Link art\u00edculo\">Aunque el mismo dise\u00f1o ya no est\u00e1 disponible en la web de Mar\u00eda de la Orden, si se pueden encontrar otros modelos similares. Esta chaquesta cuenta con el mismo corte y estilo, aunque con un print totalmente diferente. Se trata d euna chaqueta con <strong>el cl\u00e1sico estampado Liberty en color rojo.<\/strong><\/p>\n<p> <!-- TOPICS --> <\/p>\n","protected":false},"excerpt":{"rendered":"<p>Dicen que las prendas muy florales o con estampados \u00e9tnicos son solo para la temporada de primavera. Tambi\u00e9n pens\u00e1bamos que el blanco era un color solo apto para el buen tiempo y con los a\u00f1os, hemos comprobado que no es as\u00ed. Parece que le estamos dando una vuelta a la moda y explorando prints y [&hellip;]<\/p>\n","protected":false},"author":1,"featured_media":87286,"comment_status":"closed","ping_status":"closed","sticky":false,"template":"","format":"standard","meta":[],"categories":[],"tags":[],"_links":{"self":[{"href":"http:\/\/hoycordobaweb.com\/index.php\/wp-json\/wp\/v2\/posts\/87285"}],"collection":[{"href":"http:\/\/hoycordobaweb.com\/index.php\/wp-json\/wp\/v2\/posts"}],"about":[{"href":"http:\/\/hoycordobaweb.com\/index.php\/wp-json\/wp\/v2\/types\/post"}],"author":[{"embeddable":true,"href":"http:\/\/hoycordobaweb.com\/index.php\/wp-json\/wp\/v2\/users\/1"}],"replies":[{"embeddable":true,"href":"http:\/\/hoycordobaweb.com\/index.php\/wp-json\/wp\/v2\/comments?post=87285"}],"version-history":[{"count":0,"href":"http:\/\/hoycordobaweb.com\/index.php\/wp-json\/wp\/v2\/posts\/87285\/revisions"}],"wp:featuredmedia":[{"embeddable":true,"href":"http:\/\/hoycordobaweb.com\/index.php\/wp-json\/wp\/v2\/media\/87286"}],"wp:attachment":[{"href":"http:\/\/hoycordobaweb.com\/index.php\/wp-json\/wp\/v2\/media?parent=87285"}],"wp:term":[{"taxonomy":"category","embeddable":true,"href":"http:\/\/hoycordobaweb.com\/index.php\/wp-json\/wp\/v2\/categories?post=87285"},{"taxonomy":"post_tag","embeddable":true,"href":"http:\/\/hoycordobaweb.com\/index.php\/wp-json\/wp\/v2\/tags?post=87285"}],"curies":[{"name":"wp","href":"https:\/\/api.w.org\/{rel}","templated":true}]}}