{"id":87275,"date":"2024-11-02T00:07:42","date_gmt":"2024-11-02T00:07:42","guid":{"rendered":"https:\/\/www.ole.com.ar\/internacional\/amorin-dirigio-gano-diablo-ahora-manchester_0_8JPP2s6bD7.html"},"modified":"2024-11-02T00:07:42","modified_gmt":"2024-11-02T00:07:42","slug":"amorin-dirigio-gano-y-se-fue-al-diablo-era-ahora-o-nunca","status":"publish","type":"post","link":"http:\/\/hoycordobaweb.com\/index.php\/2024\/11\/02\/amorin-dirigio-gano-y-se-fue-al-diablo-era-ahora-o-nunca\/","title":{"rendered":"Amorin dirigi\u00f3, gan\u00f3 y se fue al Diablo: \u00abEra ahora o nunca\u00bb"},"content":{"rendered":"<p><img src=\"http:\/\/hoycordobaweb.com\/wp-content\/uploads\/2024\/11\/amorin-dirigio-gano-y-se-fue-al-diablo-era-ahora-o-nunca.jpg\"><\/p>\n<p><time class=\"createDate\" datetime=\"2024-11-01T21:07:42-03:00\">01\/11\/2024 21:07hs.<\/time><\/p>\n<div id=\"storyBody\">\n<div class=\"custom-text \" readability=\"35.182080924855\">\n<p><strong>El t\u00e9cnico portugu\u00e9s R\u00faben Amorin<\/strong> negociaba con el <strong><a href=\"https:\/\/www.ole.com.ar\/tema\/manchester-united.html\" title=\"Manchester United\" alt=\"Manchester United\" class=\"slug\">Manchester United <\/a><\/strong>mientras dirig\u00eda al Sporting Lisboa, l\u00edder de la liga lusa. Este viernes se dio una situaci\u00f3n especial: el club ingl\u00e9s oficializ\u00f3 en sus redes sociales la contrataci\u00f3n del entrenador, que deb\u00eda dirigir a los Leones por el torneo local:<strong> fue 5 a 1 a Estrela do Amadora.<\/strong><\/p>\n<\/div>\n<div class=\"custom-text \" readability=\"35\">\n<p>Un dato fuerte: el United debi\u00f3 pagar la cl\u00e1usula de rescisi\u00f3n de 10 millones de euros para poder contratar a Amorin, que reemplazar\u00e1 al neerland\u00e9s Ten Hag y firmar\u00e1 contrato por dos a\u00f1os y medio. Tendr\u00e1 a dos argentinos en los Diablos Rojos:<strong> Lisandro Mart\u00ednez y Alejandro Garnacho.<\/strong><\/p>\n<\/div>\n<div class=\"custom-text \" readability=\"39\">\n<p>Los hinchas lo ovacionaron, hasta hubo banderas en su apoyo. Despu\u00e9s, el DT, de 39 a\u00f1os se present\u00f3 en la conferencia de prensa. \u00abNo es la primera vez que se paga una cl\u00e1usula. Ha llegado un punto en el que tengo que decidir. O me quedo o me voy. <strong>Mi elecci\u00f3n fue irme en ese momento porque me dijeron que era ahora o nunca\u00bb, <\/strong>afirm\u00f3.<\/p>\n<\/div>\n<div class=\"sc-e7b891c4-0 ifHnQL image-embed\"><img alt=\"Ruben Amorin dej\u00f3 el Sporting Lisboa para ir al Man Utd.\" loading=\"lazy\" width=\"720\" height=\"100\" decoding=\"async\" data-nimg=\"1\" src=\"http:\/\/hoycordobaweb.com\/wp-content\/uploads\/2024\/11\/amorin-dirigio-gano-y-se-fue-al-diablo-era-ahora-o-nunca-2.jpg\"><span class=\"epigraphe\">Ruben Amorin dej\u00f3 el Sporting Lisboa para ir al Man Utd.<\/span><\/div>\n<div class=\"custom-text \" readability=\"39\">\n<p>\u00abNo fue una semana normal. Por supuesto que me sent\u00ed diferente. Entiendo la revuelta y la decepci\u00f3n de algunos fans, pero as\u00ed es la vida. Me conmovi\u00f3 la ovaci\u00f3n de hoy\u00bb, afirm\u00f3 Amorin, que dirigi\u00f3 229 partidos al Sporting y gan\u00f3 163, con 33 empates y 33 derrotas. Obtuvo dos Ligas y cuatro copas locales.<\/p>\n<\/div>\n<div class=\"custom-text \" readability=\"40\">\n<p>\u00abFue la mejor \u00e9poca de mi vida, pero tengo que tomar mis decisiones y las tomo con naturalidad. Entiendo su dolor, pero seguimos adelante y el tiempo lo cura todo\u00bb, afirm\u00f3. Adem\u00e1s, para tranquilizar a los hinchas, aclar\u00f3 que en el mercado de pases de enero no pedir\u00e1 que el club ingl\u00e9s compre futbolistas del Le\u00f3n.<\/p>\n<\/div>\n<div class=\"sc-e7b891c4-0 ifHnQL image-embed\"><img alt=\"Los fans del Sporting bancan a Amorin pese a que se va.\" loading=\"lazy\" width=\"720\" height=\"100\" decoding=\"async\" data-nimg=\"1\" src=\"http:\/\/hoycordobaweb.com\/wp-content\/uploads\/2024\/11\/amorin-dirigio-gano-y-se-fue-al-diablo-era-ahora-o-nunca-3.jpg\"><span class=\"epigraphe\">Los fans del Sporting bancan a Amorin pese a que se va.<\/span><\/div>\n<div class=\"sc-e7b891c4-0 ifHnQL image-embed\"><img alt=\"R\u00faben Amorin al ser anunciado por le Manchester United.\" loading=\"lazy\" width=\"720\" height=\"100\" decoding=\"async\" data-nimg=\"1\" src=\"http:\/\/hoycordobaweb.com\/wp-content\/uploads\/2024\/11\/amorin-dirigio-gano-y-se-fue-al-diablo-era-ahora-o-nunca-4.jpg\"><span class=\"epigraphe\">R\u00faben Amorin al ser anunciado por le Manchester United.<\/span><\/div>\n<div class=\"sc-a7166897-0 eoLsBE\" readability=\"6\">\n<section readability=\"2\"><picture><img alt=\"Bernabei: &quot;D'Alessandro te pone la piel de gallina&quot;\" loading=\"lazy\" width=\"290\" height=\"290\" decoding=\"async\" data-nimg=\"1\" src=\"http:\/\/hoycordobaweb.com\/wp-content\/uploads\/2024\/11\/amorin-dirigio-gano-y-se-fue-al-diablo-era-ahora-o-nunca-5.jpg\"><\/picture>\n<p><span>Mir\u00e1 tambi\u00e9n<\/span><\/p>\n<hr>\n<h3>Bernabei: \u00abD&#8217;Alessandro te pone la piel de gallina\u00bb<\/h3>\n<\/p>\n<\/section>\n<\/div>\n<div class=\"sc-a7166897-0 eoLsBE\" readability=\"6\">\n<section readability=\"2\"><picture><img alt=\"El refer\u00ed que repite en Paraguay - Argentina\" loading=\"lazy\" width=\"290\" height=\"290\" decoding=\"async\" data-nimg=\"1\" src=\"http:\/\/hoycordobaweb.com\/wp-content\/uploads\/2024\/11\/amorin-dirigio-gano-y-se-fue-al-diablo-era-ahora-o-nunca-6.jpg\"><\/picture>\n<p><span>Mir\u00e1 tambi\u00e9n<\/span><\/p>\n<hr>\n<h3>El refer\u00ed que repite en Paraguay &#8211; Argentina<\/h3>\n<\/p>\n<\/section>\n<\/div>\n<\/div>\n","protected":false},"excerpt":{"rendered":"<p>01\/11\/2024 21:07hs. El t\u00e9cnico portugu\u00e9s R\u00faben Amorin negociaba con el Manchester United mientras dirig\u00eda al Sporting Lisboa, l\u00edder de la liga lusa. Este viernes se dio una situaci\u00f3n especial: el club ingl\u00e9s oficializ\u00f3 en sus redes sociales la contrataci\u00f3n del entrenador, que deb\u00eda dirigir a los Leones por el torneo local: fue 5 a 1 [&hellip;]<\/p>\n","protected":false},"author":1,"featured_media":0,"comment_status":"open","ping_status":"closed","sticky":false,"template":"","format":"standard","meta":[],"categories":[16],"tags":[],"_links":{"self":[{"href":"http:\/\/hoycordobaweb.com\/index.php\/wp-json\/wp\/v2\/posts\/87275"}],"collection":[{"href":"http:\/\/hoycordobaweb.com\/index.php\/wp-json\/wp\/v2\/posts"}],"about":[{"href":"http:\/\/hoycordobaweb.com\/index.php\/wp-json\/wp\/v2\/types\/post"}],"author":[{"embeddable":true,"href":"http:\/\/hoycordobaweb.com\/index.php\/wp-json\/wp\/v2\/users\/1"}],"replies":[{"embeddable":true,"href":"http:\/\/hoycordobaweb.com\/index.php\/wp-json\/wp\/v2\/comments?post=87275"}],"version-history":[{"count":0,"href":"http:\/\/hoycordobaweb.com\/index.php\/wp-json\/wp\/v2\/posts\/87275\/revisions"}],"wp:attachment":[{"href":"http:\/\/hoycordobaweb.com\/index.php\/wp-json\/wp\/v2\/media?parent=87275"}],"wp:term":[{"taxonomy":"category","embeddable":true,"href":"http:\/\/hoycordobaweb.com\/index.php\/wp-json\/wp\/v2\/categories?post=87275"},{"taxonomy":"post_tag","embeddable":true,"href":"http:\/\/hoycordobaweb.com\/index.php\/wp-json\/wp\/v2\/tags?post=87275"}],"curies":[{"name":"wp","href":"https:\/\/api.w.org\/{rel}","templated":true}]}}