{"id":8721,"date":"2020-12-29T21:08:15","date_gmt":"2020-12-29T21:08:15","guid":{"rendered":"http:\/\/hoycordobaweb.com\/index.php\/2020\/12\/29\/beligoy-y-la-designacion-del-arbitro-para-el-superclasico-como-y-cuando-sera\/"},"modified":"2020-12-29T21:08:15","modified_gmt":"2020-12-29T21:08:15","slug":"beligoy-y-la-designacion-del-arbitro-para-el-superclasico-como-y-cuando-sera","status":"publish","type":"post","link":"http:\/\/hoycordobaweb.com\/index.php\/2020\/12\/29\/beligoy-y-la-designacion-del-arbitro-para-el-superclasico-como-y-cuando-sera\/","title":{"rendered":"Beligoy y la designaci\u00f3n del \u00e1rbitro para el Supercl\u00e1sico: c\u00f3mo y cu\u00e1ndo ser\u00e1"},"content":{"rendered":"<p>A cuatro d\u00edas del Supercl\u00e1sico del <b>f\u00fatbol argentino<\/b> entre Boca y River, que puede &#8230; Cuando eso est\u00e9 listo vamos a tener el VAR en la Argentina&quot;. <\/p>\n","protected":false},"excerpt":{"rendered":"<p>A cuatro d\u00edas del Supercl\u00e1sico del f\u00fatbol argentino entre Boca y River, que puede &#8230; Cuando eso est\u00e9 listo vamos a tener el VAR en la Argentina&quot;.<\/p>\n","protected":false},"author":1,"featured_media":0,"comment_status":"closed","ping_status":"closed","sticky":false,"template":"","format":"standard","meta":[],"categories":[22],"tags":[],"_links":{"self":[{"href":"http:\/\/hoycordobaweb.com\/index.php\/wp-json\/wp\/v2\/posts\/8721"}],"collection":[{"href":"http:\/\/hoycordobaweb.com\/index.php\/wp-json\/wp\/v2\/posts"}],"about":[{"href":"http:\/\/hoycordobaweb.com\/index.php\/wp-json\/wp\/v2\/types\/post"}],"author":[{"embeddable":true,"href":"http:\/\/hoycordobaweb.com\/index.php\/wp-json\/wp\/v2\/users\/1"}],"replies":[{"embeddable":true,"href":"http:\/\/hoycordobaweb.com\/index.php\/wp-json\/wp\/v2\/comments?post=8721"}],"version-history":[{"count":0,"href":"http:\/\/hoycordobaweb.com\/index.php\/wp-json\/wp\/v2\/posts\/8721\/revisions"}],"wp:attachment":[{"href":"http:\/\/hoycordobaweb.com\/index.php\/wp-json\/wp\/v2\/media?parent=8721"}],"wp:term":[{"taxonomy":"category","embeddable":true,"href":"http:\/\/hoycordobaweb.com\/index.php\/wp-json\/wp\/v2\/categories?post=8721"},{"taxonomy":"post_tag","embeddable":true,"href":"http:\/\/hoycordobaweb.com\/index.php\/wp-json\/wp\/v2\/tags?post=8721"}],"curies":[{"name":"wp","href":"https:\/\/api.w.org\/{rel}","templated":true}]}}