{"id":87189,"date":"2024-11-01T12:27:54","date_gmt":"2024-11-01T12:27:54","guid":{"rendered":"https:\/\/www.mujerhoy.com\/moda\/no-te-pierdas\/prendas-fiesta-agotaran-antes-navidad-hym-vestidos-chaquetas-lazo-20241101132736-nt.html"},"modified":"2024-11-01T12:27:54","modified_gmt":"2024-11-01T12:27:54","slug":"las-prendas-de-fiesta-de-hm-que-se-agotaran-antes-de-que-llegue-navidad","status":"publish","type":"post","link":"http:\/\/hoycordobaweb.com\/index.php\/2024\/11\/01\/las-prendas-de-fiesta-de-hm-que-se-agotaran-antes-de-que-llegue-navidad\/","title":{"rendered":"Las prendas de fiesta de H&amp;M que se agotar\u00e1n antes de que llegue Navidad"},"content":{"rendered":"<p><!-- AUTHOR --> <\/p>\n<div class=\"voc-author-timesocial \"> <!-- AUTHOR --> <\/p>\n<div class=\"voc-author-timesocial__signature \">\n<div class=\"voc-author-timesocial__img-c\"> <!-- IMAGE AUTHOR --> <picture class=\"voc-image-signature\"> <img class=\"voc-image-signature__img\" src=\"http:\/\/hoycordobaweb.com\/wp-content\/uploads\/2024\/11\/las-prendas-de-fiesta-de-hm-que-se-agotaran-antes-de-que-llegue-navidad.jpg\" alt=\"Carla Dom\u00ednguez\"> <\/picture> <\/div>\n<p> <!-- INFO AUTHOR --> <\/div><\/div>\n<p> <!-- COMPONENTS --> <\/p>\n<p class=\"voc-paragraph\" data-mrf-recirculation=\"Link art\u00edculo\">Parece que la Navidad se ha adelantado bastante este a\u00f1o. Muchas marcas est\u00e1n celebrando cenas o eventos especiales antes de que llegue diciembre. Por eso, nos hemos puesto ya en un modo algo m\u00e1s navide\u00f1o. O al menos ya estamos buscando <a data-voc-vtm-id=\"in-text-traffic\" href=\"https:\/\/www.mujerhoy.com\/moda\/no-te-pierdas\/vestidos-lentejuelas-zara-fiestas-elegantes-baratos-inditex-20241024110136-nt.html\" data-mrf-link=\"https:\/\/www.mujerhoy.com\/moda\/no-te-pierdas\/vestidos-lentejuelas-zara-fiestas-elegantes-baratos-inditex-20241024110136-nt.html\">piezas en nuestro armario que sean m\u00e1s festivas.<\/a>\n<\/p>\n<p class=\"voc-paragraph\" data-mrf-recirculation=\"Link art\u00edculo\">Si necesitas renovar algunos b\u00e1sicos o simplemente te apetece hacerte con novedades para las fechas m\u00e1s especiales del a\u00f1o, sabemos d\u00f3nde puedes conseguirlas. En <a data-voc-vtm-id=\"in-text-traffic\" href=\"https:\/\/www.mujerhoy.com\/moda\/no-te-pierdas\/nuevo-hym-chaquetas-zapatos-comodos-vestidos-otono-20241024045848-nt.html\" data-mrf-link=\"https:\/\/www.mujerhoy.com\/moda\/no-te-pierdas\/nuevo-hym-chaquetas-zapatos-comodos-vestidos-otono-20241024045848-nt.html\">H&amp;M han lanzado novedades<\/a> y estos son algunos de nuestros favorit\u00edsimos.\n<\/p>\n<div class=\"voc-detail-photo-zoom\"> <picture data-toggle=\"modal\" data-target=\"#photoZoomModal-2\" target=\"modal\">\n<div class=\"voc-img-icon-link\"> <img loading=\"lazy\" src=\"http:\/\/hoycordobaweb.com\/wp-content\/uploads\/2024\/11\/las-prendas-de-fiesta-de-hm-que-se-agotaran-antes-de-que-llegue-navidad.webp\" width=\"650\" height=\"900\" alt=\"Body con detalle de lentejuelas en negro de H&amp;M.\"> <noscript> <img src=\"http:\/\/hoycordobaweb.com\/wp-content\/uploads\/2024\/11\/las-prendas-de-fiesta-de-hm-que-se-agotaran-antes-de-que-llegue-navidad.webp\" alt=\"Body con detalle de lentejuelas en negro de H&amp;M.\"> <\/noscript> <i class=\"voc-icons zoom voc-multimedia-box voc-ico-l\"><\/i> <\/div><figcaption class=\"figure-caption\">Body con detalle de lentejuelas en negro de H&amp;M.<\/figcaption><\/picture>\n<\/div>\n<div id=\"photoZoomModal-2\" class=\"voc-lightbox modal fade voc-lightbox--photo-zoom\" role=\"dialog\" data-voc-photozoom-lightbox>\n<div class=\"voc-lightbox__dialog\" role=\"document\">\n<div class=\"voc-lightbox__content\"> <!-- Modal header --> <!-- Modal content --> <\/p>\n<div class=\"voc-lightbox__photo-container\"> <picture class> <img loading=\"lazy\" src=\"http:\/\/hoycordobaweb.com\/wp-content\/uploads\/2024\/11\/las-prendas-de-fiesta-de-hm-que-se-agotaran-antes-de-que-llegue-navidad.webp\" alt=\"Body con detalle de lentejuelas en negro de H&amp;M.\"> <noscript> <img src=\"http:\/\/hoycordobaweb.com\/wp-content\/uploads\/2024\/11\/las-prendas-de-fiesta-de-hm-que-se-agotaran-antes-de-que-llegue-navidad.webp\" alt=\"Body con detalle de lentejuelas en negro de H&amp;M.\"> <\/noscript> <\/picture> <\/div><\/div><\/div>\n<\/div>\n<p class=\"voc-paragraph\" data-mrf-recirculation=\"Link art\u00edculo\">Este tipo de prendas son perfectas para darle un aspecto m\u00e1s festivo a una pieza como un pantal\u00f3n negro. Cada a\u00f1o se repiten y nos encanta verlas. Si est\u00e1s buscando un body diferente, puedes probar con este con escote coraz\u00f3n y lentejuelas de H&amp;M.\n<\/p>\n<div class=\"voc-detail-photo-zoom\"> <picture data-toggle=\"modal\" data-target=\"#photoZoomModal-779\" target=\"modal\">\n<div class=\"voc-img-icon-link\"> <img loading=\"lazy\" src=\"http:\/\/hoycordobaweb.com\/wp-content\/uploads\/2024\/11\/las-prendas-de-fiesta-de-hm-que-se-agotaran-antes-de-que-llegue-navidad-1.webp\" width=\"650\" height=\"900\" alt=\"Chaqueta de punto con detalle de lazos de H&amp;M. \"> <noscript> <img src=\"http:\/\/hoycordobaweb.com\/wp-content\/uploads\/2024\/11\/las-prendas-de-fiesta-de-hm-que-se-agotaran-antes-de-que-llegue-navidad-1.webp\" alt=\"Chaqueta de punto con detalle de lazos de H&amp;M. \"> <\/noscript> <i class=\"voc-icons zoom voc-multimedia-box voc-ico-l\"><\/i> <\/div><figcaption class=\"figure-caption\">Chaqueta de punto con detalle de lazos de H&amp;M. <\/figcaption><\/picture>\n<\/div>\n<div id=\"photoZoomModal-779\" class=\"voc-lightbox modal fade voc-lightbox--photo-zoom\" role=\"dialog\" data-voc-photozoom-lightbox>\n<div class=\"voc-lightbox__dialog\" role=\"document\">\n<div class=\"voc-lightbox__content\"> <!-- Modal header --> <!-- Modal content --> <\/p>\n<div class=\"voc-lightbox__photo-container\"> <picture class> <img loading=\"lazy\" src=\"http:\/\/hoycordobaweb.com\/wp-content\/uploads\/2024\/11\/las-prendas-de-fiesta-de-hm-que-se-agotaran-antes-de-que-llegue-navidad-1.webp\" alt=\"Chaqueta de punto con detalle de lazos de H&amp;M. \"> <noscript> <img src=\"http:\/\/hoycordobaweb.com\/wp-content\/uploads\/2024\/11\/las-prendas-de-fiesta-de-hm-que-se-agotaran-antes-de-que-llegue-navidad-1.webp\" alt=\"Chaqueta de punto con detalle de lazos de H&amp;M. \"> <\/noscript> <\/picture> <\/div><\/div><\/div>\n<\/div>\n<p class=\"voc-paragraph\" data-mrf-recirculation=\"Link art\u00edculo\">El a\u00f1o pasado se puso de moda una chaqueta similar de H&amp;M con detalle de lazos. Pues bien, la cadena sueca ha vuelto a lanzar este dise\u00f1o pero con un aspecto m\u00e1s c\u00e1lido y gustoso como es esta chaqueta de punto. Es un dise\u00f1o ideal para fiestas.\n<\/p>\n<div class=\"voc-detail-photo-zoom\"> <picture data-toggle=\"modal\" data-target=\"#photoZoomModal-573\" target=\"modal\">\n<div class=\"voc-img-icon-link\"> <img loading=\"lazy\" src=\"http:\/\/hoycordobaweb.com\/wp-content\/uploads\/2024\/11\/las-prendas-de-fiesta-de-hm-que-se-agotaran-antes-de-que-llegue-navidad-1.jpg\" width=\"650\" height=\"900\" alt=\"Vestido en jacquar de color crudo de H&amp;M.\"> <noscript> <img src=\"http:\/\/hoycordobaweb.com\/wp-content\/uploads\/2024\/11\/las-prendas-de-fiesta-de-hm-que-se-agotaran-antes-de-que-llegue-navidad-1.jpg\" alt=\"Vestido en jacquar de color crudo de H&amp;M.\"> <\/noscript> <i class=\"voc-icons zoom voc-multimedia-box voc-ico-l\"><\/i> <\/div><figcaption class=\"figure-caption\">Vestido en jacquar de color crudo de H&amp;M.<\/figcaption><\/picture>\n<\/div>\n<div id=\"photoZoomModal-573\" class=\"voc-lightbox modal fade voc-lightbox--photo-zoom\" role=\"dialog\" data-voc-photozoom-lightbox>\n<div class=\"voc-lightbox__dialog\" role=\"document\">\n<div class=\"voc-lightbox__content\"> <!-- Modal header --> <!-- Modal content --> <\/p>\n<div class=\"voc-lightbox__photo-container\"> <picture class> <img loading=\"lazy\" src=\"http:\/\/hoycordobaweb.com\/wp-content\/uploads\/2024\/11\/las-prendas-de-fiesta-de-hm-que-se-agotaran-antes-de-que-llegue-navidad-1.jpg\" alt=\"Vestido en jacquar de color crudo de H&amp;M.\"> <noscript> <img src=\"http:\/\/hoycordobaweb.com\/wp-content\/uploads\/2024\/11\/las-prendas-de-fiesta-de-hm-que-se-agotaran-antes-de-que-llegue-navidad-1.jpg\" alt=\"Vestido en jacquar de color crudo de H&amp;M.\"> <\/noscript> <\/picture> <\/div><\/div><\/div>\n<\/div>\n<p class=\"voc-paragraph\" data-mrf-recirculation=\"Link art\u00edculo\">\u00bfQui\u00e9n dijo que los tonos crudos no son para las fiestas? Tambi\u00e9n se pueden llevar y m\u00e1s con dise\u00f1os tan ideales como este vestido en jacquard de H&amp;M. Es un modelo de manga larga, con cuello redondo y perfecto para lucir con medias. Precio: 29,99 euros.\n<\/p>\n<div class=\"voc-detail-photo-zoom\"> <picture data-toggle=\"modal\" data-target=\"#photoZoomModal-582\" target=\"modal\">\n<div class=\"voc-img-icon-link\"> <img loading=\"lazy\" src=\"http:\/\/hoycordobaweb.com\/wp-content\/uploads\/2024\/11\/las-prendas-de-fiesta-de-hm-que-se-agotaran-antes-de-que-llegue-navidad-2.webp\" width=\"650\" height=\"900\" alt=\"Vestido mini en jacquard de color negro de H&amp;M.\"> <noscript> <img src=\"http:\/\/hoycordobaweb.com\/wp-content\/uploads\/2024\/11\/las-prendas-de-fiesta-de-hm-que-se-agotaran-antes-de-que-llegue-navidad-2.webp\" alt=\"Vestido mini en jacquard de color negro de H&amp;M.\"> <\/noscript> <i class=\"voc-icons zoom voc-multimedia-box voc-ico-l\"><\/i> <\/div><figcaption class=\"figure-caption\">Vestido mini en jacquard de color negro de H&amp;M.<\/figcaption><\/picture>\n<\/div>\n<div id=\"photoZoomModal-582\" class=\"voc-lightbox modal fade voc-lightbox--photo-zoom\" role=\"dialog\" data-voc-photozoom-lightbox>\n<div class=\"voc-lightbox__dialog\" role=\"document\">\n<div class=\"voc-lightbox__content\"> <!-- Modal header --> <!-- Modal content --> <\/p>\n<div class=\"voc-lightbox__photo-container\"> <picture class> <img loading=\"lazy\" src=\"http:\/\/hoycordobaweb.com\/wp-content\/uploads\/2024\/11\/las-prendas-de-fiesta-de-hm-que-se-agotaran-antes-de-que-llegue-navidad-2.webp\" alt=\"Vestido mini en jacquard de color negro de H&amp;M.\"> <noscript> <img src=\"http:\/\/hoycordobaweb.com\/wp-content\/uploads\/2024\/11\/las-prendas-de-fiesta-de-hm-que-se-agotaran-antes-de-que-llegue-navidad-2.webp\" alt=\"Vestido mini en jacquard de color negro de H&amp;M.\"> <\/noscript> <\/picture> <\/div><\/div><\/div>\n<\/div>\n<p class=\"voc-paragraph\" data-mrf-recirculation=\"Link art\u00edculo\">Los vestidos en jacquard son nuestros favoritos cuando llega la temporada de oto\u00f1o-invierno. Sobre todo, son dise\u00f1os especiales cuando llegan \u00e9pocas como la Navidad. Este vestido corto cuenta con un efecto burbuja en el bajo. Es un vestido en negro que cuesta 35,99 euros.\n<\/p>\n<div class=\"voc-detail-photo-zoom\"> <picture data-toggle=\"modal\" data-target=\"#photoZoomModal-162\" target=\"modal\">\n<div class=\"voc-img-icon-link\"> <img loading=\"lazy\" src=\"http:\/\/hoycordobaweb.com\/wp-content\/uploads\/2024\/11\/las-prendas-de-fiesta-de-hm-que-se-agotaran-antes-de-que-llegue-navidad-3.webp\" width=\"650\" height=\"900\" alt=\"Vestido mini en negro con cuello joya de H&amp;M.\"> <noscript> <img src=\"http:\/\/hoycordobaweb.com\/wp-content\/uploads\/2024\/11\/las-prendas-de-fiesta-de-hm-que-se-agotaran-antes-de-que-llegue-navidad-3.webp\" alt=\"Vestido mini en negro con cuello joya de H&amp;M.\"> <\/noscript> <i class=\"voc-icons zoom voc-multimedia-box voc-ico-l\"><\/i> <\/div><figcaption class=\"figure-caption\">Vestido mini en negro con cuello joya de H&amp;M.<\/figcaption><\/picture>\n<\/div>\n<div id=\"photoZoomModal-162\" class=\"voc-lightbox modal fade voc-lightbox--photo-zoom\" role=\"dialog\" data-voc-photozoom-lightbox>\n<div class=\"voc-lightbox__dialog\" role=\"document\">\n<div class=\"voc-lightbox__content\"> <!-- Modal header --> <!-- Modal content --> <\/p>\n<div class=\"voc-lightbox__photo-container\"> <picture class> <img loading=\"lazy\" src=\"http:\/\/hoycordobaweb.com\/wp-content\/uploads\/2024\/11\/las-prendas-de-fiesta-de-hm-que-se-agotaran-antes-de-que-llegue-navidad-3.webp\" alt=\"Vestido mini en negro con cuello joya de H&amp;M.\"> <noscript> <img src=\"http:\/\/hoycordobaweb.com\/wp-content\/uploads\/2024\/11\/las-prendas-de-fiesta-de-hm-que-se-agotaran-antes-de-que-llegue-navidad-3.webp\" alt=\"Vestido mini en negro con cuello joya de H&amp;M.\"> <\/noscript> <\/picture> <\/div><\/div><\/div>\n<\/div>\n<p class=\"voc-paragraph\" data-mrf-recirculation=\"Link art\u00edculo\">Los vestidos negros mini siempre son la mejor opci\u00f3n para cualquier evento. Este dise\u00f1o es muy especial ya que cuenta con pedrer\u00eda en la zona del cuello. Es un vestido corto, sin mangas y que podr\u00e1s encontrar en todas las tallas. Precio: 49,99 euros.\n<\/p>\n<div class=\"voc-detail-photo-zoom\"> <picture data-toggle=\"modal\" data-target=\"#photoZoomModal-372\" target=\"modal\">\n<div class=\"voc-img-icon-link\"> <img loading=\"lazy\" src=\"http:\/\/hoycordobaweb.com\/wp-content\/uploads\/2024\/11\/las-prendas-de-fiesta-de-hm-que-se-agotaran-antes-de-que-llegue-navidad-2.jpg\" width=\"650\" height=\"900\" alt=\"Jersey efecto pelo en blanco de H&amp;M.\"> <noscript> <img src=\"http:\/\/hoycordobaweb.com\/wp-content\/uploads\/2024\/11\/las-prendas-de-fiesta-de-hm-que-se-agotaran-antes-de-que-llegue-navidad-2.jpg\" alt=\"Jersey efecto pelo en blanco de H&amp;M.\"> <\/noscript> <i class=\"voc-icons zoom voc-multimedia-box voc-ico-l\"><\/i> <\/div><figcaption class=\"figure-caption\">Jersey efecto pelo en blanco de H&amp;M.<\/figcaption><\/picture>\n<\/div>\n<div id=\"photoZoomModal-372\" class=\"voc-lightbox modal fade voc-lightbox--photo-zoom\" role=\"dialog\" data-voc-photozoom-lightbox>\n<div class=\"voc-lightbox__dialog\" role=\"document\">\n<div class=\"voc-lightbox__content\"> <!-- Modal header --> <!-- Modal content --> <\/p>\n<div class=\"voc-lightbox__photo-container\"> <picture class> <img loading=\"lazy\" src=\"http:\/\/hoycordobaweb.com\/wp-content\/uploads\/2024\/11\/las-prendas-de-fiesta-de-hm-que-se-agotaran-antes-de-que-llegue-navidad-2.jpg\" alt=\"Jersey efecto pelo en blanco de H&amp;M.\"> <noscript> <img src=\"http:\/\/hoycordobaweb.com\/wp-content\/uploads\/2024\/11\/las-prendas-de-fiesta-de-hm-que-se-agotaran-antes-de-que-llegue-navidad-2.jpg\" alt=\"Jersey efecto pelo en blanco de H&amp;M.\"> <\/noscript> <\/picture> <\/div><\/div><\/div>\n<\/div>\n<p class=\"voc-paragraph\" data-mrf-recirculation=\"Link art\u00edculo\">Cuando no apetece llevar un top negro, y prefieres ir algo m\u00e1s calentita; estas alternativas de punto son ideales. Se trata de un jersey ligeramente largo en punto suave efecto pelo. Es un corte entallado con cuello redondo y botines revestidos. Precio: 49,99 euros.\n<\/p>\n<div class=\"voc-detail-photo-zoom\"> <picture data-toggle=\"modal\" data-target=\"#photoZoomModal-643\" target=\"modal\">\n<div class=\"voc-img-icon-link\"> <img loading=\"lazy\" src=\"http:\/\/hoycordobaweb.com\/wp-content\/uploads\/2024\/11\/las-prendas-de-fiesta-de-hm-que-se-agotaran-antes-de-que-llegue-navidad-3.jpg\" width=\"650\" height=\"900\" alt=\"Falda evas\u00e9 plisada de H&amp;M.\"> <noscript> <img src=\"http:\/\/hoycordobaweb.com\/wp-content\/uploads\/2024\/11\/las-prendas-de-fiesta-de-hm-que-se-agotaran-antes-de-que-llegue-navidad-3.jpg\" alt=\"Falda evas\u00e9 plisada de H&amp;M.\"> <\/noscript> <i class=\"voc-icons zoom voc-multimedia-box voc-ico-l\"><\/i> <\/div><figcaption class=\"figure-caption\">Falda evas\u00e9 plisada de H&amp;M.<\/figcaption><\/picture>\n<\/div>\n<div id=\"photoZoomModal-643\" class=\"voc-lightbox modal fade voc-lightbox--photo-zoom\" role=\"dialog\" data-voc-photozoom-lightbox>\n<div class=\"voc-lightbox__dialog\" role=\"document\">\n<div class=\"voc-lightbox__content\"> <!-- Modal header --> <!-- Modal content --> <\/p>\n<div class=\"voc-lightbox__photo-container\"> <picture class> <img loading=\"lazy\" src=\"http:\/\/hoycordobaweb.com\/wp-content\/uploads\/2024\/11\/las-prendas-de-fiesta-de-hm-que-se-agotaran-antes-de-que-llegue-navidad-3.jpg\" alt=\"Falda evas\u00e9 plisada de H&amp;M.\"> <noscript> <img src=\"http:\/\/hoycordobaweb.com\/wp-content\/uploads\/2024\/11\/las-prendas-de-fiesta-de-hm-que-se-agotaran-antes-de-que-llegue-navidad-3.jpg\" alt=\"Falda evas\u00e9 plisada de H&amp;M.\"> <\/noscript> <\/picture> <\/div><\/div><\/div>\n<\/div>\n<p class=\"voc-paragraph\" data-mrf-recirculation=\"Link art\u00edculo\">Las faldas son opciones perfectas para lucir en eventos durante todo el a\u00f1o, incluso en Navidad. Una propuesta de H&amp;M es esta falda de corte evas\u00e9, con detalle plisado y tejido revestido. Es un modelo con cintura el\u00e1stica. Precio: 59,99 euros.\n<\/p>\n<div class=\"voc-detail-photo-zoom\"> <picture data-toggle=\"modal\" data-target=\"#photoZoomModal-682\" target=\"modal\">\n<div class=\"voc-img-icon-link\"> <img loading=\"lazy\" src=\"http:\/\/hoycordobaweb.com\/wp-content\/uploads\/2024\/11\/las-prendas-de-fiesta-de-hm-que-se-agotaran-antes-de-que-llegue-navidad-4.jpg\" width=\"650\" height=\"900\" alt=\"Pantal\u00f3n con abertura en el bajo de H&amp;M.\"> <noscript> <img src=\"http:\/\/hoycordobaweb.com\/wp-content\/uploads\/2024\/11\/las-prendas-de-fiesta-de-hm-que-se-agotaran-antes-de-que-llegue-navidad-4.jpg\" alt=\"Pantal\u00f3n con abertura en el bajo de H&amp;M.\"> <\/noscript> <i class=\"voc-icons zoom voc-multimedia-box voc-ico-l\"><\/i> <\/div><figcaption class=\"figure-caption\">Pantal\u00f3n con abertura en el bajo de H&amp;M.<\/figcaption><\/picture>\n<\/div>\n<div id=\"photoZoomModal-682\" class=\"voc-lightbox modal fade voc-lightbox--photo-zoom\" role=\"dialog\" data-voc-photozoom-lightbox>\n<div class=\"voc-lightbox__dialog\" role=\"document\">\n<div class=\"voc-lightbox__content\"> <!-- Modal header --> <!-- Modal content --> <\/p>\n<div class=\"voc-lightbox__photo-container\"> <picture class> <img loading=\"lazy\" src=\"http:\/\/hoycordobaweb.com\/wp-content\/uploads\/2024\/11\/las-prendas-de-fiesta-de-hm-que-se-agotaran-antes-de-que-llegue-navidad-4.jpg\" alt=\"Pantal\u00f3n con abertura en el bajo de H&amp;M.\"> <noscript> <img src=\"http:\/\/hoycordobaweb.com\/wp-content\/uploads\/2024\/11\/las-prendas-de-fiesta-de-hm-que-se-agotaran-antes-de-que-llegue-navidad-4.jpg\" alt=\"Pantal\u00f3n con abertura en el bajo de H&amp;M.\"> <\/noscript> <\/picture> <\/div><\/div><\/div>\n<\/div>\n<p class=\"voc-paragraph\" data-mrf-recirculation=\"Link art\u00edculo\">Se trata de un pantal\u00f3n de tiro alto en color negro muy sencillo a priori pero con detalles especiales. Y es que el pantal\u00f3n cuenta con una abertura en el bajo que le a\u00f1ade un toque m\u00e1s original a este dise\u00f1o. Es un pantal\u00f3n de H&amp;M que cuesta 29,99 euros.\n<\/p>\n<p> <!-- TOPICS --> <\/p>\n","protected":false},"excerpt":{"rendered":"<p>Parece que la Navidad se ha adelantado bastante este a\u00f1o. Muchas marcas est\u00e1n celebrando cenas o eventos especiales antes de que llegue diciembre. Por eso, nos hemos puesto ya en un modo algo m\u00e1s navide\u00f1o. O al menos ya estamos buscando piezas en nuestro armario que sean m\u00e1s festivas. Si necesitas renovar algunos b\u00e1sicos o [&hellip;]<\/p>\n","protected":false},"author":1,"featured_media":87190,"comment_status":"closed","ping_status":"closed","sticky":false,"template":"","format":"standard","meta":[],"categories":[],"tags":[],"_links":{"self":[{"href":"http:\/\/hoycordobaweb.com\/index.php\/wp-json\/wp\/v2\/posts\/87189"}],"collection":[{"href":"http:\/\/hoycordobaweb.com\/index.php\/wp-json\/wp\/v2\/posts"}],"about":[{"href":"http:\/\/hoycordobaweb.com\/index.php\/wp-json\/wp\/v2\/types\/post"}],"author":[{"embeddable":true,"href":"http:\/\/hoycordobaweb.com\/index.php\/wp-json\/wp\/v2\/users\/1"}],"replies":[{"embeddable":true,"href":"http:\/\/hoycordobaweb.com\/index.php\/wp-json\/wp\/v2\/comments?post=87189"}],"version-history":[{"count":0,"href":"http:\/\/hoycordobaweb.com\/index.php\/wp-json\/wp\/v2\/posts\/87189\/revisions"}],"wp:featuredmedia":[{"embeddable":true,"href":"http:\/\/hoycordobaweb.com\/index.php\/wp-json\/wp\/v2\/media\/87190"}],"wp:attachment":[{"href":"http:\/\/hoycordobaweb.com\/index.php\/wp-json\/wp\/v2\/media?parent=87189"}],"wp:term":[{"taxonomy":"category","embeddable":true,"href":"http:\/\/hoycordobaweb.com\/index.php\/wp-json\/wp\/v2\/categories?post=87189"},{"taxonomy":"post_tag","embeddable":true,"href":"http:\/\/hoycordobaweb.com\/index.php\/wp-json\/wp\/v2\/tags?post=87189"}],"curies":[{"name":"wp","href":"https:\/\/api.w.org\/{rel}","templated":true}]}}