{"id":87183,"date":"2024-11-01T00:40:53","date_gmt":"2024-11-01T00:40:53","guid":{"rendered":"https:\/\/www.ole.com.ar\/equipos\/river-plate\/river-copa-libertadores-torneo-local-marcelo-gallardo-octubre-noviembre-mes-clave_0_HC2q18nkPx.html"},"modified":"2024-11-01T00:40:53","modified_gmt":"2024-11-01T00:40:53","slug":"despues-de-su-octubre-negro-river-arranca-noviembre-obligado-a-revertir-la-tendencia","status":"publish","type":"post","link":"http:\/\/hoycordobaweb.com\/index.php\/2024\/11\/01\/despues-de-su-octubre-negro-river-arranca-noviembre-obligado-a-revertir-la-tendencia\/","title":{"rendered":"Despu\u00e9s de su octubre negro, River arranca noviembre obligado a revertir la tendencia"},"content":{"rendered":"<p><img src=\"http:\/\/hoycordobaweb.com\/wp-content\/uploads\/2024\/11\/despues-de-su-octubre-negro-river-arranca-noviembre-obligado-a-revertir-la-tendencia.jpg\"><\/p>\n<p><time class=\"createDate\" datetime=\"2024-10-31T21:40:53-03:00\">31\/10\/2024 21:40hs.<\/time><\/p>\n<div id=\"storyBody\">\n<div class=\"custom-text \" readability=\"41.685157421289\">\n<p>Se termin\u00f3. Por fin <strong>se termin\u00f3 el mes m\u00e1s negro del 2024 para <a href=\"https:\/\/www.ole.com.ar\/tema\/river-plate.html\" title=\"River Plate\" alt=\"River Plate\" class=\"slug\">River<\/a>.<\/strong> Un octubre que desde este viernes desaparecer\u00e1 del calendario pero no de la memoria de los hinchas millonarios, a quienes todav\u00eda les dura la bronca por esos nefastos treinta d\u00edas en los que el equipo toc\u00f3 el piso de su rendimiento, se despidi\u00f3 del sue\u00f1o de disputar la hist\u00f3rica final de la <strong>Copa Libertadores<\/strong> en el Monumental, <strong>no gan\u00f3 ni uno solo de los cinco partidos que disput\u00f3<\/strong>, covirti\u00f3 apenas un gol (y de penal), dej\u00f3 pasar la \u00faltima chance de acercarse al puntero de la Liga y, si algo le hubiese faltado para completar el desgraciado pack, sufri\u00f3 inoportun\u00edsimas lesiones.<\/p>\n<\/div>\n<div class=\"custom-text \" readability=\"40.297644539615\">\n<p>La buena noticia para los jugadores, <strong><a href=\"https:\/\/www.ole.com.ar\/tema\/marcelo-gallardo.html\" title=\"Marcelo Gallardo\" alt=\"Marcelo Gallardo\" class=\"slug\">Gallardo<\/a><\/strong>, los dirigentes y los f\u00e1n\u00e1ticos es que un mes que todos hubieran querido borrar del calendario lleg\u00f3 a su fin este jueves. El viernes, de todos modos, empieza otro que <strong>obligatoriamente tendr\u00e1 que contrastar abruptamente con el anterior<\/strong> para que <strong>River <\/strong>pueda salir de su sequ\u00eda (de goles, de juego y de puntos) en el objetivo de evitar un nuevo dolor de cabeza y varios futbolistas, entrar en la pretemporada de enero.<\/p>\n<\/div>\n<div class=\"custom-text \" readability=\"41\">\n<p>De los los 24 puntos que tendr\u00e1 en juego de ac\u00e1 al final del torneo, de hecho, 15 los pondr\u00e1 en juego (ante Banfield, Instituto, Barracas, Independiente Rivadavia y San Lorenzo) en un <strong>mes crucial para el equipo en su desaf\u00edo de volver a meterse en zona de Libertadores 2025<\/strong>, la \u00fanica meta posible en un a\u00f1o en el que no logr\u00f3 ning\u00fan \u00e9xito m\u00e1s que la ef\u00edmera alegr\u00eda del triunfo en el supercl\u00e1sico en La Bombonera.<\/p>\n<\/div>\n<div class=\"custom-text \" readability=\"38\">\n<p>Conseguirlo ser\u00eda la forma de esquivar otro tropez\u00f3n deportivo aunque a la vez, y m\u00e1s importante que eso, un sacud\u00f3n econ\u00f3mico para la tesorer\u00eda del club. Porque estar presente en la Libertadores por 11\u00b0 a\u00f1o consecutivo es lo menos esperable para un <strong>plantel que demanda un alt\u00edsimo presupuesto, demasiado oneroso como para conformarse con el consuelo de jugar una Sudamericana.<\/strong><\/p>\n<\/div>\n<div type=\"embed\" class=\"sc-3f46f5ae-0 djVTgz\">\n<div class=\"sc-3f46f5ae-1 fTjZec videoText\" id=\"contentTitleembedE1aj7ZAB\" type=\"embed\"><svg fill=\"#ffffff\"><symbol id=\"play\" viewBox=\"0 0 512 512\"><path d=\"M512 256C512 397.4 397.4 512 256 512C114.6 512 0 397.4 0 256C0 114.6 114.6 0 256 0C397.4 0 512 114.6 512 256zM176 168V344C176 352.7 180.7 360.7 188.3 364.9C195.8 369.2 205.1 369 212.5 364.5L356.5 276.5C363.6 272.1 368 264.4 368 256C368 247.6 363.6 239.9 356.5 235.5L212.5 147.5C205.1 142.1 195.8 142.8 188.3 147.1C180.7 151.3 176 159.3 176 168V168z\" \/><\/symbol><use xlink:href=\"#play\" \/><\/svg><\/p>\n<div class=\"right\">\n<p>River Plate<!-- --> &#8211;<!-- --> <span>&nbsp;<\/span><\/p>\n<h2 class=\"title-vid\">Demichelis habl\u00f3 sobre el recibimiento de la gente de River<\/h2>\n<\/div>\n<\/div>\n<p><span class=\"back\" id=\"spanBackembedE1aj7ZAB\"><\/span><\/div>\n<div class=\"custom-text \" readability=\"40\">\n<p>En ese contexto, el partido de este s\u00e1bado a las 18 ante <strong>Banfield <\/strong>representar\u00e1 la oportunidad de <strong>empezar a revertir una tendencia que hizo que octubre haya sido mucho peor que un olvidable julio<\/strong>. Quedarse con los tres puntos, entonces, representar\u00eda no solo cortar una racha que ya llleva 38 d\u00edas (desde el 1-0 a Colo-Colo del 24 de septiembre) sino tambi\u00e9n no incrementar otra, la de los partidos posteriores a una eliminaci\u00f3n en la Copa, donde con el Mu\u00f1eco gan\u00f3 uno y empat\u00f3 otro de los nueve que tuvo que disputar en estas circunstancias.<\/p>\n<\/div>\n<p><h2><strong>El d\u00e9ficit goleador de River<\/strong><\/h2>\n<\/p>\n<div type=\"embed\" class=\"sc-3f46f5ae-0 djVTgz\">\n<div class=\"sc-3f46f5ae-1 fTjZec videoText\" id=\"contentTitleembedhRPjQvfh\" type=\"embed\"><svg fill=\"#ffffff\"><symbol id=\"play\" viewBox=\"0 0 512 512\"><path d=\"M512 256C512 397.4 397.4 512 256 512C114.6 512 0 397.4 0 256C0 114.6 114.6 0 256 0C397.4 0 512 114.6 512 256zM176 168V344C176 352.7 180.7 360.7 188.3 364.9C195.8 369.2 205.1 369 212.5 364.5L356.5 276.5C363.6 272.1 368 264.4 368 256C368 247.6 363.6 239.9 356.5 235.5L212.5 147.5C205.1 142.1 195.8 142.8 188.3 147.1C180.7 151.3 176 159.3 176 168V168z\" \/><\/symbol><use xlink:href=\"#play\" \/><\/svg><\/p>\n<div class=\"right\">\n<p>Marcelo Gallardo<!-- --> &#8211;<!-- --> <span>&nbsp;<\/span><\/p>\n<h2 class=\"title-vid\">Las estad\u00edsticas que confirman el gran d\u00e9ficit de River: la falta de gol<\/h2>\n<\/div>\n<\/div>\n<p><span class=\"back\" id=\"spanBackembedhRPjQvfh\"><\/span><\/div>\n<div class=\"sc-a7166897-0 eoLsBE\" readability=\"6.5\">\n<section readability=\"3\"><picture><img alt=\"La pelea por entrar a las Copas 2025: River y Boca, afuera de la Libertadores\" loading=\"lazy\" width=\"290\" height=\"290\" decoding=\"async\" data-nimg=\"1\" src=\"http:\/\/hoycordobaweb.com\/wp-content\/uploads\/2024\/11\/despues-de-su-octubre-negro-river-arranca-noviembre-obligado-a-revertir-la-tendencia-2.jpg\"><\/picture>\n<p><span>Mir\u00e1 tambi\u00e9n<\/span><\/p>\n<hr>\n<h3>La pelea por entrar a las Copas 2025: River y Boca, afuera de la Libertadores<\/h3>\n<\/p>\n<\/section>\n<\/div>\n<div class=\"sc-a7166897-0 eoLsBE\" readability=\"6\">\n<section readability=\"2\"><picture><img alt=\"La tabla de la Liga Profesional: dos empates en el comienzo de la fecha 20\" loading=\"lazy\" width=\"290\" height=\"290\" decoding=\"async\" data-nimg=\"1\" src=\"http:\/\/hoycordobaweb.com\/wp-content\/uploads\/2024\/11\/despues-de-su-octubre-negro-river-arranca-noviembre-obligado-a-revertir-la-tendencia-3.jpg\"><\/picture>\n<p><span>Mir\u00e1 tambi\u00e9n<\/span><\/p>\n<hr>\n<h3>La tabla de la Liga Profesional: dos empates en el comienzo de la fecha 20<\/h3>\n<\/p>\n<\/section>\n<\/div>\n<div class=\"sc-a7166897-0 eoLsBE\" readability=\"7\">\n<section readability=\"4\"><picture><img alt=\"Demichelis, otro que destac\u00f3 el recibimiento en el Monumental: &quot;No dudaba del hincha de River&quot;\" loading=\"lazy\" width=\"290\" height=\"290\" decoding=\"async\" data-nimg=\"1\" src=\"http:\/\/hoycordobaweb.com\/wp-content\/uploads\/2024\/11\/despues-de-su-octubre-negro-river-arranca-noviembre-obligado-a-revertir-la-tendencia-4.jpg\"><\/picture>\n<p><span>Mir\u00e1 tambi\u00e9n<\/span><\/p>\n<hr>\n<h3>Demichelis, otro que destac\u00f3 el recibimiento en el Monumental: \u00abNo dudaba del hincha de River\u00bb<\/h3>\n<\/p>\n<\/section>\n<\/div>\n<div class=\"sc-a7166897-0 eoLsBE\" readability=\"6.5\">\n<section readability=\"3\"><picture><img alt=\"Con varios hist\u00f3ricos de River invitados, Barovero anunci\u00f3 su partido despedida\" loading=\"lazy\" width=\"290\" height=\"290\" decoding=\"async\" data-nimg=\"1\" src=\"http:\/\/hoycordobaweb.com\/wp-content\/uploads\/2024\/11\/despues-de-su-octubre-negro-river-arranca-noviembre-obligado-a-revertir-la-tendencia-5.jpg\"><\/picture>\n<p><span>Mir\u00e1 tambi\u00e9n<\/span><\/p>\n<hr>\n<h3>Con varios hist\u00f3ricos de River invitados, Barovero anunci\u00f3 su partido despedida<\/h3>\n<\/p>\n<\/section>\n<\/div>\n<\/div>\n","protected":false},"excerpt":{"rendered":"<p>31\/10\/2024 21:40hs. Se termin\u00f3. Por fin se termin\u00f3 el mes m\u00e1s negro del 2024 para River. Un octubre que desde este viernes desaparecer\u00e1 del calendario pero no de la memoria de los hinchas millonarios, a quienes todav\u00eda les dura la bronca por esos nefastos treinta d\u00edas en los que el equipo toc\u00f3 el piso de [&hellip;]<\/p>\n","protected":false},"author":1,"featured_media":87184,"comment_status":"open","ping_status":"closed","sticky":false,"template":"","format":"standard","meta":[],"categories":[16],"tags":[],"_links":{"self":[{"href":"http:\/\/hoycordobaweb.com\/index.php\/wp-json\/wp\/v2\/posts\/87183"}],"collection":[{"href":"http:\/\/hoycordobaweb.com\/index.php\/wp-json\/wp\/v2\/posts"}],"about":[{"href":"http:\/\/hoycordobaweb.com\/index.php\/wp-json\/wp\/v2\/types\/post"}],"author":[{"embeddable":true,"href":"http:\/\/hoycordobaweb.com\/index.php\/wp-json\/wp\/v2\/users\/1"}],"replies":[{"embeddable":true,"href":"http:\/\/hoycordobaweb.com\/index.php\/wp-json\/wp\/v2\/comments?post=87183"}],"version-history":[{"count":0,"href":"http:\/\/hoycordobaweb.com\/index.php\/wp-json\/wp\/v2\/posts\/87183\/revisions"}],"wp:featuredmedia":[{"embeddable":true,"href":"http:\/\/hoycordobaweb.com\/index.php\/wp-json\/wp\/v2\/media\/87184"}],"wp:attachment":[{"href":"http:\/\/hoycordobaweb.com\/index.php\/wp-json\/wp\/v2\/media?parent=87183"}],"wp:term":[{"taxonomy":"category","embeddable":true,"href":"http:\/\/hoycordobaweb.com\/index.php\/wp-json\/wp\/v2\/categories?post=87183"},{"taxonomy":"post_tag","embeddable":true,"href":"http:\/\/hoycordobaweb.com\/index.php\/wp-json\/wp\/v2\/tags?post=87183"}],"curies":[{"name":"wp","href":"https:\/\/api.w.org\/{rel}","templated":true}]}}