{"id":87093,"date":"2024-10-31T17:11:44","date_gmt":"2024-10-31T17:11:44","guid":{"rendered":"https:\/\/www.ole.com.ar\/futbol-de-primera\/futbol-primera-liga-profesional-modiciaciones-dia-horarios-fecha-22-fecha-fifa-ola-calor_0_xVN7dyqfOM.html"},"modified":"2024-10-31T17:11:44","modified_gmt":"2024-10-31T17:11:44","slug":"cambios-de-dia-y-horario-en-la-liga-profesional-por-las-altas-temperaturas","status":"publish","type":"post","link":"http:\/\/hoycordobaweb.com\/index.php\/2024\/10\/31\/cambios-de-dia-y-horario-en-la-liga-profesional-por-las-altas-temperaturas\/","title":{"rendered":"Cambios de d\u00eda y horario en la Liga Profesional por las altas temperaturas"},"content":{"rendered":"<p><img src=\"http:\/\/hoycordobaweb.com\/wp-content\/uploads\/2024\/10\/cambios-de-dia-y-horario-en-la-liga-profesional-por-las-altas-temperaturas.jpg\"><\/p>\n<p><time class=\"createDate\" datetime=\"2024-10-31T14:11:44-03:00\">31\/10\/2024 14:11hs.<\/time><\/p>\n<div id=\"storyBody\">\n<div class=\"custom-text \" readability=\"33.916666666667\">\n<p><strong>La <a href=\"https:\/\/www.ole.com.ar\/tema\/liga-profesional.html\" title=\"Liga Profesional\" alt=\"Liga Profesional\" class=\"slug\">Liga Profesional de F\u00fatbol<\/a> decidi\u00f3 ajustar el calendario de la fecha 22 debido a las altas temperaturas<\/strong> que se registran en varias zonas del pa\u00eds, buscando preservar las condiciones \u00f3ptimas de juego y la salud de los futbolistas. A continuaci\u00f3n, repasamos los nuevos d\u00edas y horarios de los encuentros modificados&#8230;<\/p>\n<\/div>\n<p><h2><strong><em>Liga Profesional: los partidos reprogramados por las altas temperaturas<\/em><\/strong><\/h2>\n<\/p>\n<div class=\"custom-text \" readability=\"33.011235955056\">\n<p>El duelo entre <strong><a href=\"https:\/\/www.ole.com.ar\/tema\/union.html\" title=\"Uni\u00f3n\" alt=\"Uni\u00f3n\" class=\"slug\">Uni\u00f3n<\/a> y <a href=\"https:\/\/www.ole.com.ar\/tema\/atletico-tucuman.html\" title=\"Atl\u00e9tico Tucum\u00e1n\" alt=\"Atl\u00e9tico Tucum\u00e1n\" class=\"slug\">Atl\u00e9tico Tucum\u00e1n<\/a><\/strong>, originalmente pautado para el s\u00e1bado 9 de noviembre a las 15, se disputar\u00e1 a las <strong>16.45<\/strong>. Por su parte, el encuentro entre <strong><a href=\"https:\/\/www.ole.com.ar\/tema\/belgrano-de-cordoba.html\" title=\"Belgrano de C\u00f3rdoba\" alt=\"Belgrano de C\u00f3rdoba\" class=\"slug\">Belgrano<\/a> e <a href=\"https:\/\/www.ole.com.ar\/tema\/instituto-cordoba.html\" title=\"Instituto (C\u00f3rdoba)\" alt=\"Instituto (C\u00f3rdoba)\" class=\"slug\">Instituto<\/a><\/strong>, que iba a jugarse el domingo 10 a las 15, se pas\u00f3 al <strong>lunes 11 a las 21 horas<\/strong>.<\/p>\n<\/div>\n<div class=\"custom-text \" readability=\"37.625\">\n<p>En Santiago del Estero, <strong><a href=\"https:\/\/www.ole.com.ar\/tema\/central-cordoba.html\" title=\"Central C\u00f3rdoba\" alt=\"Central C\u00f3rdoba\" class=\"slug\">Central C\u00f3rdoba<\/a> recibir\u00e1 a <a href=\"https:\/\/www.ole.com.ar\/tema\/estudiantes-de-la-plata.html\" title=\"Estudiantes de La Plata\" alt=\"Estudiantes de La Plata\" class=\"slug\">Estudiantes<\/a><\/strong> el domingo 10 de noviembre, pero el encuentro, previsto inicialmente para las 15, <strong>comenzar\u00e1 a las 16<\/strong>. Finalmente, el partido entre <strong><a href=\"https:\/\/www.ole.com.ar\/tema\/riestra.html\" title=\"Riestra\" alt=\"Riestra\" class=\"slug\">Riestra<\/a> y <a href=\"https:\/\/www.ole.com.ar\/tema\/velez.html\" title=\"V\u00e9lez\" alt=\"V\u00e9lez\" class=\"slug\">V\u00e9lez<\/a><\/strong>, programado para el lunes 11, tendr\u00e1 lugar a las <strong>16<\/strong> en el Estadio Guillermo Laza, en vez de las 15 horas.<\/p>\n<\/div>\n<div class=\"custom-text \" readability=\"37\">\n<p>Estos cambios en los horarios apuntan a proteger a los jugadores de la exposici\u00f3n a las altas temperaturas y garantizar un rendimiento adecuado en el campo. Adem\u00e1s para tener en cuenta, la reprogramaci\u00f3n de estos partidos de la jornada 22 de la LPF (\u00faltima antes del parate por Eliminatorias) <strong>no interfiere con la fecha FIFA<\/strong>, que se desarrollar\u00e1 del 11 al 19 de noviembre.<\/p>\n<\/div>\n<div class=\"custom-text \" readability=\"40\">\n<p>Cabe recordar que <strong>la Liga ya hab\u00eda implementado modificaciones similares en las fechas 20 y 21<\/strong>, atendiendo a las recomendaciones para evitar que los partidos se disputen antes de las 16 horas, cuando el calor suele ser m\u00e1s intenso. Esta medida busca, adem\u00e1s, adaptarse a las condiciones clim\u00e1ticas del verano, garantizando el bienestar de los jugadores e hinchas.<\/p>\n<\/div>\n<div class=\"sc-e7b891c4-0 ifHnQL image-embed\"><img alt=\"V\u00e9lez, el l\u00edder, uno de los equipo que debi\u00f3 reprogramar el partido. (Fotobaires)\" loading=\"lazy\" width=\"1290\" height=\"760\" decoding=\"async\" data-nimg=\"1\" src=\"http:\/\/hoycordobaweb.com\/wp-content\/uploads\/2024\/10\/cambios-de-dia-y-horario-en-la-liga-profesional-por-las-altas-temperaturas-2.jpg\"><span class=\"epigraphe\">V\u00e9lez, el l\u00edder, uno de los equipo que debi\u00f3 reprogramar el partido. (Fotobaires)<\/span><\/div>\n<p><h2><strong><em>El aviso oficial de la Liga Profesional por las postergaciones<\/em><\/strong><\/h2>\n<\/p>\n<div class=\"sc-a7166897-0 eoLsBE\" readability=\"6\">\n<section readability=\"2\"><picture><img alt=\"Francisco Cerundolo qued\u00f3 eliminado del Masters 1000 de Par\u00eds\" loading=\"lazy\" width=\"290\" height=\"290\" decoding=\"async\" data-nimg=\"1\" src=\"http:\/\/hoycordobaweb.com\/wp-content\/uploads\/2024\/10\/cambios-de-dia-y-horario-en-la-liga-profesional-por-las-altas-temperaturas-3.jpg\"><\/picture>\n<p><span>Mir\u00e1 tambi\u00e9n<\/span><\/p>\n<hr>\n<h3>Francisco Cerundolo qued\u00f3 eliminado del Masters 1000 de Par\u00eds<\/h3>\n<\/p>\n<\/section>\n<\/div>\n<div class=\"sc-a7166897-0 eoLsBE\" readability=\"6\">\n<section readability=\"2\"><picture><img alt=\"Argentina pas\u00f3 a cuartos en el Mundial de p\u00e1del Qatar 2024\" loading=\"lazy\" width=\"290\" height=\"290\" decoding=\"async\" data-nimg=\"1\" src=\"http:\/\/hoycordobaweb.com\/wp-content\/uploads\/2024\/10\/cambios-de-dia-y-horario-en-la-liga-profesional-por-las-altas-temperaturas-4.jpg\"><\/picture>\n<p><span>Mir\u00e1 tambi\u00e9n<\/span><\/p>\n<hr>\n<h3>Argentina pas\u00f3 a cuartos en el Mundial de p\u00e1del Qatar 2024<\/h3>\n<\/p>\n<\/section>\n<\/div>\n<div class=\"sc-a7166897-0 eoLsBE\" readability=\"6\">\n<section readability=\"2\"><picture><img alt=\"C\u00f3mo viene la recuperaci\u00f3n de Aliendro y la fecha que analizan en River \" loading=\"lazy\" width=\"290\" height=\"290\" decoding=\"async\" data-nimg=\"1\" src=\"http:\/\/hoycordobaweb.com\/wp-content\/uploads\/2024\/10\/cambios-de-dia-y-horario-en-la-liga-profesional-por-las-altas-temperaturas-5.jpg\"><\/picture>\n<p><span>Mir\u00e1 tambi\u00e9n<\/span><\/p>\n<hr>\n<h3>C\u00f3mo viene la recuperaci\u00f3n de Aliendro y la fecha que analizan en River <\/h3>\n<\/p>\n<\/section>\n<\/div>\n<\/div>\n","protected":false},"excerpt":{"rendered":"<p>31\/10\/2024 14:11hs. La Liga Profesional de F\u00fatbol decidi\u00f3 ajustar el calendario de la fecha 22 debido a las altas temperaturas que se registran en varias zonas del pa\u00eds, buscando preservar las condiciones \u00f3ptimas de juego y la salud de los futbolistas. A continuaci\u00f3n, repasamos los nuevos d\u00edas y horarios de los encuentros modificados&#8230; Liga Profesional: [&hellip;]<\/p>\n","protected":false},"author":1,"featured_media":87094,"comment_status":"open","ping_status":"closed","sticky":false,"template":"","format":"standard","meta":[],"categories":[16],"tags":[],"_links":{"self":[{"href":"http:\/\/hoycordobaweb.com\/index.php\/wp-json\/wp\/v2\/posts\/87093"}],"collection":[{"href":"http:\/\/hoycordobaweb.com\/index.php\/wp-json\/wp\/v2\/posts"}],"about":[{"href":"http:\/\/hoycordobaweb.com\/index.php\/wp-json\/wp\/v2\/types\/post"}],"author":[{"embeddable":true,"href":"http:\/\/hoycordobaweb.com\/index.php\/wp-json\/wp\/v2\/users\/1"}],"replies":[{"embeddable":true,"href":"http:\/\/hoycordobaweb.com\/index.php\/wp-json\/wp\/v2\/comments?post=87093"}],"version-history":[{"count":0,"href":"http:\/\/hoycordobaweb.com\/index.php\/wp-json\/wp\/v2\/posts\/87093\/revisions"}],"wp:featuredmedia":[{"embeddable":true,"href":"http:\/\/hoycordobaweb.com\/index.php\/wp-json\/wp\/v2\/media\/87094"}],"wp:attachment":[{"href":"http:\/\/hoycordobaweb.com\/index.php\/wp-json\/wp\/v2\/media?parent=87093"}],"wp:term":[{"taxonomy":"category","embeddable":true,"href":"http:\/\/hoycordobaweb.com\/index.php\/wp-json\/wp\/v2\/categories?post=87093"},{"taxonomy":"post_tag","embeddable":true,"href":"http:\/\/hoycordobaweb.com\/index.php\/wp-json\/wp\/v2\/tags?post=87093"}],"curies":[{"name":"wp","href":"https:\/\/api.w.org\/{rel}","templated":true}]}}