{"id":87010,"date":"2024-10-31T12:25:17","date_gmt":"2024-10-31T12:25:17","guid":{"rendered":"https:\/\/www.mujerhoy.com\/moda\/no-te-pierdas\/blanca-cuesta-estilo-moderno-denim-trajes-20241031132446-nt.html"},"modified":"2024-10-31T12:25:17","modified_gmt":"2024-10-31T12:25:17","slug":"blanca-cuesta-y-su-estilo-moderno-y-sofisticado-que-va-del-look-denim-dosmilero-al-traje-impecable","status":"publish","type":"post","link":"http:\/\/hoycordobaweb.com\/index.php\/2024\/10\/31\/blanca-cuesta-y-su-estilo-moderno-y-sofisticado-que-va-del-look-denim-dosmilero-al-traje-impecable\/","title":{"rendered":"Blanca Cuesta y su estilo moderno y sofisticado que va del look denim dosmilero al traje impecable"},"content":{"rendered":"<p><!-- AUTHOR --> <\/p>\n<div class=\"voc-author-timesocial \"> <!-- AUTHOR --> <\/p>\n<div class=\"voc-author-timesocial__signature \">\n<div class=\"voc-author-timesocial__img-c\"> <!-- IMAGE AUTHOR --> <picture class=\"voc-image-signature\"> <img class=\"voc-image-signature__img\" src=\"http:\/\/hoycordobaweb.com\/wp-content\/uploads\/2024\/10\/blanca-cuesta-y-su-estilo-moderno-y-sofisticado-que-va-del-look-denim-dosmilero-al-traje-impecable.png\" alt=\"Lidia A. Costa\"> <\/picture> <\/div>\n<p> <!-- INFO AUTHOR --> <\/div><\/div>\n<p> <!-- COMPONENTS --> <\/p>\n<p class=\"voc-paragraph\" data-mrf-recirculation=\"Link art\u00edculo\">Casada con Borja Thyssen desde 2007, <strong>Blanca Cuesta<\/strong> reside actualmente entre Madrid y Andorra junto a su marido y sus cinco hijos. Son recurrentes los rumores de <a data-voc-vtm-id=\"in-text-traffic\" href=\"https:\/\/www.mujerhoy.com\/celebrities\/borja-thyssen-blanca-se-mudan-dubai-hijos-carmen-cervera-distantes-20240320092132-nt.html\" target=\"_self\" data-mrf-link=\"https:\/\/www.mujerhoy.com\/celebrities\/borja-thyssen-blanca-se-mudan-dubai-hijos-carmen-cervera-distantes-20240320092132-nt.html\" rel=\"noopener noreferrer\">traslado a lugares como Dubai<\/a><br \/>\n, as\u00ed como de su <a data-voc-vtm-id=\"in-text-traffic\" href=\"https:\/\/www.mujerhoy.com\/celebrities\/carmen-cervera-baronesa-thyssen-mala-relacion-borja-blanca-cuesta-dudas-paternidad-20220211113843-nt.html\" target=\"_self\" data-mrf-link=\"https:\/\/www.mujerhoy.com\/celebrities\/carmen-cervera-baronesa-thyssen-mala-relacion-borja-blanca-cuesta-dudas-paternidad-20220211113843-nt.html\" rel=\"noopener noreferrer\">mala relaci\u00f3n con su suegra<\/a> la baronesa Thyssen. <\/p>\n<p class=\"voc-paragraph\" data-mrf-recirculation=\"Link art\u00edculo\">A pesar de los conflictos judiciales de Borja Thyssen y de su no entendimiento con sus hermanas <a data-voc-vtm-id=\"in-text-traffic\" href=\"https:\/\/www.mujerhoy.com\/celebrities\/tita-cervera-thyssen-fiesta-18-anos-hijas-mellizas-20240614115238-nt.html\" target=\"_self\" data-mrf-link=\"https:\/\/www.mujerhoy.com\/celebrities\/tita-cervera-thyssen-fiesta-18-anos-hijas-mellizas-20240614115238-nt.html\" rel=\"noopener noreferrer\">Carmen y Sabina<\/a><br \/>\n, que han cumplido ya los 18 a\u00f1os, Cuesta, que adora pintar y el arte en general, es una mujer muy <strong>discreta y educada<\/strong>.\n<\/p>\n<p class=\"voc-paragraph\" data-mrf-recirculation=\"Link art\u00edculo\">Y con un estilo que siempre ha destacado por su modernidad con <strong>looks muy actuales<\/strong> ya sean en clave casual o m\u00e1s formal. Pero siempre natural y con alg\u00fan que otro accesorio de lujo y muy discreto.\n<\/p>\n<p><h3 class=\"voc-detail__title\"> Blanca Cuesta y su estilo con looks actuales <\/h3>\n<\/p>\n<p class=\"voc-paragraph\" data-mrf-recirculation=\"Link art\u00edculo\"><strong>La pintura es su gran hobby<\/strong>, y ya ha realizado incluso alguna exposici\u00f3n con su obra. Y tambi\u00e9n el coleccionismo de arte, una afici\u00f3n que ha ido desarrollando junto a su marido a lo largo del cuarto de siglo que llevan juntos. <\/p>\n<div class=\"voc-detail-photo-zoom\"> <picture data-toggle=\"modal\" data-target=\"#photoZoomModal-796\" target=\"modal\">\n<div class=\"voc-img-icon-link\"> <img loading=\"lazy\" src=\"http:\/\/hoycordobaweb.com\/wp-content\/uploads\/2024\/10\/blanca-cuesta-y-su-estilo-moderno-y-sofisticado-que-va-del-look-denim-dosmilero-al-traje-impecable.webp\" width=\"650\" height=\"900\" alt=\"Blanca Cuesta, con traje blanco, junto a su marido Borja Thyssen. GTRES.\"> <noscript> <img src=\"http:\/\/hoycordobaweb.com\/wp-content\/uploads\/2024\/10\/blanca-cuesta-y-su-estilo-moderno-y-sofisticado-que-va-del-look-denim-dosmilero-al-traje-impecable.webp\" alt=\"Blanca Cuesta, con traje blanco, junto a su marido Borja Thyssen. GTRES.\"> <\/noscript> <i class=\"voc-icons zoom voc-multimedia-box voc-ico-l\"><\/i> <\/div><figcaption class=\"figure-caption\">Blanca Cuesta, con traje blanco, junto a su marido Borja Thyssen. GTRES.<\/figcaption><\/picture>\n<\/div>\n<div id=\"photoZoomModal-796\" class=\"voc-lightbox modal fade voc-lightbox--photo-zoom\" role=\"dialog\" data-voc-photozoom-lightbox>\n<div class=\"voc-lightbox__dialog\" role=\"document\">\n<div class=\"voc-lightbox__content\"> <!-- Modal header --> <!-- Modal content --> <\/p>\n<div class=\"voc-lightbox__photo-container\"> <picture class> <img loading=\"lazy\" src=\"http:\/\/hoycordobaweb.com\/wp-content\/uploads\/2024\/10\/blanca-cuesta-y-su-estilo-moderno-y-sofisticado-que-va-del-look-denim-dosmilero-al-traje-impecable.webp\" alt=\"Blanca Cuesta, con traje blanco, junto a su marido Borja Thyssen. GTRES.\"> <noscript> <img src=\"http:\/\/hoycordobaweb.com\/wp-content\/uploads\/2024\/10\/blanca-cuesta-y-su-estilo-moderno-y-sofisticado-que-va-del-look-denim-dosmilero-al-traje-impecable.webp\" alt=\"Blanca Cuesta, con traje blanco, junto a su marido Borja Thyssen. GTRES.\"> <\/noscript> <\/picture> <\/div><\/div><\/div>\n<\/div>\n<p class=\"voc-paragraph\" data-mrf-recirculation=\"Link art\u00edculo\">Y es precisamente en las escasas ocasiones en las que aparecen en p\u00fablico y que suelen coincidir con eventos relacionados con el mundo del arte cuando podemos apreciar su estilo m\u00e1s formal. Sus looks pueden oscilar <strong>entre el traje sastre impecable y los vestidos ajustados y con transparencias<\/strong>.\n<\/p>\n<div class=\"voc-detail__cmp\">\n<div class=\"voc-article-container\">\n<article class=\"voc-article voc-article--cmp-photo-text\" readability=\"32\">\n<div class=\"voc-img-container\" readability=\"19\"> <picture>\n<div class=\"voc-horizontal voc-img-icon-link\"> <img loading=\"lazy\" src=\"http:\/\/hoycordobaweb.com\/wp-content\/uploads\/2024\/10\/blanca-cuesta-y-su-estilo-moderno-y-sofisticado-que-va-del-look-denim-dosmilero-al-traje-impecable-1.webp\" alt=\"Chaqueta tipo esmoquin (295 \u20ac) y pantal\u00f3n sastre (195 \u20ac), de BLANAM. Pendientes (98 \u20ac) y anillo (98 \u20ac) en plata con ba\u00f1o de oro y con cristal verde y circonitas, de THOMAS SABO. Chaqueta blanca, de MARCIANO BY GUESS (140 \u20ac). Pantal\u00f3n sastre blanco, de SANDRO (171, 5\u20ac). Bailarinas con tachuelas, de EX\u00c9 SHOES (100 \u20ac). Bolso Nuvola, en piel, de FURLA (495 \u20ac). Bailarinas con tac\u00f3n plateado, de MARTINELLI (120 \u20ac).\" width=\"624\" height=\"624\"> <\/div>\n<\/picture>\n<p class=\"figure-caption \"> Chaqueta tipo esmoquin (295 \u20ac) y pantal\u00f3n sastre (195 \u20ac), de BLANAM. Pendientes (98 \u20ac) y anillo (98 \u20ac) en plata con ba\u00f1o de oro y con cristal verde y circonitas, de THOMAS SABO. Chaqueta blanca, de MARCIANO BY GUESS (140 \u20ac). Pantal\u00f3n sastre blanco, de SANDRO (171, 5\u20ac). Bailarinas con tachuelas, de EX\u00c9 SHOES (100 \u20ac). Bolso Nuvola, en piel, de FURLA (495 \u20ac). Bailarinas con tac\u00f3n plateado, de MARTINELLI (120 \u20ac). \/ <span class=\"voc-photo-author\"> MUJERHOY. <\/span> <\/p>\n<\/p><\/div>\n<\/article><\/div>\n<\/div>\n<p class=\"voc-paragraph\" data-mrf-recirculation=\"Link art\u00edculo\">En su vida m\u00e1s familiar o en sus momentos m\u00e1s ociosos, la pintora catalana \u2013as\u00ed se considera aunque naci\u00f3 en Huelva el 18 de diciembre de 1973\u2013 suele vestir de una forma <strong>muy casual con el denim como estrella<\/strong> y tambi\u00e9n, y sobre todo en verano, con looks de aire boho. <\/p>\n<p><h3 class=\"voc-detail__title\"> Blanca Cuesta y sus estilismos favoritos<br \/>\n<\/h3>\n<\/p>\n<p class=\"voc-paragraph\" data-mrf-recirculation=\"Link art\u00edculo\">Hace unos a\u00f1os era m\u00e1s habitual verla con looks m\u00e1s sexis y llamativos, pero con el paso de los a\u00f1os Blanca Cuesta <strong>ha depurado notablemente su forma de vestir<\/strong> en p\u00fablico. Hoy, a sus 50 a\u00f1os magn\u00edficamente llevados \u2013es de sobra conocida la afici\u00f3n al deporte de la pareja\u2013, sigue llevando ropa y outfits muy juveniles.\n<\/p>\n<div class=\"voc-detail-photo-zoom\"> <picture data-toggle=\"modal\" data-target=\"#photoZoomModal-978\" target=\"modal\">\n<div class=\"voc-img-icon-link\"> <img loading=\"lazy\" src=\"http:\/\/hoycordobaweb.com\/wp-content\/uploads\/2024\/10\/blanca-cuesta-y-su-estilo-moderno-y-sofisticado-que-va-del-look-denim-dosmilero-al-traje-impecable-2.webp\" width=\"650\" height=\"900\" alt=\"Blanca Cuesta, con un look vaquero con camisa y pantal\u00f3n de cintura baja. GTRES.\"> <noscript> <img src=\"http:\/\/hoycordobaweb.com\/wp-content\/uploads\/2024\/10\/blanca-cuesta-y-su-estilo-moderno-y-sofisticado-que-va-del-look-denim-dosmilero-al-traje-impecable-2.webp\" alt=\"Blanca Cuesta, con un look vaquero con camisa y pantal\u00f3n de cintura baja. GTRES.\"> <\/noscript> <i class=\"voc-icons zoom voc-multimedia-box voc-ico-l\"><\/i> <\/div><figcaption class=\"figure-caption\">Blanca Cuesta, con un look vaquero con camisa y pantal\u00f3n de cintura baja. GTRES.<\/figcaption><\/picture>\n<\/div>\n<div id=\"photoZoomModal-978\" class=\"voc-lightbox modal fade voc-lightbox--photo-zoom\" role=\"dialog\" data-voc-photozoom-lightbox>\n<div class=\"voc-lightbox__dialog\" role=\"document\">\n<div class=\"voc-lightbox__content\"> <!-- Modal header --> <!-- Modal content --> <\/p>\n<div class=\"voc-lightbox__photo-container\"> <picture class> <img loading=\"lazy\" src=\"http:\/\/hoycordobaweb.com\/wp-content\/uploads\/2024\/10\/blanca-cuesta-y-su-estilo-moderno-y-sofisticado-que-va-del-look-denim-dosmilero-al-traje-impecable-2.webp\" alt=\"Blanca Cuesta, con un look vaquero con camisa y pantal\u00f3n de cintura baja. GTRES.\"> <noscript> <img src=\"http:\/\/hoycordobaweb.com\/wp-content\/uploads\/2024\/10\/blanca-cuesta-y-su-estilo-moderno-y-sofisticado-que-va-del-look-denim-dosmilero-al-traje-impecable-2.webp\" alt=\"Blanca Cuesta, con un look vaquero con camisa y pantal\u00f3n de cintura baja. GTRES.\"> <\/noscript> <\/picture> <\/div><\/div><\/div>\n<\/div>\n<p class=\"voc-paragraph\" data-mrf-recirculation=\"Link art\u00edculo\">As\u00ed ocurre cuando luce prendas vaqueras en un mismo estilismo, con <strong>camisas y pantalones de aire &#8216;dosmilero&#8217;<\/strong> \u2013con las cinturas muy bajas\u2013 y zapatillas blancas. Y que es uno de sus looks preferidos para momentos de relax com cuando lleva al cole a sus cinco hijos: Sacha, de 16 a\u00f1os; Eric, de 14; Enzo, de 12, Kala, de 10 a\u00f1os y la peque\u00f1a India, de 3. <\/p>\n<div class=\"voc-detail__cmp\">\n<div class=\"voc-article-container\">\n<article class=\"voc-article voc-article--cmp-photo-text\" readability=\"33.5\">\n<div class=\"voc-img-container\" readability=\"22\"> <picture>\n<div class=\"voc-horizontal voc-img-icon-link\"> <img loading=\"lazy\" src=\"http:\/\/hoycordobaweb.com\/wp-content\/uploads\/2024\/10\/blanca-cuesta-y-su-estilo-moderno-y-sofisticado-que-va-del-look-denim-dosmilero-al-traje-impecable-3.webp\" alt=\"Cazadora vaquera, de LEVI'S (120 \u20ac). Gafas de sol Nico, con montura negra, de TIWI (78 \u20ac). Chaqueta vaquera con cuello beb\u00e9, de BA&amp;SH (245 \u20ac). Vaquero pitillo, de IKKS (145 \u20ac). Zapatillas blancas, de MUSTANG (46 \u20ac). Bolso Celeste, en piel negra, de ALLSAINTS (253 \u20ac). Zapatillas blancas, de ASICS EN EXCLUSIVA PARA COURIR (125 \u20ac). Vaquero con detalle de cadena en la cinturilla, de SANDRO (C.P.V.). Pulsera en lat\u00f3n, enroscada y abierta, de LATIDO (30 \u20ac).\" width=\"624\" height=\"624\"> <\/div>\n<\/picture>\n<p class=\"figure-caption \"> Cazadora vaquera, de LEVI&#8217;S (120 \u20ac). Gafas de sol Nico, con montura negra, de TIWI (78 \u20ac). Chaqueta vaquera con cuello beb\u00e9, de BA&amp;SH (245 \u20ac). Vaquero pitillo, de IKKS (145 \u20ac). Zapatillas blancas, de MUSTANG (46 \u20ac). Bolso Celeste, en piel negra, de ALLSAINTS (253 \u20ac). Zapatillas blancas, de ASICS EN EXCLUSIVA PARA COURIR (125 \u20ac). Vaquero con detalle de cadena en la cinturilla, de SANDRO (C.P.V.). Pulsera en lat\u00f3n, enroscada y abierta, de LATIDO (30 \u20ac). \/ <span class=\"voc-photo-author\"> MUEJRHOY. <\/span> <\/p>\n<\/p><\/div>\n<\/article><\/div>\n<\/div>\n<p class=\"voc-paragraph\" data-mrf-recirculation=\"Link art\u00edculo\">En aquellas ocasiones en las que requiere m\u00e1s elegancia y formalidad, la esposa de Borja Thyssen recurre a menudo al <strong>infalible traje sastre blanco<\/strong>, de silueta impecable y oversized \u2013para un aire m\u00e1s trendy\u2013 y que combina con sandalias planas y bolsos en tonos que rompen esa supuesta seriedad del look sartorial. Sencillamente perfecta.\n<\/p>\n<p> <!-- TOPICS --> <\/p>\n","protected":false},"excerpt":{"rendered":"<p>Casada con Borja Thyssen desde 2007, Blanca Cuesta reside actualmente entre Madrid y Andorra junto a su marido y sus cinco hijos. Son recurrentes los rumores de traslado a lugares como Dubai , as\u00ed como de su mala relaci\u00f3n con su suegra la baronesa Thyssen. A pesar de los conflictos judiciales de Borja Thyssen y [&hellip;]<\/p>\n","protected":false},"author":1,"featured_media":87011,"comment_status":"closed","ping_status":"closed","sticky":false,"template":"","format":"standard","meta":[],"categories":[],"tags":[],"_links":{"self":[{"href":"http:\/\/hoycordobaweb.com\/index.php\/wp-json\/wp\/v2\/posts\/87010"}],"collection":[{"href":"http:\/\/hoycordobaweb.com\/index.php\/wp-json\/wp\/v2\/posts"}],"about":[{"href":"http:\/\/hoycordobaweb.com\/index.php\/wp-json\/wp\/v2\/types\/post"}],"author":[{"embeddable":true,"href":"http:\/\/hoycordobaweb.com\/index.php\/wp-json\/wp\/v2\/users\/1"}],"replies":[{"embeddable":true,"href":"http:\/\/hoycordobaweb.com\/index.php\/wp-json\/wp\/v2\/comments?post=87010"}],"version-history":[{"count":0,"href":"http:\/\/hoycordobaweb.com\/index.php\/wp-json\/wp\/v2\/posts\/87010\/revisions"}],"wp:featuredmedia":[{"embeddable":true,"href":"http:\/\/hoycordobaweb.com\/index.php\/wp-json\/wp\/v2\/media\/87011"}],"wp:attachment":[{"href":"http:\/\/hoycordobaweb.com\/index.php\/wp-json\/wp\/v2\/media?parent=87010"}],"wp:term":[{"taxonomy":"category","embeddable":true,"href":"http:\/\/hoycordobaweb.com\/index.php\/wp-json\/wp\/v2\/categories?post=87010"},{"taxonomy":"post_tag","embeddable":true,"href":"http:\/\/hoycordobaweb.com\/index.php\/wp-json\/wp\/v2\/tags?post=87010"}],"curies":[{"name":"wp","href":"https:\/\/api.w.org\/{rel}","templated":true}]}}