{"id":87000,"date":"2024-10-30T16:02:02","date_gmt":"2024-10-30T16:02:02","guid":{"rendered":"https:\/\/www.ole.com.ar\/maradona\/diego-siempre-presente-dia-64-cumpleanos-maradona-especial-10_0_1O24TofFgs.html"},"modified":"2024-10-30T16:02:02","modified_gmt":"2024-10-30T16:02:02","slug":"diego-siempre-presente-en-el-dia-del-64o-cumpleanos-de-maradona-un-especial-de-10","status":"publish","type":"post","link":"http:\/\/hoycordobaweb.com\/index.php\/2024\/10\/30\/diego-siempre-presente-en-el-dia-del-64o-cumpleanos-de-maradona-un-especial-de-10\/","title":{"rendered":"Diego, siempre presente: en el d\u00eda del 64\u00ba cumplea\u00f1os de Maradona, un especial de 10"},"content":{"rendered":"<p><img src=\"http:\/\/hoycordobaweb.com\/wp-content\/uploads\/2024\/10\/diego-siempre-presente-en-el-dia-del-64o-cumpleanos-de-maradona-un-especial-de-10.jpg\"><\/p>\n<p><time class=\"createDate\" datetime=\"2024-10-30T13:02:02-03:00\">30\/10\/2024 13:02hs.<\/time><\/p>\n<div id=\"storyBody\">\n<div class=\"custom-text \" readability=\"36.384146341463\">\n<p>El 30 de octubre no es un d\u00eda m\u00e1s para los argentinos. De hecho, para muchos fan\u00e1ticos del f\u00fatbol en todo el mundo,<strong> hoy es Navidad. <\/strong>De Fiorito a N\u00e1poles, y pasando hasta por los rincones m\u00e1s impensados e ins\u00f3litos del planeta,<strong> este mi\u00e9rcoles en todos lados se celebra el cumplea\u00f1os n\u00famero 64 de <a href=\"https:\/\/www.ole.com.ar\/tema\/diego-maradona.html\" title=\"Diego Maradona\" alt=\"Diego Maradona\" class=\"slug\">Diego Armando Maradona<\/a>. <\/strong><\/p>\n<\/div>\n<div class=\"custom-text \" readability=\"36\">\n<p>Y en un d\u00eda tan importante, DSports <strong>arm\u00f3 una programaci\u00f3n especial dedicada exclusivamente al mejor jugador de todos los tiempos<\/strong>:<strong> 24 horas<\/strong> de un homenaje imperdible para recordar -y emocionarse- con <strong>muchos de los mejores momentos de la carrera<\/strong> de quien tantas alegr\u00edas le regal\u00f3 al pueblo argentino y quien siempre estar\u00e1 presente en nuestros corazones.<\/p>\n<\/div>\n<div class=\"sc-e7b891c4-0 ifHnQL image-embed\"><img alt=\"Maradona con la Copa del Mundo 1986. (Foto: AFP)\" loading=\"lazy\" width=\"720\" height=\"100\" decoding=\"async\" data-nimg=\"1\" src=\"http:\/\/hoycordobaweb.com\/wp-content\/uploads\/2024\/10\/diego-siempre-presente-en-el-dia-del-64o-cumpleanos-de-maradona-un-especial-de-10-2.jpg\"><span class=\"epigraphe\">Maradona con la Copa del Mundo 1986. (Foto: AFP)<\/span><\/div>\n<div class=\"custom-text \" readability=\"37\">\n<p><strong>\u00abLa gloria de M\u00e9xico &#8217;86, la \u00e9pica en Italia &#8217;90 y sus \u00faltimas funciones en Estados Unidos &#8217;94\u00bb<\/strong>, anticipa la se\u00f1al, que comenz\u00f3 con la programaci\u00f3n especial en los primeros segundos de este mi\u00e9rcoles y la continuar\u00e1 hasta el final del d\u00eda. <\/p>\n<\/div>\n<div class=\"custom-text \" readability=\"29\">\n<p>Adem\u00e1s, claro, tambi\u00e9n habr\u00e1 segmentos especiales, en los que no faltar\u00e1n su hist\u00f3rico paso por el <strong><a href=\"https:\/\/www.ole.com.ar\/tema\/napoli.html\" title=\"Napoli\" alt=\"Napoli\" class=\"slug\">Napoli<\/a><\/strong>, <strong><a href=\"https:\/\/www.ole.com.ar\/tema\/boca-juniors.html\" title=\"Boca Juniors\" alt=\"Boca Juniors\" class=\"slug\">Boca<\/a><\/strong>, <strong><a href=\"https:\/\/www.ole.com.ar\/tema\/argentinos-juniors.html\" title=\"Argentinos Juniors\" alt=\"Argentinos Juniors\" class=\"slug\">Argentinos<\/a>, <a href=\"https:\/\/www.ole.com.ar\/tema\/newells-old-boys.html\" title=\"Newell's Old Boys\" alt=\"Newell's Old Boys\" class=\"slug\">Newell&#8217;s<\/a>, <a href=\"https:\/\/www.ole.com.ar\/tema\/barcelona.html\" title=\"Barcelona\" alt=\"Barcelona\" class=\"slug\">Barcelona <\/a>y <a href=\"https:\/\/www.ole.com.ar\/tema\/sevilla.html\" title=\"Sevilla\" alt=\"Sevilla\" class=\"slug\">Sevilla<\/a>. <\/strong><\/p>\n<\/div>\n<p><h2><strong>La programaci\u00f3n completa del homenaje a Diego Maradona<\/strong><\/h2>\n<\/p>\n<div class=\"sc-e7b891c4-0 ifHnQL image-embed\"><img alt=\"La programaci\u00f3n completa del homenaje a Diego Maradona.\" loading=\"lazy\" width=\"720\" height=\"100\" decoding=\"async\" data-nimg=\"1\" src=\"http:\/\/hoycordobaweb.com\/wp-content\/uploads\/2024\/10\/diego-siempre-presente-en-el-dia-del-64o-cumpleanos-de-maradona-un-especial-de-10-3.jpg\"><span class=\"epigraphe\">La programaci\u00f3n completa del homenaje a Diego Maradona.<\/span><\/div>\n<div class=\"sc-a7166897-0 eoLsBE\" readability=\"7\">\n<section readability=\"4\"><picture><img alt=\"El paso de Maradona por Estados Unidos: cuando le &quot;cortaron las piernas&quot;, la 9 de Jordan y \u00bflo quiso la MLS?\" loading=\"lazy\" width=\"290\" height=\"290\" decoding=\"async\" data-nimg=\"1\" src=\"http:\/\/hoycordobaweb.com\/wp-content\/uploads\/2024\/10\/diego-siempre-presente-en-el-dia-del-64o-cumpleanos-de-maradona-un-especial-de-10-4.jpg\"><\/picture>\n<p><span>Mir\u00e1 tambi\u00e9n<\/span><\/p>\n<hr>\n<h3>El paso de Maradona por Estados Unidos: cuando le \u00abcortaron las piernas\u00bb, la 9 de Jordan y \u00bflo quiso la MLS?<\/h3>\n<\/p>\n<\/section>\n<\/div>\n<div class=\"sc-a7166897-0 eoLsBE\" readability=\"6\">\n<section readability=\"2\"><picture><img alt=\"Diego eterno: los saludos a Maradona en su cumplea\u00f1os N\u00b064\" loading=\"lazy\" width=\"290\" height=\"290\" decoding=\"async\" data-nimg=\"1\" src=\"http:\/\/hoycordobaweb.com\/wp-content\/uploads\/2024\/10\/diego-siempre-presente-en-el-dia-del-64o-cumpleanos-de-maradona-un-especial-de-10-5.jpg\"><\/picture>\n<p><span>Mir\u00e1 tambi\u00e9n<\/span><\/p>\n<hr>\n<h3>Diego eterno: los saludos a Maradona en su cumplea\u00f1os N\u00b064<\/h3>\n<\/p>\n<\/section>\n<\/div>\n<div class=\"sc-a7166897-0 eoLsBE\" readability=\"8\">\n<section readability=\"6\"><picture><img alt=\"C\u00f3mo reaccion\u00f3 el Mundo Boca a la eliminaci\u00f3n de River: Diego, Bianchi, Rom\u00e1n, el astr\u00f3logo y m\u00e1s...\" loading=\"lazy\" width=\"290\" height=\"290\" decoding=\"async\" data-nimg=\"1\" src=\"http:\/\/hoycordobaweb.com\/wp-content\/uploads\/2024\/10\/diego-siempre-presente-en-el-dia-del-64o-cumpleanos-de-maradona-un-especial-de-10-6.jpg\"><\/picture>\n<p><span>Mir\u00e1 tambi\u00e9n<\/span><\/p>\n<hr>\n<h3>C\u00f3mo reaccion\u00f3 el Mundo Boca a la eliminaci\u00f3n de River: Diego, Bianchi, Rom\u00e1n, el astr\u00f3logo y m\u00e1s&#8230;<\/h3>\n<\/p>\n<\/section>\n<\/div>\n<\/div>\n","protected":false},"excerpt":{"rendered":"<p>30\/10\/2024 13:02hs. El 30 de octubre no es un d\u00eda m\u00e1s para los argentinos. De hecho, para muchos fan\u00e1ticos del f\u00fatbol en todo el mundo, hoy es Navidad. De Fiorito a N\u00e1poles, y pasando hasta por los rincones m\u00e1s impensados e ins\u00f3litos del planeta, este mi\u00e9rcoles en todos lados se celebra el cumplea\u00f1os n\u00famero 64 [&hellip;]<\/p>\n","protected":false},"author":1,"featured_media":87001,"comment_status":"open","ping_status":"closed","sticky":false,"template":"","format":"standard","meta":[],"categories":[16],"tags":[],"_links":{"self":[{"href":"http:\/\/hoycordobaweb.com\/index.php\/wp-json\/wp\/v2\/posts\/87000"}],"collection":[{"href":"http:\/\/hoycordobaweb.com\/index.php\/wp-json\/wp\/v2\/posts"}],"about":[{"href":"http:\/\/hoycordobaweb.com\/index.php\/wp-json\/wp\/v2\/types\/post"}],"author":[{"embeddable":true,"href":"http:\/\/hoycordobaweb.com\/index.php\/wp-json\/wp\/v2\/users\/1"}],"replies":[{"embeddable":true,"href":"http:\/\/hoycordobaweb.com\/index.php\/wp-json\/wp\/v2\/comments?post=87000"}],"version-history":[{"count":0,"href":"http:\/\/hoycordobaweb.com\/index.php\/wp-json\/wp\/v2\/posts\/87000\/revisions"}],"wp:featuredmedia":[{"embeddable":true,"href":"http:\/\/hoycordobaweb.com\/index.php\/wp-json\/wp\/v2\/media\/87001"}],"wp:attachment":[{"href":"http:\/\/hoycordobaweb.com\/index.php\/wp-json\/wp\/v2\/media?parent=87000"}],"wp:term":[{"taxonomy":"category","embeddable":true,"href":"http:\/\/hoycordobaweb.com\/index.php\/wp-json\/wp\/v2\/categories?post=87000"},{"taxonomy":"post_tag","embeddable":true,"href":"http:\/\/hoycordobaweb.com\/index.php\/wp-json\/wp\/v2\/tags?post=87000"}],"curies":[{"name":"wp","href":"https:\/\/api.w.org\/{rel}","templated":true}]}}