{"id":86903,"date":"2024-10-29T15:45:01","date_gmt":"2024-10-29T15:45:01","guid":{"rendered":"https:\/\/www.ole.com.ar\/internacional\/cuestion-estado-gobierno-brasil-metio-polemica-balon-oro-banco-vinicius_0_aTNic8i3py.html"},"modified":"2024-10-29T15:45:01","modified_gmt":"2024-10-29T15:45:01","slug":"cuestion-de-estado-hasta-el-gobierno-de-brasil-se-metio-en-la-polemica-por-el-balon-de-oro-y-banco-a-vinicius","status":"publish","type":"post","link":"http:\/\/hoycordobaweb.com\/index.php\/2024\/10\/29\/cuestion-de-estado-hasta-el-gobierno-de-brasil-se-metio-en-la-polemica-por-el-balon-de-oro-y-banco-a-vinicius\/","title":{"rendered":"Cuesti\u00f3n de Estado: hasta el Gobierno de Brasil se meti\u00f3 en la pol\u00e9mica por el Bal\u00f3n de Oro y banc\u00f3 a Vinicius"},"content":{"rendered":"<p><img src=\"http:\/\/hoycordobaweb.com\/wp-content\/uploads\/2024\/10\/cuestion-de-estado-hasta-el-gobierno-de-brasil-se-metio-en-la-polemica-por-el-balon-de-oro-y-banco-a-vinicius.jpg\"><\/p>\n<p><time class=\"createDate\" datetime=\"2024-10-29T12:45:01-03:00\">29\/10\/2024 12:45hs.<\/time><\/p>\n<div id=\"storyBody\">\n<div class=\"custom-text \" readability=\"38.527131782946\">\n<p>La elecci\u00f3n de <strong>Rodrigo Hern\u00e1ndez <\/strong>como ganador del <strong>Bal\u00f3n de Oro 2024<\/strong> gener\u00f3 una gran repercusi\u00f3n en todo el mundo, sobre todo en Madrid y en el Brasil, donde esperaban confiados la consagraci\u00f3n de <strong><a href=\"https:\/\/www.ole.com.ar\/tema\/vinicius.html\" title=\"Vinicius\" alt=\"Vinicius\" class=\"slug\">Vinicius<\/a><\/strong>. Tan grande fue la pol\u00e9mica que, adem\u00e1s de <strong>la discutible decisi\u00f3n del<a href=\"https:\/\/www.ole.com.ar\/tema\/real-madrid.html\" title=\"Real Madrid\" alt=\"Real Madrid\" class=\"slug\"> Real Madrid<\/a> de no viajar a la gala, el tema tambi\u00e9n se convirti\u00f3 en una cuesti\u00f3n de Estado en tierras brasile\u00f1as<\/strong>. A tal punto de que hasta el <strong>Ministerio de Deportes banc\u00f3 al futbolista en redes sociales,<\/strong> con un sentido mensaje. <\/p>\n<\/div>\n<div class=\"custom-text \" readability=\"39\">\n<p><strong>\u00abERES GIGANTE, @vinijr! \u270a\ud83c\udfff\u26bd<\/strong>\u00ab, fue el t\u00edtulo del posteo. Adem\u00e1s, agregaron: <strong>\u00ab\u00c9l ya entr\u00f3 en la historia del f\u00fatbol, no s\u00f3lo por su incre\u00edble habilidad en la cancha, sino tambi\u00e9n por su lucha incansable contra el racismo. \u00a1Su grandeza va m\u00e1s all\u00e1 de los premios!\u00bb<\/strong><\/p>\n<\/div>\n<div class=\"sc-e7b891c4-0 ifHnQL image-embed\"><img alt=\"Los mensajes a favor de Vinicius.\" loading=\"lazy\" width=\"720\" height=\"100\" decoding=\"async\" data-nimg=\"1\" src=\"http:\/\/hoycordobaweb.com\/wp-content\/uploads\/2024\/10\/cuestion-de-estado-hasta-el-gobierno-de-brasil-se-metio-en-la-polemica-por-el-balon-de-oro-y-banco-a-vinicius-2.jpg\"><span class=\"epigraphe\">Los mensajes a favor de Vinicius.<\/span><\/div>\n<div class=\"custom-text \" readability=\"34\">\n<p>Y cerraron: \u00ab<strong>El deporte que apoyamos se hace con respeto. Nos hac\u00e9s sentir tan orgullosos\u00bb. <\/strong>El posteo, r\u00e1pidamente cosech\u00f3 m\u00e1s de 4 mil likes.<\/p>\n<\/div>\n<p><h2><strong>El apoyo de la Confederaci\u00f3n Brasile\u00f1a de F\u00fatbol a Vinicius<\/strong><\/h2>\n<\/p>\n<div class=\"custom-text \" readability=\"37\">\n<p> El Ministerio de Deportes de Brasil no fue el \u00fanico que banc\u00f3 a Vini, quien adem\u00e1s, en las \u00faltimas horas, <strong>tambi\u00e9n recibi\u00f3 m\u00faltiples mensajes de aliento de sus compa\u00f1eros de la Selecci\u00f3n brasile\u00f1a y del Real Madrid. <\/strong><\/p>\n<\/div>\n<div class=\"sc-e7b891c4-0 ifHnQL image-embed\"><img alt=\"Los mensajes a favor de Vinicius.\" loading=\"lazy\" width=\"720\" height=\"100\" decoding=\"async\" data-nimg=\"1\" src=\"http:\/\/hoycordobaweb.com\/wp-content\/uploads\/2024\/10\/cuestion-de-estado-hasta-el-gobierno-de-brasil-se-metio-en-la-polemica-por-el-balon-de-oro-y-banco-a-vinicius-3.jpg\"><span class=\"epigraphe\">Los mensajes a favor de Vinicius.<\/span><\/div>\n<div class=\"custom-text \" readability=\"39\">\n<p>Entre todos esos gestos de apoyo para el futbolista, no falt\u00f3 el de la Confederaci\u00f3n Brasile\u00f1a de F\u00fatbol. <strong>\u00ab@vinijr, \u00a1Una naci\u00f3n entera est\u00e1 orgullosa de ti!\u00bb<\/strong>, postearon. Y, en ese caso, los likes superaron la barrera del mill\u00f3n. <\/p>\n<\/div>\n<p><h2>Cu\u00e1ntos millones perdi\u00f3 Vinicius por no ganar el Bal\u00f3n de Oro<\/h2>\n<\/p>\n<div class=\"custom-text \" readability=\"42\">\n<p>Este lunes se celebr\u00f3 la gala del Bal\u00f3n de Oro en el Teatro Chatelet en Par\u00eds, donde Rodri obtuvo el premio al mejor jugador del mundo. Ante la noticia que se difundi\u00f3 previamente, que daba al espa\u00f1ol como ganador, <strong>el Real Madrid decidi\u00f3 no mandar a sus jugadores a la fiesta, y, entre ellos, estaba Vinicius Junior, que asomaba como serio candidato.<\/strong><\/p>\n<\/div>\n<div class=\"custom-text \" readability=\"38\">\n<p>El extremo brasile\u00f1o no solo se ausent\u00f3 y no alz\u00f3 el premio, sino que <strong>tambi\u00e9n perdi\u00f3 un bonus de un mill\u00f3n de euros que hab\u00eda firmado en su contrato en octubre de 2023<\/strong>, todo en caso de convertirse en el primer brasile\u00f1o en ganar el premio desde Kak\u00e1 en 2007. Cabe aclarar que lo mismo hab\u00eda sucedido con Karim Benzema en 2022, con la diferencia que el franc\u00e9s s\u00ed lo gan\u00f3.<\/p>\n<\/div>\n<div class=\"custom-text \" readability=\"36\">\n<p>Vinicius, adem\u00e1s, no tiene la posibilidad de que las firmas de los patrocinios lo vinculen como el mejor del mundo, como si sucede con el mediocampista del Manchester City.<\/p>\n<\/div>\n<\/div>\n","protected":false},"excerpt":{"rendered":"<p>29\/10\/2024 12:45hs. La elecci\u00f3n de Rodrigo Hern\u00e1ndez como ganador del Bal\u00f3n de Oro 2024 gener\u00f3 una gran repercusi\u00f3n en todo el mundo, sobre todo en Madrid y en el Brasil, donde esperaban confiados la consagraci\u00f3n de Vinicius. Tan grande fue la pol\u00e9mica que, adem\u00e1s de la discutible decisi\u00f3n del Real Madrid de no viajar a [&hellip;]<\/p>\n","protected":false},"author":1,"featured_media":86904,"comment_status":"open","ping_status":"closed","sticky":false,"template":"","format":"standard","meta":[],"categories":[16],"tags":[],"_links":{"self":[{"href":"http:\/\/hoycordobaweb.com\/index.php\/wp-json\/wp\/v2\/posts\/86903"}],"collection":[{"href":"http:\/\/hoycordobaweb.com\/index.php\/wp-json\/wp\/v2\/posts"}],"about":[{"href":"http:\/\/hoycordobaweb.com\/index.php\/wp-json\/wp\/v2\/types\/post"}],"author":[{"embeddable":true,"href":"http:\/\/hoycordobaweb.com\/index.php\/wp-json\/wp\/v2\/users\/1"}],"replies":[{"embeddable":true,"href":"http:\/\/hoycordobaweb.com\/index.php\/wp-json\/wp\/v2\/comments?post=86903"}],"version-history":[{"count":0,"href":"http:\/\/hoycordobaweb.com\/index.php\/wp-json\/wp\/v2\/posts\/86903\/revisions"}],"wp:featuredmedia":[{"embeddable":true,"href":"http:\/\/hoycordobaweb.com\/index.php\/wp-json\/wp\/v2\/media\/86904"}],"wp:attachment":[{"href":"http:\/\/hoycordobaweb.com\/index.php\/wp-json\/wp\/v2\/media?parent=86903"}],"wp:term":[{"taxonomy":"category","embeddable":true,"href":"http:\/\/hoycordobaweb.com\/index.php\/wp-json\/wp\/v2\/categories?post=86903"},{"taxonomy":"post_tag","embeddable":true,"href":"http:\/\/hoycordobaweb.com\/index.php\/wp-json\/wp\/v2\/tags?post=86903"}],"curies":[{"name":"wp","href":"https:\/\/api.w.org\/{rel}","templated":true}]}}