{"id":86895,"date":"2024-10-29T16:52:43","date_gmt":"2024-10-29T16:52:43","guid":{"rendered":"https:\/\/www.ole.com.ar\/fuera-de-juego\/dibu-martinez-didier-drogba-balon-oro_0_xwqtNVQ6MI.html"},"modified":"2024-10-29T16:52:43","modified_gmt":"2024-10-29T16:52:43","slug":"el-divertido-cruce-entre-dibu-martinez-y-didier-drogba-en-la-gala-del-balon-de-oro","status":"publish","type":"post","link":"http:\/\/hoycordobaweb.com\/index.php\/2024\/10\/29\/el-divertido-cruce-entre-dibu-martinez-y-didier-drogba-en-la-gala-del-balon-de-oro\/","title":{"rendered":"El divertido cruce entre Dibu Mart\u00ednez y Didier Drogba en la gala del Bal\u00f3n de Oro"},"content":{"rendered":"<p><img src=\"http:\/\/hoycordobaweb.com\/wp-content\/uploads\/2024\/10\/el-divertido-cruce-entre-dibu-martinez-y-didier-drogba-en-la-gala-del-balon-de-oro.jpg\"><\/p>\n<p><time class=\"createDate\" datetime=\"2024-10-29T13:52:43-03:00\">29\/10\/2024 13:52hs.<\/time><\/p>\n<div id=\"storyBody\">\n<div class=\"custom-text \" readability=\"34.518201284797\">\n<p>Para coronar otra gran temporada, <strong><a href=\"https:\/\/www.ole.com.ar\/tema\/emiliano-martinez.html\" target=\"_self\" title=\"Emiliano Mart\u00ednez\" alt=\"Emiliano Mart\u00ednez\" rel=\"noopener noreferrer\">Emiliano Mart\u00ednez<\/a><\/strong> conquist\u00f3 por segunda vez consecutiva el premio Lev Yashin y qued\u00f3 en el puesto 18 en el <strong><a href=\"https:\/\/www.ole.com.ar\/tema\/balon-de-oro.html\" target=\"_self\" title=\"Bal\u00f3n de Oro\" alt=\"Bal\u00f3n de Oro\" rel=\"noopener noreferrer\">Bal\u00f3n de Oro<\/a><\/strong>. Sin embargo, como suele ocurrir, fue consultado ir\u00f3nicamente por su accionar dentro de la cancha. Por lo tanto, con la altura que lo caracteriza, el hombre de la <strong><a href=\"https:\/\/www.ole.com.ar\/seleccion\" target=\"_self\" title=\"Selecci\u00f3n Argentina\" alt=\"Selecci\u00f3n Argentina\" rel=\"noopener noreferrer\">Selecci\u00f3n Argentina<\/a><\/strong> se le plant\u00f3 a <strong><a href=\"https:\/\/www.ole.com.ar\/tema\/didier-drogba.html\" target=\"_self\" title=\"Didier Drogba\" alt=\"Didier Drogba\" rel=\"noopener noreferrer\">Didier Drogba<\/a><\/strong> (el conductor de la ceremonia) y protagoniz\u00f3 un divertido cruce con \u00e9l arriba del escenario.<\/p>\n<\/div>\n<div class=\"custom-text \" readability=\"41\">\n<p>\u00ab<strong>Eres sin duda el mejor arquero del mundo, pero con un poquito de show<\/strong>\u00ab, lanz\u00f3 entre risas el ex futbolista mientras las pantallas mostraban un compilado de Dibu bailando en el \u00e1rea. Segundos despu\u00e9s, recibi\u00f3 una explicaci\u00f3n: \u00ab<strong>Cuando est\u00e1s en la cancha te comport\u00e1s como te sale<\/strong>. Soy tranquilo fuera de la cancha, soy hermano, marido. <strong>Hago todo lo que puedo para ayudar a mi equipo<\/strong>\u00ab, asegur\u00f3 el marplatense con convicci\u00f3n.<\/p>\n<\/div>\n<div class=\"sc-e7b891c4-0 ifHnQL image-embed\"><img alt=\"Emiliano Mart\u00ednez gan\u00f3 por segunda vez consecutiva el premio al mejor arquero del mundo. (EFE)\" loading=\"lazy\" width=\"720\" height=\"100\" decoding=\"async\" data-nimg=\"1\" src=\"http:\/\/hoycordobaweb.com\/wp-content\/uploads\/2024\/10\/el-divertido-cruce-entre-dibu-martinez-y-didier-drogba-en-la-gala-del-balon-de-oro-2.jpg\"><span class=\"epigraphe\">Emiliano Mart\u00ednez gan\u00f3 por segunda vez consecutiva el premio al mejor arquero del mundo. (EFE)<\/span><\/div>\n<div class=\"custom-text \" readability=\"39\">\n<p>Luego, remat\u00f3 la idea con una frase que r\u00e1pidamente se volvi\u00f3 viral en las redes sociales. \u00ab<strong>\u00bfSi me paso de la raya? Eso es lo que ves vos, en Argentina no piensan lo mismo<\/strong>\u00ab, sentenci\u00f3 el 23 con el galard\u00f3n en su mano. Acto seguido, todo el Teatro del Chatelet de Par\u00eds se rindi\u00f3 a sus pies y lo aplaudi\u00f3.<\/p>\n<\/div>\n<p><h2>Qu\u00e9 dijo Dibu Mart\u00ednez luego de ganar el premio Lev Yashin y terminar en el puesto 18 del Bal\u00f3n de Oro<\/h2>\n<\/p>\n<div class=\"custom-text \" readability=\"43\">\n<p>\u00ab<strong>No me siento el mejor arquero del mundo<\/strong>. Les agradezco a los entrenadores de arqueros que tengo\u00bb, indic\u00f3 <strong>Dibu Mart\u00ednez <\/strong>cuando recibi\u00f3 el premio. Despu\u00e9s, agradeci\u00f3 la distinci\u00f3n: \u00abEs un privilegio estar ac\u00e1, con familia, amigos. Un d\u00eda muy especial, dedicado al trabajo que hacemos con el club, con la selecci\u00f3n. <strong>El puesto 18 del ranking global para el Bal\u00f3n de Oro es muy positivo, para destacar, m\u00e1s para un arquero<\/strong>. Siempre valen m\u00e1s los goles que las atajadas. Pero ya para un arquero estar entre los 30 mejores es buen\u00edsimo\u00bb.<\/p>\n<\/div>\n<div type=\"embed\" class=\"sc-3f46f5ae-0 djVTgz\">\n<div class=\"sc-3f46f5ae-1 fTjZec videoText\" id=\"contentTitleembedOjikYnX1\" type=\"embed\" readability=\"56\"><svg fill=\"#ffffff\"><symbol id=\"play\" viewBox=\"0 0 512 512\"><path d=\"M512 256C512 397.4 397.4 512 256 512C114.6 512 0 397.4 0 256C0 114.6 114.6 0 256 0C397.4 0 512 114.6 512 256zM176 168V344C176 352.7 180.7 360.7 188.3 364.9C195.8 369.2 205.1 369 212.5 364.5L356.5 276.5C363.6 272.1 368 264.4 368 256C368 247.6 363.6 239.9 356.5 235.5L212.5 147.5C205.1 142.1 195.8 142.8 188.3 147.1C180.7 151.3 176 159.3 176 168V168z\" \/><\/symbol><use xlink:href=\"#play\" \/><\/svg><\/p>\n<div class=\"right\" readability=\"7\">\n<p>Dami\u00e1n Emiliano Mart\u00ednez<!-- --> &#8211;<!-- --> <span>&nbsp;<\/span><\/p>\n<h2 class=\"title-vid\">Dibu sobre el puesto 18 en el Bal\u00f3n de Oro<\/h2>\n<\/div>\n<\/div>\n<p><span class=\"back\" id=\"spanBackembedOjikYnX1\"><\/span><\/div>\n<p><h2>C\u00f3mo le fue a Dibu Mart\u00ednez en la temporada 2023\/24<\/h2>\n<\/p>\n<div class=\"custom-text \" readability=\"39\">\n<p>Con su gran accionar bajo los tres palos,<strong> Emiliano Mart\u00ednez<\/strong> volvi\u00f3 a poner en lo m\u00e1s alto al <strong>Aston Villa<\/strong>, elenco que en la temporada 2023\/24 se meti\u00f3 entre los mejores equipos de la Premier, clasific\u00f3 a la Champions y lleg\u00f3 a las semifinales de la \u00faltima <strong>Conference League<\/strong>. Durante ese tiempo, Dibu disput\u00f3<strong> 47 partidos<\/strong> de los cuales 34 fueron por el campeonato local y los restantes por competencias internacionales.<\/p>\n<\/div>\n<div class=\"custom-text \" readability=\"38\">\n<p>Como si fuera poco, tambi\u00e9n fue protagonista en la<strong> Selecci\u00f3n Argentina<\/strong>, donde ataj\u00f3 en 10 encuentros de 2023 y en otros 11 de 2024. Adem\u00e1s, con \u00e9l en el arco, el combinado que dirige <strong>Lionel Scaloni <\/strong>asegur\u00f3 el bicampeonato de Am\u00e9rica ante <strong>Colombia <\/strong>en los Estados Unidos.<\/p>\n<\/div>\n<div class=\"sc-a7166897-0 eoLsBE\" readability=\"6.5\">\n<section readability=\"3\"><picture><img alt=\"Cuesti\u00f3n de Estado: hasta el Gobierno de Brasil se meti\u00f3 en la pol\u00e9mica por el Bal\u00f3n de Oro y banc\u00f3 a Vinicius\" loading=\"lazy\" width=\"290\" height=\"290\" decoding=\"async\" data-nimg=\"1\" src=\"http:\/\/hoycordobaweb.com\/wp-content\/uploads\/2024\/10\/el-divertido-cruce-entre-dibu-martinez-y-didier-drogba-en-la-gala-del-balon-de-oro-3.jpg\"><\/picture>\n<p><span>Mir\u00e1 tambi\u00e9n<\/span><\/p>\n<hr>\n<h3>Cuesti\u00f3n de Estado: hasta el Gobierno de Brasil se meti\u00f3 en la pol\u00e9mica por el Bal\u00f3n de Oro y banc\u00f3 a Vinicius<\/h3>\n<\/p>\n<\/section>\n<\/div>\n<div class=\"sc-a7166897-0 eoLsBE\" readability=\"6\">\n<section readability=\"2\"><picture><img alt=\"Qu\u00e9 dijeron en Brasil luego de que Vinicius no ganara el Bal\u00f3n de Oro\" loading=\"lazy\" width=\"290\" height=\"290\" decoding=\"async\" data-nimg=\"1\" src=\"http:\/\/hoycordobaweb.com\/wp-content\/uploads\/2024\/10\/el-divertido-cruce-entre-dibu-martinez-y-didier-drogba-en-la-gala-del-balon-de-oro-4.jpg\"><\/picture>\n<p><span>Mir\u00e1 tambi\u00e9n<\/span><\/p>\n<hr>\n<h3>Qu\u00e9 dijeron en Brasil luego de que Vinicius no ganara el Bal\u00f3n de Oro<\/h3>\n<\/p>\n<\/section>\n<\/div>\n<div class=\"sc-a7166897-0 eoLsBE\" readability=\"6.5\">\n<section readability=\"3\"><picture><img alt=\"La respuesta de France Football al Real Madrid por el faltazo a la gala del Bal\u00f3n de Oro\" loading=\"lazy\" width=\"290\" height=\"290\" decoding=\"async\" data-nimg=\"1\" src=\"http:\/\/hoycordobaweb.com\/wp-content\/uploads\/2024\/10\/el-divertido-cruce-entre-dibu-martinez-y-didier-drogba-en-la-gala-del-balon-de-oro-5.jpg\"><\/picture>\n<p><span>Mir\u00e1 tambi\u00e9n<\/span><\/p>\n<hr>\n<h3>La respuesta de France Football al Real Madrid por el faltazo a la gala del Bal\u00f3n de Oro<\/h3>\n<\/p>\n<\/section>\n<\/div>\n<\/div>\n","protected":false},"excerpt":{"rendered":"<p>29\/10\/2024 13:52hs. Para coronar otra gran temporada, Emiliano Mart\u00ednez conquist\u00f3 por segunda vez consecutiva el premio Lev Yashin y qued\u00f3 en el puesto 18 en el Bal\u00f3n de Oro. Sin embargo, como suele ocurrir, fue consultado ir\u00f3nicamente por su accionar dentro de la cancha. Por lo tanto, con la altura que lo caracteriza, el hombre [&hellip;]<\/p>\n","protected":false},"author":1,"featured_media":86896,"comment_status":"open","ping_status":"closed","sticky":false,"template":"","format":"standard","meta":[],"categories":[16],"tags":[],"_links":{"self":[{"href":"http:\/\/hoycordobaweb.com\/index.php\/wp-json\/wp\/v2\/posts\/86895"}],"collection":[{"href":"http:\/\/hoycordobaweb.com\/index.php\/wp-json\/wp\/v2\/posts"}],"about":[{"href":"http:\/\/hoycordobaweb.com\/index.php\/wp-json\/wp\/v2\/types\/post"}],"author":[{"embeddable":true,"href":"http:\/\/hoycordobaweb.com\/index.php\/wp-json\/wp\/v2\/users\/1"}],"replies":[{"embeddable":true,"href":"http:\/\/hoycordobaweb.com\/index.php\/wp-json\/wp\/v2\/comments?post=86895"}],"version-history":[{"count":0,"href":"http:\/\/hoycordobaweb.com\/index.php\/wp-json\/wp\/v2\/posts\/86895\/revisions"}],"wp:featuredmedia":[{"embeddable":true,"href":"http:\/\/hoycordobaweb.com\/index.php\/wp-json\/wp\/v2\/media\/86896"}],"wp:attachment":[{"href":"http:\/\/hoycordobaweb.com\/index.php\/wp-json\/wp\/v2\/media?parent=86895"}],"wp:term":[{"taxonomy":"category","embeddable":true,"href":"http:\/\/hoycordobaweb.com\/index.php\/wp-json\/wp\/v2\/categories?post=86895"},{"taxonomy":"post_tag","embeddable":true,"href":"http:\/\/hoycordobaweb.com\/index.php\/wp-json\/wp\/v2\/tags?post=86895"}],"curies":[{"name":"wp","href":"https:\/\/api.w.org\/{rel}","templated":true}]}}