{"id":86808,"date":"2024-10-28T16:57:37","date_gmt":"2024-10-28T16:57:37","guid":{"rendered":"http:\/\/hoycordobaweb.com\/index.php\/2024\/10\/28\/ricardo-quintela-la-campora-es-un-espacio-importante-pero-el-peronismo-no-es-la-campora\/"},"modified":"2024-10-28T16:57:37","modified_gmt":"2024-10-28T16:57:37","slug":"ricardo-quintela-la-campora-es-un-espacio-importante-pero-el-peronismo-no-es-la-campora","status":"publish","type":"post","link":"http:\/\/hoycordobaweb.com\/index.php\/2024\/10\/28\/ricardo-quintela-la-campora-es-un-espacio-importante-pero-el-peronismo-no-es-la-campora\/","title":{"rendered":"Ricardo Quintela: \u00abLa C\u00e1mpora es un espacio importante, pero el peronismo no es La C\u00e1mpora\u00bb"},"content":{"rendered":"<div class=\"media_block\"><\/div>\n<p>Tras la decisi\u00f3n de la junta electoral del Partido Justicialista de<a target=\"_blank\" href=\"https:\/\/www.perfil.com\/noticias\/politica\/la-junta-electoral-del-pj-rechazo-la-lista-de-ricardo-quintela-por-falta-de-avales-y-el-riojano-ira-a-la-justicia-privatizaron-el-partido.phtml\" rel=\"noopener noreferrer\"> rechazar la lista encabezada por Ricardo Quintela<\/a>, el gobernador de La Rioja anunci\u00f3 que judicializar\u00e1 la elecci\u00f3n y critic\u00f3 a Cristina y La C\u00e1mpora por \u201cprivatizar el partido\u201d. \u201cYo creo que hab\u00eda <strong>improvisaci\u00f3n<\/strong>, o que ellos <strong>no ten\u00edan previsto que hubieran dos listas\u201d, <\/strong>afirm\u00f3 en <a target=\"_blank\" href=\"https:\/\/twitter.com\/mfontevecchiaok\" rel=\"noopener noreferrer\">Modo Fontevecchia<\/a>, por <a target=\"_blank\" href=\"http:\/\/www.canalnet.tv\/programas\/modo-fontevecchia\/\" rel=\"noopener noreferrer\">Net TV<\/a> y <a target=\"_blank\" href=\"http:\/\/radio.perfil.com\/en-vivo\/radio\" rel=\"noopener noreferrer\">Radio Perfil<\/a> (AM 1190).<\/p>\n<p><em>Ricardo Quintela es gobernador de La Rioja desde 2019 y fue reelecto en 2023. Adem\u00e1s, fue diputado provincial en 2017 y en 1993; intendente de la ciudad de La Rioja en 2003; diputado nacional en 1997; secretario de Asuntos de Interior en 1991 y subsecretario de la Juventud de la Provincia en 1986.<\/em><\/p>\n<p><strong>\u00bfCu\u00e1l es su visi\u00f3n de c\u00f3mo sigue esto?<\/strong><\/p>\n<div class=\"subscription\" readability=\"6.683257918552\">\n<p> Esto no les gusta a los autoritarios <\/p>\n<div class=\"subscription__container\" readability=\"6.1467391304348\">\n<div class=\"subscription__text-wrapper\" readability=\"31.20652173913\">\n<p> El ejercicio del periodismo profesional y cr\u00edtico es un pilar fundamental de la democracia. Por eso molesta a quienes creen ser los due\u00f1os de la verdad. <\/p>\n<\/p><\/div><\/div><\/div>\n<p>Nosotros presentamos un recurso en contra de la Junta, y tienen la obligaci\u00f3n de forma inmediata de enviar lo que pedimos a la jueza electoral. En 24 horas, la jueza electoral tomar\u00e1 la decisi\u00f3n correspondiente.<\/p>\n<p><strong>Osea que est\u00e1 contando las horas\u2026<\/strong><\/p>\n<p>Exacto.<\/p>\n<p><strong>\u00bfConoce a la jueza Servini personalmente?<\/strong><\/p>\n<p>S\u00ed.<\/p>\n<p><strong>\u00bfY qu\u00e9 opini\u00f3n tiene?<\/strong><\/p>\n<p>Es la jueza que m\u00e1s experiencia tiene en el tema electoral.<\/p>\n<p class=\"destacadoNota\"><a target=\"_blank\" href=\"https:\/\/www.perfil.com\/noticias\/politica\/la-junta-electoral-del-pj-rechazo-la-lista-de-ricardo-quintela-por-falta-de-avales-y-el-riojano-ira-a-la-justicia-privatizaron-el-partido.phtml\" rel=\"noopener noreferrer\"><strong>La Junta Electoral del PJ rechaz\u00f3 la lista de Ricardo Quintela por falta de avales y el riojano ir\u00e1 a la Justicia: \u201cPrivatizaron el partido\u201d<\/strong><\/a><\/p>\n<p><strong>\u00bfQu\u00e9 expectativas tiene?<\/strong><\/p>\n<p>El objetivo es que tome la mejor decisi\u00f3n y evitar que se proscriba la posibilidad de que 200.000 ciudadanos<a target=\"_blank\" href=\"https:\/\/www.perfil.com\/noticias\/politica\/andres-cuervo-larroque-critico-a-cristina-kirchner-por-la-interna-peronista-fortalece-a-milei.phtml\" rel=\"noopener noreferrer\"> afiliados al PJ<\/a> se expresen y decidan qui\u00e9nes ser\u00e1n los integrantes de la junta nacional.&nbsp;<\/p>\n<p><strong>Si Servini habilita una postergaci\u00f3n de las elecciones, esto beneficiar\u00eda a todos, porque les dar\u00eda m\u00e1s tiempo para preparar una elecci\u00f3n que estaba muy justa con los d\u00edas\u2026&nbsp;<\/strong><\/p>\n<p>S\u00ed. A mi juicio era <strong>imposible operativamente<\/strong>. No estaban determinados los lugares de elecci\u00f3n, los veedores, los delegados, los presidentes de mesas ni qui\u00e9n iba a distribuir las mesas. El \u00fanico habilitado es el Correo, y manifest\u00f3 que <strong>no hab\u00eda tiempo material<\/strong>. Tampoco estaba garantizado<strong> qu\u00e9 fuerza iba a custodiar los comicios.<\/strong><\/p>\n<p>Yo creo que hab\u00eda <strong>improvisaci\u00f3n<\/strong>, o que ellos <strong>no ten\u00edan previsto que hubieran dos listas<\/strong>. Est\u00e1n acostumbrados a una sola lista, que se decide entre cuatro paredes entre 15 personas por sobre los 3 millones de afiliados. Son los afiliados los que tienen que elegir a sus autoridades.<\/p>\n<p class=\"destacadoNota\"><a target=\"_blank\" href=\"https:\/\/www.perfil.com\/noticias\/politica\/andres-cuervo-larroque-critico-a-cristina-kirchner-por-la-interna-peronista-fortalece-a-milei.phtml\" rel=\"noopener noreferrer\"><strong>Andr\u00e9s \u00abCuervo\u00bb Larroque critic\u00f3 a Cristina Kirchner por la interna peronista: \u00abFortalece a Milei\u00bb<\/strong><\/a><\/p>\n<p><strong>Al mismo tiempo, usted tampoco pens\u00f3 que iba a haber otra lista porque esta incapacidad operativa estaba presente. \u00bfTodo esto es resultado de que Cristina Kirchner decidi\u00f3 postularse pocas semanas antes?<\/strong><\/p>\n<p>Efectivamente. Si hubiera manifestado esa voluntad antes, se hubiera convocado a un di\u00e1logo y seguramente nos hubi\u00e9ramos puesto de acuerdo con los gobernadores, los representantes de los bloques y los dirigentes del Conurbano bonaerense, que son muy importantes.&nbsp;<\/p>\n<p>Creo que se podr\u00eda haber llegado a un acuerdo, que tendr\u00eda que haber tenido el aval de los presidentes de los consejos provinciales. Eso es importante porque cuatro o cinco personas no podemos decidir por sobre 3 millones, ni sobre los representantes de esos habitantes.&nbsp;<\/p>\n<p>Hemos salido a recorrer tomando la palabra de ella, con el bast\u00f3n de mariscal, yendo a hablar con los compa\u00f1eros y compa\u00f1eras y no hablando mal de nadie. Eso es lo que hicimos nosotros. No hablamos mal de nadie y hablamos de lo que creemos que hay que hacer: modificar actitudes, comportamientos o m\u00e9todos, cambiar la pol\u00edtica gestual y&nbsp; abrazar a los compa\u00f1eros.<\/p>\n<p><strong>Por lo menos se podr\u00edan haber puesto de acuerdo en posponer la fecha, \u00bfo cree que no quisieron posponer la fecha para que emergieran estas cuestiones y usted no pudiese competir?<\/strong><\/p>\n<p>No. Nosotros \u00edbamos a competir de cualquier manera. Ellos siempre tuvieron la ilusi\u00f3n de que dij\u00e9ramos que s\u00ed a la lista \u00fanica, entonces no creyeron que pudiera haber una posici\u00f3n firme con respecto a la participaci\u00f3n del afiliado. Nosotros defendemos la participaci\u00f3n del afiliado.<\/p>\n<p><strong>Entonces no les parec\u00eda l\u00f3gico acordar para posponer porque supon\u00edan que usted no se iba a presentar.<\/strong><\/p>\n<p>Si nosotros lo hubi\u00e9semos planteado as\u00ed, hubiese sido tomado como s\u00edntoma de debilidad y de que quer\u00edamos posponer porque no estamos en condiciones de llevar adelante un proceso electoral, y s\u00ed estamos en condiciones.<\/p>\n<p><strong>\u00bfQu\u00e9 pas\u00f3 con las personas que estaban en su lista y se fueron bajando? \u00bfFueron presionados por el sector de Cristina Kirchner?<\/strong><\/p>\n<p>S\u00ed, esa es la verdad aunque quieran dibujarla de otra manera. Hay compa\u00f1eras, como <strong>Mar\u00eda Emilia Soria<\/strong>, que actu\u00f3 de buena fe. Me recibi\u00f3, me entreg\u00f3 el aval y ya sab\u00eda que por compromiso y afecto iba a tomar la decisi\u00f3n de apoyarla a ella. Otros compa\u00f1eros fueron objeto de presiones para que se pudieran bajar, como los dos \u00faltimos de Tierra del Fuego.&nbsp;<\/p>\n<p>Lo importante es que hemos recorrido 10 provincias y queremos recorrer las otras 13. Para eso tengo pensado sacar una licencia para poder dedicarme a consolidar un peronismo unido, vigoroso, movilizado, convocado a la unidad<strong> para que los cuadros profesionales se puedan sentar a debatir un proyecto de pa\u00eds<\/strong>.&nbsp;<\/p>\n<p>Eso es lo que hizo <a target=\"_blank\" href=\"https:\/\/www.perfil.com\/noticias\/columnistas\/que-hacemos-con-menem.phtml\" rel=\"noopener noreferrer\"><strong>Carlos Menem<\/strong><\/a> en el 98, y le dio buenos resultados, porque la gente ve\u00eda que <strong>hab\u00eda profesionales trabajando sobre un proyecto s\u00f3lido<\/strong>. Luego no lo aplic\u00f3 en plenitud, pero hab\u00eda <strong>de 3.000 a 4.000 profesionales trabajando para acercarle al Presidente un proyecto s\u00f3lido<\/strong> y donde establece cu\u00e1les eran las empresas que no se pod\u00edan privatizar.<\/p>\n<p class=\"destacadoNota\"><strong><a target=\"_blank\" href=\"https:\/\/www.perfil.com\/noticias\/columnistas\/que-hacemos-con-menem.phtml\" rel=\"noopener noreferrer\">\u00bfQu\u00e9 hacemos con Menem?<\/a><\/strong><\/p>\n<p><strong>Si no pudieran llegar a una interna, \u00bfesto podr\u00eda culminar en una divisi\u00f3n del peronismo?<\/strong><\/p>\n<p>Es una hip\u00f3tesis que no tenemos definida todav\u00eda. Tendr\u00edan que suceder los hechos para que podamos decidir. Para mi es muy importante saber que<strong> siempre hemos trabajado para la unidad<\/strong>, pero es muy dif\u00edcil conseguir la unidad en estas condiciones.&nbsp;<\/p>\n<p>Tenemos que ser un poco m\u00e1s humildes y encontrar un mecanismo que represente el pensamiento de cada uno de los sectores. Nuestro peronismo es fuerte, y algo se logr\u00f3, porque hoy el peronismo est\u00e1 vigente, vigoroso, se est\u00e1 discutiendo y <strong>est\u00e1 en la tapa de todos los medios<\/strong>. Por lo tanto, el objetivo se alcanz\u00f3, pero no en la medida que nosotros quer\u00edamos, porque quer\u00edamos que culmine con un proceso electoral. Pero est\u00e1 vigente, que es lo m\u00e1s importante.<\/p>\n<div>\n<figure class=\"image\"><img alt=\"Cristina partido justicialista\" height=\"670\" src=\"http:\/\/hoycordobaweb.com\/wp-content\/uploads\/2024\/10\/ricardo-quintela-la-campora-es-un-espacio-importante-pero-el-peronismo-no-es-la-campora.jpg\" width=\"1193\" loading=\"lazy\"><figcaption>El gobernador de La Rioja sostuvo que la lista de Cristina Kirchner no estaba preparada para competir porque los peronistas est\u00e1n acostumbrados a \u00abla lista \u00fanica que se decide en una oficina de la Capital Federal\u00bb.&nbsp;<\/figcaption><\/figure>\n<\/p><\/div>\n<p><em>Alejandro Gomel<\/em>: <strong>\u00bfLo que usted ve es que Cristina no quiere que haya elecciones?<\/strong><\/p>\n<p>Creo que ellos no estaban preparados para competir porque todos los peronistas estamos acostumbrados a la lista \u00fanica que se decide en una oficina de la Capital Federal. Yo creo fervientemente en los procesos internos, con reglas claras y donde prevalezca el debate. Eso es lo que tratamos de inculcarle a nuestros militantes.&nbsp;<\/p>\n<p><em>AG<\/em>: <strong>Algunos dicen que no quiere competir porque puede perder, y otros porque va a haber baja participaci\u00f3n y no le servir\u00eda una victoria con pocos votos. \u00bfCu\u00e1l es su visi\u00f3n?<\/strong><\/p>\n<p>Puede ser que crean que no tenemos nada para perder y que nosotros tenemos mucho para perder, pero ese no es nuestro pensamiento. De todas maneras, sean 100, 200 o 300, nosotros creemos que va a haber una participaci\u00f3n superior al 20%, lo que significa cerca de 600.000 afiliados. Eso es mucho m\u00e1s que 15 o 20.<\/p>\n<p>Lo que es importante es la campa\u00f1a y la capacidad de movilizaci\u00f3n que pueda tener cada uno. Yo no dudo de la capacidad de movilizaci\u00f3n que puedan tener ellos, pero tampoco dudo de la capacidad de los compa\u00f1eros y compa\u00f1eras que integran nuestra lista porque son militantes.&nbsp;<\/p>\n<p class=\"destacadoNota\"><a target=\"_blank\" href=\"https:\/\/www.perfil.com\/noticias\/canal-e\/axel-kicillof-se-ilusiona-con-tener-en-territorio-bonaerense-la-nueva-planta-de-gnl-que-planea-desarrollar-techint.phtml\" rel=\"noopener noreferrer\"><strong>Axel Kicillof se ilusiona con tener en territorio bonaerense la nueva planta de GNL que planea desarrollar Techint<\/strong><\/a><\/p>\n<p><em>AG<\/em>: <strong>En el medio de todo esto qued\u00f3 <\/strong><a target=\"_blank\" href=\"https:\/\/www.perfil.com\/noticias\/canal-e\/axel-kicillof-se-ilusiona-con-tener-en-territorio-bonaerense-la-nueva-planta-de-gnl-que-planea-desarrollar-techint.phtml\" rel=\"noopener noreferrer\"><strong>Kicillof<\/strong><\/a><strong>. \u00bfQu\u00e9 le dir\u00eda al gobernador?<\/strong><\/p>\n<p>Que se mantenga como hasta ahora, privilegiando los intereses de los bonaerenses. La complejidad de los problemas que tiene es muy importante como para desgastar energ\u00eda en procesos internos.<\/p>\n<p><em>Claudio Mardones<\/em>: <strong>Este fin de semana, Maximo Kirchner dijo que es un \u201cchamuyo\u201d que usted diga que le robaron los avales y que duda de los argumentos de sus apoderados. \u00bfQu\u00e9 le contesta?<\/strong><\/p>\n<p>Yo entiendo y respeto lo que dice, aunque tengo m\u00e1s experiencia que \u00e9l en los procesos internos. De todas maneras, nosotros<strong> presentamos los 70.000 avales verificados y est\u00e1 el soporte inform\u00e1tico<\/strong>. A diferencia de ellos, <strong>no nos permitieron ingresar al PJ<\/strong>, que lo tomaron como un comando propio. Nosotros entregamos las cosas y las hicieron desaparecer. De hecho, hay avales que le mostraron a la prensa que no son nuestros, son truchos.&nbsp;<\/p>\n<p>Tambi\u00e9n hay rumores de que los avales que ellos presentaron no son propios, sino que pertenecen a <strong>Sergio Massa<\/strong>. El problema es que no lo podemos verificar porque no tenemos acceso a sus avales, pero ellos s\u00ed tienen acceso a los nuestros.<\/p>\n<p><em>CM<\/em>: <strong>En el caso de que se confirmen estas irregularidades que est\u00e1 denunciando, \u00bfqui\u00e9n es responsable?<\/strong><\/p>\n<p>La junta electoral, pero eso es lo de menos. Lo m\u00e1s importante es la elecci\u00f3n porque pueden faltar los papeles, pero lo importante es cuando los afiliados van a emitir su sufragio. No se puede proscribir a 200.000 afiliados de elegir a sus autoridades por m\u00e1s papeles que falten. No puedo explicarlo con precisi\u00f3n, pero creo que hay jurisprudencia sobre esto.&nbsp;<\/p>\n<p>Lo m\u00e1s importante es que el afiliado se pueda expresar, y tienen que quedar de lado las trabas burocr\u00e1ticas para privilegiar la posibilidad de expresi\u00f3n del afiliado.&nbsp;<\/p>\n<p><strong>Ayer le hizo un homenaje a N\u00e9stor Kirchner. \u00bfEncuentra diferencias entre el expresidente y la expresidenta? \u00bfHubiera sido distinta la situaci\u00f3n con \u00e9l?<\/strong><\/p>\n<p>S\u00ed, totalmente, y no lo digo en tono despectivo. Son personalidades y comportamientos distintos. N\u00e9stor era cari\u00f1oso, era pol\u00edtico, abrazaba y ped\u00eda que le marquen los errores. \u00c9l destruy\u00f3 la categor\u00eda del jefe, y fue conductor. N\u00e9stor era otra cosa, y por eso hay colaboradores de \u00e9l que no est\u00e1n de acuerdo con el m\u00e9todo de La C\u00e1mpora.<\/p>\n<p><strong>La C\u00e1mpora es un espacio importante, pero el peronismo no es La C\u00e1mpora. <\/strong>La C\u00e1mpora es un espacio del peronismo, que tendr\u00e1 m\u00e1s o menos fuerza que otros, pero no es todo.&nbsp;<\/p>\n<p><em>TV FM<\/em><\/p>\n","protected":false},"excerpt":{"rendered":"<p>Tras la decisi\u00f3n de la junta electoral del Partido Justicialista de rechazar la lista encabezada por Ricardo Quintela, el gobernador de La Rioja anunci\u00f3 que judicializar\u00e1 la elecci\u00f3n y critic\u00f3 a Cristina y La C\u00e1mpora por \u201cprivatizar el partido\u201d. \u201cYo creo que hab\u00eda improvisaci\u00f3n, o que ellos no ten\u00edan previsto que hubieran dos listas\u201d, afirm\u00f3 [&hellip;]<\/p>\n","protected":false},"author":1,"featured_media":86809,"comment_status":"closed","ping_status":"closed","sticky":false,"template":"","format":"standard","meta":[],"categories":[19],"tags":[90,350,600,31,294,89,599],"_links":{"self":[{"href":"http:\/\/hoycordobaweb.com\/index.php\/wp-json\/wp\/v2\/posts\/86808"}],"collection":[{"href":"http:\/\/hoycordobaweb.com\/index.php\/wp-json\/wp\/v2\/posts"}],"about":[{"href":"http:\/\/hoycordobaweb.com\/index.php\/wp-json\/wp\/v2\/types\/post"}],"author":[{"embeddable":true,"href":"http:\/\/hoycordobaweb.com\/index.php\/wp-json\/wp\/v2\/users\/1"}],"replies":[{"embeddable":true,"href":"http:\/\/hoycordobaweb.com\/index.php\/wp-json\/wp\/v2\/comments?post=86808"}],"version-history":[{"count":0,"href":"http:\/\/hoycordobaweb.com\/index.php\/wp-json\/wp\/v2\/posts\/86808\/revisions"}],"wp:featuredmedia":[{"embeddable":true,"href":"http:\/\/hoycordobaweb.com\/index.php\/wp-json\/wp\/v2\/media\/86809"}],"wp:attachment":[{"href":"http:\/\/hoycordobaweb.com\/index.php\/wp-json\/wp\/v2\/media?parent=86808"}],"wp:term":[{"taxonomy":"category","embeddable":true,"href":"http:\/\/hoycordobaweb.com\/index.php\/wp-json\/wp\/v2\/categories?post=86808"},{"taxonomy":"post_tag","embeddable":true,"href":"http:\/\/hoycordobaweb.com\/index.php\/wp-json\/wp\/v2\/tags?post=86808"}],"curies":[{"name":"wp","href":"https:\/\/api.w.org\/{rel}","templated":true}]}}