{"id":86798,"date":"2024-10-28T16:25:53","date_gmt":"2024-10-28T16:25:53","guid":{"rendered":"https:\/\/www.ole.com.ar\/internacional\/inglaterra\/alejandro-garnacho-erik-ten-hag-manchester-united_0_BkNOX12Hwz.html"},"modified":"2024-10-28T16:25:53","modified_gmt":"2024-10-28T16:25:53","slug":"el-sentido-mensaje-de-despedida-de-alejandro-garnacho-para-erik-ten-hag","status":"publish","type":"post","link":"http:\/\/hoycordobaweb.com\/index.php\/2024\/10\/28\/el-sentido-mensaje-de-despedida-de-alejandro-garnacho-para-erik-ten-hag\/","title":{"rendered":"El sentido mensaje de despedida de Alejandro Garnacho para Erik ten Hag"},"content":{"rendered":"<p><img src=\"http:\/\/hoycordobaweb.com\/wp-content\/uploads\/2024\/10\/el-sentido-mensaje-de-despedida-de-alejandro-garnacho-para-erik-ten-hag.jpg\"><\/p>\n<p><time class=\"createDate\" datetime=\"2024-10-28T13:25:53-03:00\">28\/10\/2024 13:25hs.<\/time><\/p>\n<div id=\"storyBody\">\n<div class=\"custom-text \" readability=\"34.718562874251\">\n<p>Tras permanecer 921 d\u00edas en el cargo, <strong><a href=\"https:\/\/www.ole.com.ar\/tema\/erik-ten-hag.html\" target=\"_self\" title=\"Erik ten Hag\" alt=\"Erik ten Hag\" rel=\"noopener noreferrer\">Erik ten Hag<\/a><\/strong> fue despedido por las autoridades del <strong><a href=\"https:\/\/www.ole.com.ar\/tema\/manchester-united.html\" target=\"_self\" title=\"Manchester United\" alt=\"Manchester United\" rel=\"noopener noreferrer\">Manchester United<\/a><\/strong>. El entrenador (que asumi\u00f3 en abril de 2022) no logr\u00f3 revertir la mala temporada que tuvo en la \u00faltima Premier League y fue desvinculado del club tras la derrota 2-1 que sufri\u00f3 ante el <strong><a href=\"https:\/\/www.ole.com.ar\/tema\/west-ham.html\" target=\"_self\" title=\"West Ham\" alt=\"West Ham\" rel=\"noopener noreferrer\">West Ham<\/a><\/strong>. Por lo tanto, al tomar conocimiento de la noticia, el que no dud\u00f3 en dedicarle unas sentidas palabras fue <strong><a href=\"https:\/\/www.ole.com.ar\/tema\/alejandro-garnacho.html\" target=\"_self\" title=\"Alejandro Garnacho\" alt=\"Alejandro Garnacho\" rel=\"noopener noreferrer\">Alejandro Garnacho<\/a><\/strong>, quien est\u00e1 nominado al premio <strong>Golden Boy<\/strong> en el <strong>Bal\u00f3n de Oro 2024<\/strong>.<\/p>\n<\/div>\n<div class=\"custom-text \" readability=\"39\">\n<p>\u00abGracias por todo. <strong>Siempre voy a estar agradecido con usted <\/strong>por darme la oportunidad de representar a este club\u00bb, asegur\u00f3 el delantero de la <strong>Selecci\u00f3n Argentina<\/strong> en su cuenta de Instagram. Luego, reconoci\u00f3 abiertamente que la salida del t\u00e9cnico no fue la esperada. \u00ab<strong>No se fue de la manera que esper\u00e1bamos, pero voy a recordar los buenos momentos compartidos<\/strong>\u00ab, reconoci\u00f3.<\/p>\n<\/div>\n<div class=\"custom-text \" readability=\"39\">\n<p>En su momento, <strong>ambos tuvieron algunas diferencias<\/strong>. De hecho, el futbolista se vio en la obligaci\u00f3n de pedirle disculpas por haber avalado en las redes sociales un comentario que lo criticaba por las decisiones que tomaba estando al frente del equipo. Sin embargo, afortunadamente, pudieron limar asperezas antes de que llegara el final del ciclo. <\/p>\n<\/div>\n<div class=\"custom-text \" readability=\"37\">\n<p>\u00ab<strong>Te deseo lo mejor en el futuro. Gracias por todo, Erik<\/strong>\u00ab, cerr\u00f3. Segundos despu\u00e9s, el Bichito remat\u00f3 el posteo con una linda foto en la que se lo puede ver al neerland\u00e9s felicit\u00e1ndolo despu\u00e9s de un partido.<\/p>\n<\/div>\n<div class=\"sc-e7b891c4-0 ifHnQL image-embed\"><img alt=\"Alejandro Garnacho le dedic\u00f3 un sentido posteo a Erik ten Hag. (FOTO: Instagram)\" loading=\"lazy\" width=\"720\" height=\"100\" decoding=\"async\" data-nimg=\"1\" src=\"http:\/\/hoycordobaweb.com\/wp-content\/uploads\/2024\/10\/el-sentido-mensaje-de-despedida-de-alejandro-garnacho-para-erik-ten-hag-2.jpg\"><span class=\"epigraphe\">Alejandro Garnacho le dedic\u00f3 un sentido posteo a Erik ten Hag. (FOTO: Instagram)<\/span><\/div>\n<div class=\"sc-e7b891c4-0 ifHnQL image-embed\"><img alt=\"Alejandro Garnacho le dedic\u00f3 un sentido posteo a Erik ten Hag. (FOTO: Instagram)\" loading=\"lazy\" width=\"720\" height=\"100\" decoding=\"async\" data-nimg=\"1\" src=\"http:\/\/hoycordobaweb.com\/wp-content\/uploads\/2024\/10\/el-sentido-mensaje-de-despedida-de-alejandro-garnacho-para-erik-ten-hag-3.jpg\"><span class=\"epigraphe\">Alejandro Garnacho le dedic\u00f3 un sentido posteo a Erik ten Hag. (FOTO: Instagram)<\/span><\/div>\n<p><h2>\u00bfC\u00f3mo le fue a Erik ten Hag durante su paso como entrenador del Manchester United?<\/h2>\n<\/p>\n<div class=\"custom-text \" readability=\"38\">\n<p>Durante su paso como entrenador de la instituci\u00f3n, <strong>Erik ten Hag<\/strong> disput\u00f3 128 partidos de los cuales <strong>gan\u00f3 72<\/strong>, <strong>empat\u00f3 20<\/strong> y <strong>perdi\u00f3 36<\/strong>. A su vez, al frente del <strong>Manchester United<\/strong>, el t\u00e9cnico conquist\u00f3 <strong>dos t\u00edtulos<\/strong>: una <strong>FA <\/strong>y una <strong>Carabao Cup<\/strong>.<\/p>\n<\/div>\n<p><h2>\u00bfQui\u00e9n asumir\u00e1 como entrenador interino en el Manchester United tras el despido de Erik ten Hag?<\/h2>\n<\/p>\n<div class=\"custom-text \" readability=\"37\">\n<p>Seg\u00fan inform\u00f3 el <strong>Manchester United<\/strong>, quien se har\u00e1 cargo del primer equipo tras el despido de <strong>Erik ten Hag<\/strong> ser\u00e1 <strong>Ruud van Nistelrooy<\/strong>. Cabe mencionar que, a trav\u00e9s del comunicado oficial, destacaron que <strong>asumir\u00e1 el cargo como interino<\/strong> hasta que encuentren un reemplazo.<\/p>\n<\/div>\n<p><h2>As\u00ed comunic\u00f3 el Manchester United el despido de Erik ten Hag<\/h2>\n<\/p>\n<div class=\"custom-text \" readability=\"38\">\n<p>\u00ab<strong>Estamos agradecidos con Erik por todo lo que ha hecho durante su tiempo con nosotros<\/strong> y le deseamos lo mejor para el futuro. <strong>Ruud van Nistelrooy se har\u00e1 cargo del equipo como entrenador interino<\/strong>, con el apoyo del equipo t\u00e9cnico actual, mientras se recluta un entrenador jefe permanente\u00bb, expres\u00f3 el club para anunciar la salida de Ten Hag y que el ex delantero estar\u00e1 al mando hasta conseguir un nuevo DT.<\/p>\n<\/div>\n<p><h2>Cu\u00e1ndo volver\u00e1 a jugar el Manchester United<\/h2>\n<\/p>\n<div class=\"custom-text \" readability=\"36\">\n<p>Los Diablos Rojos recibir\u00e1n este mi\u00e9rcoles al <strong>Leicester City <\/strong>por los octavos de final de la <strong>Copa de la Liga<\/strong>. Adem\u00e1s, el siguiente domingo se ver\u00e1n las caras ante el <strong>Chelsea <\/strong>y cuatro d\u00edas m\u00e1s tarde chocar\u00e1n ante el <strong>PAOK<\/strong> de Grecia en el Old Trafford por la cuarta fecha de la <strong>Europa League <\/strong>en b\u00fasqueda de su primer triunfo en el certamen.<\/p>\n<\/div>\n<div class=\"sc-a7166897-0 eoLsBE\" readability=\"6\">\n<section readability=\"2\"><picture><img alt=\"Las claves del Bal\u00f3n de Oro: Lautaro y Dibu nominados y un gran candidato\" loading=\"lazy\" width=\"290\" height=\"290\" decoding=\"async\" data-nimg=\"1\" src=\"http:\/\/hoycordobaweb.com\/wp-content\/uploads\/2024\/10\/el-sentido-mensaje-de-despedida-de-alejandro-garnacho-para-erik-ten-hag-4.jpg\"><\/picture>\n<p><span>Mir\u00e1 tambi\u00e9n<\/span><\/p>\n<hr>\n<h3>Las claves del Bal\u00f3n de Oro: Lautaro y Dibu nominados y un gran candidato<\/h3>\n<\/p>\n<\/section>\n<\/div>\n<div class=\"sc-a7166897-0 eoLsBE\" readability=\"6.5\">\n<section readability=\"3\"><picture><img alt=\"Dibu Mart\u00ednez ya est\u00e1 en Par\u00eds para la gala del Bal\u00f3n de Oro: \u00bfa qui\u00e9nes invit\u00f3?\" loading=\"lazy\" width=\"290\" height=\"290\" decoding=\"async\" data-nimg=\"1\" src=\"http:\/\/hoycordobaweb.com\/wp-content\/uploads\/2024\/10\/el-sentido-mensaje-de-despedida-de-alejandro-garnacho-para-erik-ten-hag-5.jpg\"><\/picture>\n<p><span>Mir\u00e1 tambi\u00e9n<\/span><\/p>\n<hr>\n<h3>Dibu Mart\u00ednez ya est\u00e1 en Par\u00eds para la gala del Bal\u00f3n de Oro: \u00bfa qui\u00e9nes invit\u00f3?<\/h3>\n<\/p>\n<\/section>\n<\/div>\n<\/div>\n","protected":false},"excerpt":{"rendered":"<p>28\/10\/2024 13:25hs. Tras permanecer 921 d\u00edas en el cargo, Erik ten Hag fue despedido por las autoridades del Manchester United. El entrenador (que asumi\u00f3 en abril de 2022) no logr\u00f3 revertir la mala temporada que tuvo en la \u00faltima Premier League y fue desvinculado del club tras la derrota 2-1 que sufri\u00f3 ante el West [&hellip;]<\/p>\n","protected":false},"author":1,"featured_media":86799,"comment_status":"open","ping_status":"closed","sticky":false,"template":"","format":"standard","meta":[],"categories":[16],"tags":[],"_links":{"self":[{"href":"http:\/\/hoycordobaweb.com\/index.php\/wp-json\/wp\/v2\/posts\/86798"}],"collection":[{"href":"http:\/\/hoycordobaweb.com\/index.php\/wp-json\/wp\/v2\/posts"}],"about":[{"href":"http:\/\/hoycordobaweb.com\/index.php\/wp-json\/wp\/v2\/types\/post"}],"author":[{"embeddable":true,"href":"http:\/\/hoycordobaweb.com\/index.php\/wp-json\/wp\/v2\/users\/1"}],"replies":[{"embeddable":true,"href":"http:\/\/hoycordobaweb.com\/index.php\/wp-json\/wp\/v2\/comments?post=86798"}],"version-history":[{"count":0,"href":"http:\/\/hoycordobaweb.com\/index.php\/wp-json\/wp\/v2\/posts\/86798\/revisions"}],"wp:featuredmedia":[{"embeddable":true,"href":"http:\/\/hoycordobaweb.com\/index.php\/wp-json\/wp\/v2\/media\/86799"}],"wp:attachment":[{"href":"http:\/\/hoycordobaweb.com\/index.php\/wp-json\/wp\/v2\/media?parent=86798"}],"wp:term":[{"taxonomy":"category","embeddable":true,"href":"http:\/\/hoycordobaweb.com\/index.php\/wp-json\/wp\/v2\/categories?post=86798"},{"taxonomy":"post_tag","embeddable":true,"href":"http:\/\/hoycordobaweb.com\/index.php\/wp-json\/wp\/v2\/tags?post=86798"}],"curies":[{"name":"wp","href":"https:\/\/api.w.org\/{rel}","templated":true}]}}