{"id":86791,"date":"2024-10-28T12:34:59","date_gmt":"2024-10-28T12:34:59","guid":{"rendered":"https:\/\/ladecimaweb.com\/?p=29782"},"modified":"2024-10-28T12:34:59","modified_gmt":"2024-10-28T12:34:59","slug":"llaryora-insiste-con-bajar-las-retenciones-para-que-la-plata-quede-en-manos-de-los-productores","status":"publish","type":"post","link":"http:\/\/hoycordobaweb.com\/index.php\/2024\/10\/28\/llaryora-insiste-con-bajar-las-retenciones-para-que-la-plata-quede-en-manos-de-los-productores\/","title":{"rendered":"Llaryora insiste con bajar las retenciones para que \u201cla plata quede en manos de los productores\u201d"},"content":{"rendered":"<div class=\"boldgrid-section\">\n<div class=\"container\">\n<div class=\"row\">\n<div class=\"col-md-12 col-xs-12 col-sm-12\">\n<p class=\"eplus-wrapper\">El gobernador Mart\u00edn Llaryora recibi\u00f3 en su despacho del Centro C\u00edvico a los representantes de la Mesa de Enlace Provincial donde, junto al ministro de Bioagroindustria, Sergio Busso, coincidieron en reclamar al gobierno nacional una baja gradual en las retenciones y una nueva ley de Biocombustibles.<\/p>\n<p class=\" eplus-wrapper\">El mandatario y la Mesa de Enlace estuvieron de acuerdo en que el proceso de baja de retenciones permitir\u00e1 que ese dinero quede en mano de los productores, posibilitando generar m\u00e1s inversiones con la transformaci\u00f3n de la materia prima, donde los biocombustibles juegan un papel central para agregar valor a la producci\u00f3n primaria.<\/p>\n<p class=\"eplus-wrapper\"><strong>\u201c<em>Vean lo que pasa con Uruguay, Paraguay, Brasil y Bolivia. Tiempo atr\u00e1s estos pa\u00edses estaban muy por debajo de Argentina en materia productiva. \u00bfCu\u00e1l fue el milagro ah\u00ed? Ninguno. Fue que la plata qued\u00f3 en manos de los productores, y como no se vieron afectados por las retenciones, la reinvirtieron<\/em>\u201d, les transmiti\u00f3 el gobernador.<\/strong><\/p>\n<p class=\"eplus-wrapper\">Asimismo, Llaryora expuso su posici\u00f3n ante la Mesa de Enlace en materia de Biocombustibles, donde reiter\u00f3 la importancia de que el Congreso apruebe una nueva ley que eleve el corte y permita as\u00ed incrementar el valor agregado a la producci\u00f3n primaria.<\/p>\n<p class=\"eplus-wrapper\">\u201c<em>Hace pocos d\u00edas estuve en Paraguay, donde el corte ya est\u00e1 en 25%, y Brasil lo va a llevar al 32%. Sin dudas, elevar el corte hace que el grano no tenga que salir en cami\u00f3n, y haya empresas que lo hagan producir, lo cual genera much\u00edsimos puestos de trabajo<\/em>\u201d, explic\u00f3.<\/p>\n<p class=\" eplus-wrapper\">Llaryora record\u00f3 que Brasil ya est\u00e1 en el 60% de la industrializaci\u00f3n de sus granos, y Estados Unidos, el 80%. Argentina est\u00e1 apenas en el 20% y \u201c<em>si logramos que bajen las retenciones, ese dinero quedar\u00e1 en mano de los productores que sin dudas invertir\u00e1n para generar m\u00e1s valor agregado<\/em>\u201d.&nbsp;<\/p>\n<p class=\"eplus-wrapper\"><strong>Desde 2001, a\u00f1os en que fueron creadas \u201ctemporariamente\u201d las retenciones agropecuarias, este impuesto signific\u00f3 una verdadera exacci\u00f3n para las provincias productoras. En estos a\u00f1os, desde C\u00f3rdoba ya se fueron m\u00e1s de 40 mil millones de d\u00f3lares por este impuesto.&nbsp;<\/strong><\/p>\n<p class=\"eplus-wrapper\">Las retenciones generan fuertes inequidades y transferencias de ingresos entre regiones, dado que el 90% de su recaudaci\u00f3n se extrae de cinco provincias (Santa Fe, C\u00f3rdoba, Buenos Aires, Santiago del Estero y Entre R\u00edos), cuando se trata de un tributo no coparticipable, de manera que el costo de este tributo para provincias como C\u00f3rdoba o Santa Fe resulta muy superior al de otras jurisdicciones.&nbsp;<\/p>\n<p class=\"eplus-wrapper\">El Gobierno de C\u00f3rdoba y la Mesa de Enlace se comprometen a trabajar juntos para lograr un proyecto de reducci\u00f3n gradual de las retenciones en la medida en que el super\u00e1vit fiscal se vaya consolidando y se enciendan nuevas fuentes de ingresos de d\u00f3lares a la Argentina provenientes de otros sectores productivos.<\/p>\n<p class=\"\"><strong>Hasta aqu\u00ed, lo que dice la gacetilla del gobierno. El asunto de las retenciones es que su eliminaci\u00f3n tendr\u00eda un impacto en el precio de los comestibles de exportaci\u00f3n<\/strong>, como el aceite y sus derivados, por ejemplo. De modo que adem\u00e1s de ser una fuente de recursos para el Estado nacional no coparticipable, es una herramienta para contener el precio de alimentos de exportaci\u00f3n.&nbsp;&nbsp;<\/p>\n<p class=\"\">&nbsp;<\/p>\n<p class=\"\">\n<div class=\"ubm_banner\"><a href=\"https:\/\/cordoba.gob.ar\/lanzamiento-del-plan-estrategico-de-abordaje-integral-y-vacunacion\/\" target=\"_blank\" rel=\"dofollow noopener noreferrer\"><img src=\"http:\/\/hoycordobaweb.com\/wp-content\/uploads\/2024\/10\/llaryora-insiste-con-bajar-las-retenciones-para-que-la-plata-quede-en-manos-de-los-productores.gif\" alt=\"\"><\/a><\/div>\n<\/div>\n<\/div>\n<\/div>\n<\/div>\n<p>La entrada <a rel=\"nofollow\" href=\"https:\/\/ladecimaweb.com\/llaryora-insiste-con-bajar-las-retenciones-para-que-la-plata-quede-en-manos-de-los-productores\/\">Llaryora insiste con bajar las retenciones para que &#8220;la plata quede en manos de los productores&#8221;<\/a> se public\u00f3 primero en <a rel=\"nofollow\" href=\"https:\/\/ladecimaweb.com\">LaDecima<\/a>.<\/p>\n","protected":false},"excerpt":{"rendered":"<p>El gobernador Mart\u00edn Llaryora recibi\u00f3 en su despacho del Centro C\u00edvico a los representantes de la Mesa de Enlace Provincial donde, junto al ministro de Bioagroindustria, Sergio Busso, coincidieron en reclamar al gobierno nacional una baja gradual en las retenciones y una nueva ley de Biocombustibles. El mandatario y la Mesa de Enlace estuvieron de [&hellip;]<\/p>\n","protected":false},"author":1,"featured_media":0,"comment_status":"closed","ping_status":"closed","sticky":false,"template":"","format":"standard","meta":[],"categories":[32],"tags":[],"_links":{"self":[{"href":"http:\/\/hoycordobaweb.com\/index.php\/wp-json\/wp\/v2\/posts\/86791"}],"collection":[{"href":"http:\/\/hoycordobaweb.com\/index.php\/wp-json\/wp\/v2\/posts"}],"about":[{"href":"http:\/\/hoycordobaweb.com\/index.php\/wp-json\/wp\/v2\/types\/post"}],"author":[{"embeddable":true,"href":"http:\/\/hoycordobaweb.com\/index.php\/wp-json\/wp\/v2\/users\/1"}],"replies":[{"embeddable":true,"href":"http:\/\/hoycordobaweb.com\/index.php\/wp-json\/wp\/v2\/comments?post=86791"}],"version-history":[{"count":0,"href":"http:\/\/hoycordobaweb.com\/index.php\/wp-json\/wp\/v2\/posts\/86791\/revisions"}],"wp:attachment":[{"href":"http:\/\/hoycordobaweb.com\/index.php\/wp-json\/wp\/v2\/media?parent=86791"}],"wp:term":[{"taxonomy":"category","embeddable":true,"href":"http:\/\/hoycordobaweb.com\/index.php\/wp-json\/wp\/v2\/categories?post=86791"},{"taxonomy":"post_tag","embeddable":true,"href":"http:\/\/hoycordobaweb.com\/index.php\/wp-json\/wp\/v2\/tags?post=86791"}],"curies":[{"name":"wp","href":"https:\/\/api.w.org\/{rel}","templated":true}]}}