{"id":86711,"date":"2024-10-28T12:28:15","date_gmt":"2024-10-28T12:28:15","guid":{"rendered":"https:\/\/www.mujerhoy.com\/moda\/no-te-pierdas\/mejores-chaquetones-invierno-fondo-armario-hym-20241028132721-nt.html"},"modified":"2024-10-28T12:28:15","modified_gmt":"2024-10-28T12:28:15","slug":"los-mejores-chaquetones-de-hm-que-empezaras-a-llevar-ya-y-te-pondras-a-diario-en-invierno","status":"publish","type":"post","link":"http:\/\/hoycordobaweb.com\/index.php\/2024\/10\/28\/los-mejores-chaquetones-de-hm-que-empezaras-a-llevar-ya-y-te-pondras-a-diario-en-invierno\/","title":{"rendered":"Los mejores chaquetones de H&amp;M que empezar\u00e1s a llevar ya y te pondr\u00e1s a diario en invierno"},"content":{"rendered":"<p><!-- AUTHOR --> <\/p>\n<div class=\"voc-author-timesocial \"> <!-- AUTHOR --> <\/p>\n<div class=\"voc-author-timesocial__signature \">\n<div class=\"voc-author-timesocial__img-c\"> <!-- IMAGE AUTHOR --> <picture class=\"voc-image-signature\"> <img class=\"voc-image-signature__img\" src=\"http:\/\/hoycordobaweb.com\/wp-content\/uploads\/2024\/10\/los-mejores-chaquetones-de-hm-que-empezaras-a-llevar-ya-y-te-pondras-a-diario-en-invierno.jpg\" alt=\"Elena Olivero\"> <\/picture> <\/div>\n<p> <!-- INFO AUTHOR --> <\/div><\/div>\n<p> <!-- COMPONENTS --> <\/p>\n<p class=\"voc-paragraph\" data-mrf-recirculation=\"Link art\u00edculo\">Lleg\u00f3 ese momento del a\u00f1o en que tenemos que empezar a vestirnos a capas. Ya no podemos salir a la calle sin abrigo. Por eso, es el mejor momento de hacer el cambio de armario e incluir tanto los <a data-voc-vtm-id=\"in-text-traffic\" href=\"https:\/\/www.mujerhoy.com\/moda\/tendencias\/jerseis-lana-suave-para-llevar-a-diario-20241018123909-nt.html\" data-mrf-link=\"https:\/\/www.mujerhoy.com\/moda\/tendencias\/jerseis-lana-suave-para-llevar-a-diario-20241018123909-nt.html\">jers\u00e9is b\u00e1sicos<\/a> para llevar a diario en la temporada de fr\u00edo, como todos los <strong>modelos de abrigos<\/strong> que usaremos sin parar. Desde la <a data-voc-vtm-id=\"in-text-traffic\" href=\"https:\/\/www.mujerhoy.com\/moda\/no-te-pierdas\/parkas-abrigo-otono-favorito-inglesas-tendencia-mango-corte-ingles-20240912125943-nt.html\" data-mrf-link=\"https:\/\/www.mujerhoy.com\/moda\/no-te-pierdas\/parkas-abrigo-otono-favorito-inglesas-tendencia-mango-corte-ingles-20240912125943-nt.html\">cl\u00e1sica parka encerada<\/a> hasta la <a data-voc-vtm-id=\"in-text-traffic\" href=\"https:\/\/www.mujerhoy.com\/moda\/no-te-pierdas\/cazadoras-doble-faz-chaqueta-tendencia-otono-bershka-20241003075839-nt.html\" data-mrf-link=\"https:\/\/www.mujerhoy.com\/moda\/no-te-pierdas\/cazadoras-doble-faz-chaqueta-tendencia-otono-bershka-20241003075839-nt.html\">cazadora de doble faz<\/a><br \/>\n, todas las capas exteriores son bienvenidas en el guardarropa.\n<\/p>\n<p class=\"voc-paragraph\" data-mrf-recirculation=\"Link art\u00edculo\">Y, por muchas tendencias que haya en cuanto a esta categor\u00eda de prendas, lo principal en lo que nos tenemos que fijar a la hora de invertir en ellas es en su practicidad. Es decir, si son calentitas, ponibles y f\u00e1ciles de combinar con cualquiera de nuestros looks. Por eso, estos <strong>chaquetones de H&amp;M<\/strong> son una de las mejores compras para oto\u00f1o-invierno.\n<\/p>\n<p><h3 class=\"voc-detail__title\"> Abrigos para invierno de fondo de armario<br \/>\n<\/h3>\n<\/p>\n<div class=\"voc-detail-photo-zoom\"> <picture data-toggle=\"modal\" data-target=\"#photoZoomModal-955\" target=\"modal\">\n<div class=\"voc-img-icon-link\"> <img loading=\"lazy\" src=\"http:\/\/hoycordobaweb.com\/wp-content\/uploads\/2024\/10\/los-mejores-chaquetones-de-hm-que-empezaras-a-llevar-ya-y-te-pondras-a-diario-en-invierno.webp\" width=\"650\" height=\"900\" alt=\"Chaquetr\u00f3n efecto pelo animal print\"> <noscript> <img src=\"http:\/\/hoycordobaweb.com\/wp-content\/uploads\/2024\/10\/los-mejores-chaquetones-de-hm-que-empezaras-a-llevar-ya-y-te-pondras-a-diario-en-invierno.webp\" alt=\"Chaquetr\u00f3n efecto pelo animal print\"> <\/noscript> <i class=\"voc-icons zoom voc-multimedia-box voc-ico-l\"><\/i> <\/div><figcaption class=\"figure-caption\">Chaquetr\u00f3n efecto pelo animal print<\/figcaption><\/picture>\n<\/div>\n<div id=\"photoZoomModal-955\" class=\"voc-lightbox modal fade voc-lightbox--photo-zoom\" role=\"dialog\" data-voc-photozoom-lightbox>\n<div class=\"voc-lightbox__dialog\" role=\"document\">\n<div class=\"voc-lightbox__content\"> <!-- Modal header --> <!-- Modal content --> <\/p>\n<div class=\"voc-lightbox__photo-container\"> <picture class> <img loading=\"lazy\" src=\"http:\/\/hoycordobaweb.com\/wp-content\/uploads\/2024\/10\/los-mejores-chaquetones-de-hm-que-empezaras-a-llevar-ya-y-te-pondras-a-diario-en-invierno.webp\" alt=\"Chaquetr\u00f3n efecto pelo animal print\"> <noscript> <img src=\"http:\/\/hoycordobaweb.com\/wp-content\/uploads\/2024\/10\/los-mejores-chaquetones-de-hm-que-empezaras-a-llevar-ya-y-te-pondras-a-diario-en-invierno.webp\" alt=\"Chaquetr\u00f3n efecto pelo animal print\"> <\/noscript> <\/picture> <\/div><\/div><\/div>\n<\/div>\n<p class=\"voc-paragraph\" data-mrf-recirculation=\"Link art\u00edculo\">Las expertas en moda tienen claro que unas de las compras esenciales para vestir con elegancia esta temporada, es este <strong>chaquet\u00f3n efecto pelo con animal print<\/strong>, que tan bien sienta con <a data-voc-vtm-id=\"in-text-traffic\" href=\"https:\/\/www.mujerhoy.com\/moda\/no-te-pierdas\/faldas-efecto-piel-basicos-otono-elegantes-mango-hym-20241014130629-nt.html\" data-mrf-link=\"https:\/\/www.mujerhoy.com\/moda\/no-te-pierdas\/faldas-efecto-piel-basicos-otono-elegantes-mango-hym-20241014130629-nt.html\">faldas de cuero<\/a> y botas. Es oversize. Tiene cuello solapa. Las mangas son largas. Cuenta con bolsillos. Y, el cierre es de botones. C\u00f3mpralo a 79,99 euros.\n<\/p>\n<div class=\"voc-detail-photo-zoom\"> <picture data-toggle=\"modal\" data-target=\"#photoZoomModal-120\" target=\"modal\">\n<div class=\"voc-img-icon-link\"> <img loading=\"lazy\" src=\"http:\/\/hoycordobaweb.com\/wp-content\/uploads\/2024\/10\/los-mejores-chaquetones-de-hm-que-empezaras-a-llevar-ya-y-te-pondras-a-diario-en-invierno-1.webp\" width=\"650\" height=\"900\" alt=\"Chaquet\u00f3n largo de lana negro\"> <noscript> <img src=\"http:\/\/hoycordobaweb.com\/wp-content\/uploads\/2024\/10\/los-mejores-chaquetones-de-hm-que-empezaras-a-llevar-ya-y-te-pondras-a-diario-en-invierno-1.webp\" alt=\"Chaquet\u00f3n largo de lana negro\"> <\/noscript> <i class=\"voc-icons zoom voc-multimedia-box voc-ico-l\"><\/i> <\/div><figcaption class=\"figure-caption\">Chaquet\u00f3n largo de lana negro<\/figcaption><\/picture>\n<\/div>\n<div id=\"photoZoomModal-120\" class=\"voc-lightbox modal fade voc-lightbox--photo-zoom\" role=\"dialog\" data-voc-photozoom-lightbox>\n<div class=\"voc-lightbox__dialog\" role=\"document\">\n<div class=\"voc-lightbox__content\"> <!-- Modal header --> <!-- Modal content --> <\/p>\n<div class=\"voc-lightbox__photo-container\"> <picture class> <img loading=\"lazy\" src=\"http:\/\/hoycordobaweb.com\/wp-content\/uploads\/2024\/10\/los-mejores-chaquetones-de-hm-que-empezaras-a-llevar-ya-y-te-pondras-a-diario-en-invierno-1.webp\" alt=\"Chaquet\u00f3n largo de lana negro\"> <noscript> <img src=\"http:\/\/hoycordobaweb.com\/wp-content\/uploads\/2024\/10\/los-mejores-chaquetones-de-hm-que-empezaras-a-llevar-ya-y-te-pondras-a-diario-en-invierno-1.webp\" alt=\"Chaquet\u00f3n largo de lana negro\"> <\/noscript> <\/picture> <\/div><\/div><\/div>\n<\/div>\n<p class=\"voc-paragraph\" data-mrf-recirculation=\"Link art\u00edculo\">El modelo m\u00e1s elegante para combinar con cualquiera de tus looks, sea con camisa blanca y <a data-voc-vtm-id=\"in-text-traffic\" href=\"https:\/\/www.mujerhoy.com\/moda\/no-te-pierdas\/pantalones-de-traje-alternativas-pantalon-negro-20241001174603-nt.html\" data-mrf-link=\"https:\/\/www.mujerhoy.com\/moda\/no-te-pierdas\/pantalones-de-traje-alternativas-pantalon-negro-20241001174603-nt.html\">pantalones de traje<\/a> o con un jersey de cuello alto y vaqueros, es este <strong>chaquet\u00f3n maxi negro en tejido mezcla de lana<\/strong>. El dise\u00f1o es largo y ancho. Cuenta con cierre cruzado de doble botonadura. El cuello es de solapa con muesca. Incluye bolsillos. Y, tiene mangas largas. Cuesta 179 euros.\n<\/p>\n<div class=\"voc-detail-photo-zoom\"> <picture data-toggle=\"modal\" data-target=\"#photoZoomModal-2\" target=\"modal\">\n<div class=\"voc-img-icon-link\"> <img loading=\"lazy\" src=\"http:\/\/hoycordobaweb.com\/wp-content\/uploads\/2024\/10\/los-mejores-chaquetones-de-hm-que-empezaras-a-llevar-ya-y-te-pondras-a-diario-en-invierno-1.jpg\" width=\"650\" height=\"900\" alt=\"Chaquet\u00f3n corto oversize\"> <noscript> <img src=\"http:\/\/hoycordobaweb.com\/wp-content\/uploads\/2024\/10\/los-mejores-chaquetones-de-hm-que-empezaras-a-llevar-ya-y-te-pondras-a-diario-en-invierno-1.jpg\" alt=\"Chaquet\u00f3n corto oversize\"> <\/noscript> <i class=\"voc-icons zoom voc-multimedia-box voc-ico-l\"><\/i> <\/div><figcaption class=\"figure-caption\">Chaquet\u00f3n corto oversize<\/figcaption><\/picture>\n<\/div>\n<div id=\"photoZoomModal-2\" class=\"voc-lightbox modal fade voc-lightbox--photo-zoom\" role=\"dialog\" data-voc-photozoom-lightbox>\n<div class=\"voc-lightbox__dialog\" role=\"document\">\n<div class=\"voc-lightbox__content\"> <!-- Modal header --> <!-- Modal content --> <\/p>\n<div class=\"voc-lightbox__photo-container\"> <picture class> <img loading=\"lazy\" src=\"http:\/\/hoycordobaweb.com\/wp-content\/uploads\/2024\/10\/los-mejores-chaquetones-de-hm-que-empezaras-a-llevar-ya-y-te-pondras-a-diario-en-invierno-1.jpg\" alt=\"Chaquet\u00f3n corto oversize\"> <noscript> <img src=\"http:\/\/hoycordobaweb.com\/wp-content\/uploads\/2024\/10\/los-mejores-chaquetones-de-hm-que-empezaras-a-llevar-ya-y-te-pondras-a-diario-en-invierno-1.jpg\" alt=\"Chaquet\u00f3n corto oversize\"> <\/noscript> <\/picture> <\/div><\/div><\/div>\n<\/div>\n<p class=\"voc-paragraph\" data-mrf-recirculation=\"Link art\u00edculo\">Un favorito de las inglesas para llevar con vaqueros negros y jers\u00e9is oversize. O, con faldas cortas y <a data-voc-vtm-id=\"in-text-traffic\" href=\"https:\/\/www.mujerhoy.com\/moda\/tendencias\/botas-biker-moteras-tendencia-otono-invierno-bershka-mango-hm-20240925142951-nt.html\" data-mrf-link=\"https:\/\/www.mujerhoy.com\/moda\/tendencias\/botas-biker-moteras-tendencia-otono-invierno-bershka-mango-hm-20240925142951-nt.html\">botas biker<\/a><br \/>\n, es este <strong>chaquet\u00f3n mezcla de lana oversize<\/strong> en gris medio. El corte es relajado. Queda ancho. Tiene mangas largas. Incluye dos bolsillos a los lados. Cuenta con cuello solapa con muesca. Y, el cierre es cruzado con botones. Hazte con \u00e9l por 229 euros.\n<\/p>\n<div class=\"voc-detail-photo-zoom\"> <picture data-toggle=\"modal\" data-target=\"#photoZoomModal-715\" target=\"modal\">\n<div class=\"voc-img-icon-link\"> <img loading=\"lazy\" src=\"http:\/\/hoycordobaweb.com\/wp-content\/uploads\/2024\/10\/los-mejores-chaquetones-de-hm-que-empezaras-a-llevar-ya-y-te-pondras-a-diario-en-invierno-2.webp\" width=\"650\" height=\"900\" alt=\"Chaquet\u00f3n con cintur\u00f3n\"> <noscript> <img src=\"http:\/\/hoycordobaweb.com\/wp-content\/uploads\/2024\/10\/los-mejores-chaquetones-de-hm-que-empezaras-a-llevar-ya-y-te-pondras-a-diario-en-invierno-2.webp\" alt=\"Chaquet\u00f3n con cintur\u00f3n\"> <\/noscript> <i class=\"voc-icons zoom voc-multimedia-box voc-ico-l\"><\/i> <\/div><figcaption class=\"figure-caption\">Chaquet\u00f3n con cintur\u00f3n<\/figcaption><\/picture>\n<\/div>\n<div id=\"photoZoomModal-715\" class=\"voc-lightbox modal fade voc-lightbox--photo-zoom\" role=\"dialog\" data-voc-photozoom-lightbox>\n<div class=\"voc-lightbox__dialog\" role=\"document\">\n<div class=\"voc-lightbox__content\"> <!-- Modal header --> <!-- Modal content --> <\/p>\n<div class=\"voc-lightbox__photo-container\"> <picture class> <img loading=\"lazy\" src=\"http:\/\/hoycordobaweb.com\/wp-content\/uploads\/2024\/10\/los-mejores-chaquetones-de-hm-que-empezaras-a-llevar-ya-y-te-pondras-a-diario-en-invierno-2.webp\" alt=\"Chaquet\u00f3n con cintur\u00f3n\"> <noscript> <img src=\"http:\/\/hoycordobaweb.com\/wp-content\/uploads\/2024\/10\/los-mejores-chaquetones-de-hm-que-empezaras-a-llevar-ya-y-te-pondras-a-diario-en-invierno-2.webp\" alt=\"Chaquet\u00f3n con cintur\u00f3n\"> <\/noscript> <\/picture> <\/div><\/div><\/div>\n<\/div>\n<p class=\"voc-paragraph\" data-mrf-recirculation=\"Link art\u00edculo\">Super c\u00f3modo y sofisticado, para conjuntar con vestido midi y botas o total looks negros con <a data-voc-vtm-id=\"in-text-traffic\" href=\"https:\/\/www.mujerhoy.com\/moda\/tendencias\/kitten-heels-comodos-para-otono-20241012103845-nt.html\" data-mrf-link=\"https:\/\/www.mujerhoy.com\/moda\/tendencias\/kitten-heels-comodos-para-otono-20241012103845-nt.html\">kitten heels<\/a><br \/>\n, es este <strong>chaquet\u00f3n tipo albornoz handmade en mezcla de lana<\/strong>, color beige. Queda fluido. Las mangas son largas con costura de hombros ca\u00edda. Tiene cuello solapa. Incorpora bolsillos. Y, el cierre es de cintur\u00f3n de lazada a juego. Lo conseguir\u00e1s a 199 euros.\n<\/p>\n<div class=\"voc-detail-photo-zoom\"> <picture data-toggle=\"modal\" data-target=\"#photoZoomModal-498\" target=\"modal\">\n<div class=\"voc-img-icon-link\"> <img loading=\"lazy\" src=\"http:\/\/hoycordobaweb.com\/wp-content\/uploads\/2024\/10\/los-mejores-chaquetones-de-hm-que-empezaras-a-llevar-ya-y-te-pondras-a-diario-en-invierno-3.webp\" width=\"650\" height=\"900\" alt=\"Chaquet\u00f3n largo de sastre\"> <noscript> <img src=\"http:\/\/hoycordobaweb.com\/wp-content\/uploads\/2024\/10\/los-mejores-chaquetones-de-hm-que-empezaras-a-llevar-ya-y-te-pondras-a-diario-en-invierno-3.webp\" alt=\"Chaquet\u00f3n largo de sastre\"> <\/noscript> <i class=\"voc-icons zoom voc-multimedia-box voc-ico-l\"><\/i> <\/div><figcaption class=\"figure-caption\">Chaquet\u00f3n largo de sastre<\/figcaption><\/picture>\n<\/div>\n<div id=\"photoZoomModal-498\" class=\"voc-lightbox modal fade voc-lightbox--photo-zoom\" role=\"dialog\" data-voc-photozoom-lightbox>\n<div class=\"voc-lightbox__dialog\" role=\"document\">\n<div class=\"voc-lightbox__content\"> <!-- Modal header --> <!-- Modal content --> <\/p>\n<div class=\"voc-lightbox__photo-container\"> <picture class> <img loading=\"lazy\" src=\"http:\/\/hoycordobaweb.com\/wp-content\/uploads\/2024\/10\/los-mejores-chaquetones-de-hm-que-empezaras-a-llevar-ya-y-te-pondras-a-diario-en-invierno-3.webp\" alt=\"Chaquet\u00f3n largo de sastre\"> <noscript> <img src=\"http:\/\/hoycordobaweb.com\/wp-content\/uploads\/2024\/10\/los-mejores-chaquetones-de-hm-que-empezaras-a-llevar-ya-y-te-pondras-a-diario-en-invierno-3.webp\" alt=\"Chaquet\u00f3n largo de sastre\"> <\/noscript> <\/picture> <\/div><\/div><\/div>\n<\/div>\n<p class=\"voc-paragraph\" data-mrf-recirculation=\"Link art\u00edculo\">Ponte <a data-voc-vtm-id=\"in-text-traffic\" href=\"https:\/\/www.mujerhoy.com\/moda\/no-te-pierdas\/chalecos-punto-cuello-alto-basico-elegante-otono-mango-zara-20241004131311-nt.html\" data-mrf-link=\"https:\/\/www.mujerhoy.com\/moda\/no-te-pierdas\/chalecos-punto-cuello-alto-basico-elegante-otono-mango-zara-20241004131311-nt.html\">chalecos de punto<\/a> con pantalones de traje y mocasines cl\u00e1sicos, para ser la m\u00e1s elegante, junto a este <strong>chaquet\u00f3n largo de sastrer\u00eda con lana en color marr\u00f3n<\/strong>. Es un dise\u00f1o estilo masculino con corte recto. Tiene hombros marcados. Las mangas son largas con trabillas en los pu\u00f1os. Incorpora bolsillos. El cuello es de solapa con muesca. Y, tiene cierre cruzado de botones. Su precio es de 89,99 euros.\n<\/p>\n<div class=\"voc-detail-photo-zoom\"> <picture data-toggle=\"modal\" data-target=\"#photoZoomModal-818\" target=\"modal\">\n<div class=\"voc-img-icon-link\"> <img loading=\"lazy\" src=\"http:\/\/hoycordobaweb.com\/wp-content\/uploads\/2024\/10\/los-mejores-chaquetones-de-hm-que-empezaras-a-llevar-ya-y-te-pondras-a-diario-en-invierno-4.webp\" width=\"650\" height=\"900\" alt=\"Chaquet\u00f3n marinero color camel\"> <noscript> <img src=\"http:\/\/hoycordobaweb.com\/wp-content\/uploads\/2024\/10\/los-mejores-chaquetones-de-hm-que-empezaras-a-llevar-ya-y-te-pondras-a-diario-en-invierno-4.webp\" alt=\"Chaquet\u00f3n marinero color camel\"> <\/noscript> <i class=\"voc-icons zoom voc-multimedia-box voc-ico-l\"><\/i> <\/div><figcaption class=\"figure-caption\">Chaquet\u00f3n marinero color camel<\/figcaption><\/picture>\n<\/div>\n<div id=\"photoZoomModal-818\" class=\"voc-lightbox modal fade voc-lightbox--photo-zoom\" role=\"dialog\" data-voc-photozoom-lightbox>\n<div class=\"voc-lightbox__dialog\" role=\"document\">\n<div class=\"voc-lightbox__content\"> <!-- Modal header --> <!-- Modal content --> <\/p>\n<div class=\"voc-lightbox__photo-container\"> <picture class> <img loading=\"lazy\" src=\"http:\/\/hoycordobaweb.com\/wp-content\/uploads\/2024\/10\/los-mejores-chaquetones-de-hm-que-empezaras-a-llevar-ya-y-te-pondras-a-diario-en-invierno-4.webp\" alt=\"Chaquet\u00f3n marinero color camel\"> <noscript> <img src=\"http:\/\/hoycordobaweb.com\/wp-content\/uploads\/2024\/10\/los-mejores-chaquetones-de-hm-que-empezaras-a-llevar-ya-y-te-pondras-a-diario-en-invierno-4.webp\" alt=\"Chaquet\u00f3n marinero color camel\"> <\/noscript> <\/picture> <\/div><\/div><\/div>\n<\/div>\n<p class=\"voc-paragraph\" data-mrf-recirculation=\"Link art\u00edculo\">Tampoco puede faltarte un cl\u00e1sico para conjuntar con todo como este <strong>chaquet\u00f3n marinero corto en color camel<\/strong>, que tan bien sienta con pendientes dorados, <a data-voc-vtm-id=\"in-text-traffic\" href=\"https:\/\/www.mujerhoy.com\/moda\/tendencias\/pantalones-efecto-piel-otono-mango-stradivarius-bershka-20240916135050-nt.html\" data-mrf-link=\"https:\/\/www.mujerhoy.com\/moda\/tendencias\/pantalones-efecto-piel-otono-mango-stradivarius-bershka-20240916135050-nt.html\">pantalones efecto piel<\/a> y zapatos de tac\u00f3n bajo. El cierre es cruzado de doble botonadura. Tiene cuello solapa de pico. Incorpora cuatro bolsillos. Y, cuenta con mangas largas. Est\u00e1 disponible a 59,99 euros.\n<\/p>\n<div class=\"voc-detail-photo-zoom\"> <picture data-toggle=\"modal\" data-target=\"#photoZoomModal-525\" target=\"modal\">\n<div class=\"voc-img-icon-link\"> <img loading=\"lazy\" src=\"http:\/\/hoycordobaweb.com\/wp-content\/uploads\/2024\/10\/los-mejores-chaquetones-de-hm-que-empezaras-a-llevar-ya-y-te-pondras-a-diario-en-invierno-2.jpg\" width=\"650\" height=\"900\" alt=\"Chaquet\u00f3n negro de borreguillo con vivos de piel\"> <noscript> <img src=\"http:\/\/hoycordobaweb.com\/wp-content\/uploads\/2024\/10\/los-mejores-chaquetones-de-hm-que-empezaras-a-llevar-ya-y-te-pondras-a-diario-en-invierno-2.jpg\" alt=\"Chaquet\u00f3n negro de borreguillo con vivos de piel\"> <\/noscript> <i class=\"voc-icons zoom voc-multimedia-box voc-ico-l\"><\/i> <\/div><figcaption class=\"figure-caption\">Chaquet\u00f3n negro de borreguillo con vivos de piel<\/figcaption><\/picture>\n<\/div>\n<div id=\"photoZoomModal-525\" class=\"voc-lightbox modal fade voc-lightbox--photo-zoom\" role=\"dialog\" data-voc-photozoom-lightbox>\n<div class=\"voc-lightbox__dialog\" role=\"document\">\n<div class=\"voc-lightbox__content\"> <!-- Modal header --> <!-- Modal content --> <\/p>\n<div class=\"voc-lightbox__photo-container\"> <picture class> <img loading=\"lazy\" src=\"http:\/\/hoycordobaweb.com\/wp-content\/uploads\/2024\/10\/los-mejores-chaquetones-de-hm-que-empezaras-a-llevar-ya-y-te-pondras-a-diario-en-invierno-2.jpg\" alt=\"Chaquet\u00f3n negro de borreguillo con vivos de piel\"> <noscript> <img src=\"http:\/\/hoycordobaweb.com\/wp-content\/uploads\/2024\/10\/los-mejores-chaquetones-de-hm-que-empezaras-a-llevar-ya-y-te-pondras-a-diario-en-invierno-2.jpg\" alt=\"Chaquet\u00f3n negro de borreguillo con vivos de piel\"> <\/noscript> <\/picture> <\/div><\/div><\/div>\n<\/div>\n<p class=\"voc-paragraph\" data-mrf-recirculation=\"Link art\u00edculo\">Por \u00faltimo, con tus botas altas favoritas quedar\u00e1 de 10 este c\u00f3modo y calentito <strong>chaquet\u00f3n fluffy efecto pelo en negro<\/strong>. Cuenta con ribetes efecto piel a tono. Es oversize. El cuello es de solapa. Incluye bolsillos a los lados. Las mangas son largas. Y, tiene cierre cruzado de botones. Puedes encontrarlo por 49,99 euros.\n<\/p>\n<p> <!-- TOPICS --> <\/p>\n","protected":false},"excerpt":{"rendered":"<p>Lleg\u00f3 ese momento del a\u00f1o en que tenemos que empezar a vestirnos a capas. Ya no podemos salir a la calle sin abrigo. Por eso, es el mejor momento de hacer el cambio de armario e incluir tanto los jers\u00e9is b\u00e1sicos para llevar a diario en la temporada de fr\u00edo, como todos los modelos de [&hellip;]<\/p>\n","protected":false},"author":1,"featured_media":86712,"comment_status":"closed","ping_status":"closed","sticky":false,"template":"","format":"standard","meta":[],"categories":[],"tags":[],"_links":{"self":[{"href":"http:\/\/hoycordobaweb.com\/index.php\/wp-json\/wp\/v2\/posts\/86711"}],"collection":[{"href":"http:\/\/hoycordobaweb.com\/index.php\/wp-json\/wp\/v2\/posts"}],"about":[{"href":"http:\/\/hoycordobaweb.com\/index.php\/wp-json\/wp\/v2\/types\/post"}],"author":[{"embeddable":true,"href":"http:\/\/hoycordobaweb.com\/index.php\/wp-json\/wp\/v2\/users\/1"}],"replies":[{"embeddable":true,"href":"http:\/\/hoycordobaweb.com\/index.php\/wp-json\/wp\/v2\/comments?post=86711"}],"version-history":[{"count":0,"href":"http:\/\/hoycordobaweb.com\/index.php\/wp-json\/wp\/v2\/posts\/86711\/revisions"}],"wp:featuredmedia":[{"embeddable":true,"href":"http:\/\/hoycordobaweb.com\/index.php\/wp-json\/wp\/v2\/media\/86712"}],"wp:attachment":[{"href":"http:\/\/hoycordobaweb.com\/index.php\/wp-json\/wp\/v2\/media?parent=86711"}],"wp:term":[{"taxonomy":"category","embeddable":true,"href":"http:\/\/hoycordobaweb.com\/index.php\/wp-json\/wp\/v2\/categories?post=86711"},{"taxonomy":"post_tag","embeddable":true,"href":"http:\/\/hoycordobaweb.com\/index.php\/wp-json\/wp\/v2\/tags?post=86711"}],"curies":[{"name":"wp","href":"https:\/\/api.w.org\/{rel}","templated":true}]}}