{"id":86687,"date":"2024-10-27T14:07:02","date_gmt":"2024-10-27T14:07:02","guid":{"rendered":"http:\/\/hoycordobaweb.com\/index.php\/2024\/10\/27\/cardillo-debuto-en-la-primera-division-del-futbol-argentino-verte-tv\/"},"modified":"2024-10-27T14:07:02","modified_gmt":"2024-10-27T14:07:02","slug":"cardillo-debuto-en-la-primera-division-del-futbol-argentino-verte-tv","status":"publish","type":"post","link":"http:\/\/hoycordobaweb.com\/index.php\/2024\/10\/27\/cardillo-debuto-en-la-primera-division-del-futbol-argentino-verte-tv\/","title":{"rendered":"Cardillo debut\u00f3 en la Primera Divisi\u00f3n del <b>f\u00fatbol argentino<\/b> &#8211; Verte TV"},"content":{"rendered":"<p>El olavarriense fue titular en la gran victoria de su equipo, Independiente Rivadavia de Mendoza, ante San Lorenzo 1 a 0 por 19\u00aa fecha de la Liga&nbsp;&#8230; <\/p>\n","protected":false},"excerpt":{"rendered":"<p>El olavarriense fue titular en la gran victoria de su equipo, Independiente Rivadavia de Mendoza, ante San Lorenzo 1 a 0 por 19\u00aa fecha de la Liga&nbsp;&#8230;<\/p>\n","protected":false},"author":1,"featured_media":0,"comment_status":"closed","ping_status":"closed","sticky":false,"template":"","format":"standard","meta":[],"categories":[22],"tags":[],"_links":{"self":[{"href":"http:\/\/hoycordobaweb.com\/index.php\/wp-json\/wp\/v2\/posts\/86687"}],"collection":[{"href":"http:\/\/hoycordobaweb.com\/index.php\/wp-json\/wp\/v2\/posts"}],"about":[{"href":"http:\/\/hoycordobaweb.com\/index.php\/wp-json\/wp\/v2\/types\/post"}],"author":[{"embeddable":true,"href":"http:\/\/hoycordobaweb.com\/index.php\/wp-json\/wp\/v2\/users\/1"}],"replies":[{"embeddable":true,"href":"http:\/\/hoycordobaweb.com\/index.php\/wp-json\/wp\/v2\/comments?post=86687"}],"version-history":[{"count":0,"href":"http:\/\/hoycordobaweb.com\/index.php\/wp-json\/wp\/v2\/posts\/86687\/revisions"}],"wp:attachment":[{"href":"http:\/\/hoycordobaweb.com\/index.php\/wp-json\/wp\/v2\/media?parent=86687"}],"wp:term":[{"taxonomy":"category","embeddable":true,"href":"http:\/\/hoycordobaweb.com\/index.php\/wp-json\/wp\/v2\/categories?post=86687"},{"taxonomy":"post_tag","embeddable":true,"href":"http:\/\/hoycordobaweb.com\/index.php\/wp-json\/wp\/v2\/tags?post=86687"}],"curies":[{"name":"wp","href":"https:\/\/api.w.org\/{rel}","templated":true}]}}