{"id":8660,"date":"2020-12-29T09:45:46","date_gmt":"2020-12-29T09:45:46","guid":{"rendered":"https:\/\/www.perfil.com\/noticias\/politica\/mas-de-la-mitad-del-pais-fue-alcanzado-por-la-seguridad-social-durante-la-pandemia.phtml"},"modified":"2020-12-29T09:45:46","modified_gmt":"2020-12-29T09:45:46","slug":"mas-de-la-mitad-del-pais-requirio-asistencia-economica-estatal-por-la-pandemia","status":"publish","type":"post","link":"http:\/\/hoycordobaweb.com\/index.php\/2020\/12\/29\/mas-de-la-mitad-del-pais-requirio-asistencia-economica-estatal-por-la-pandemia\/","title":{"rendered":"M\u00e1s de la mitad del pa\u00eds requiri\u00f3 asistencia econ\u00f3mica estatal por la pandemia"},"content":{"rendered":"<p><img src=\"http:\/\/hoycordobaweb.com\/wp-content\/uploads\/2020\/12\/mas-de-la-mitad-del-pais-requirio-asistencia-economica-estatal-por-la-pandemia.jpg\"><\/p>\n<div><img src=\"http:\/\/hoycordobaweb.com\/wp-content\/uploads\/2020\/12\/mas-de-la-mitad-del-pais-requirio-asistencia-economica-estatal-por-la-pandemia-2.jpg\" class=\"ff-og-image-inserted\"><\/div>\n<aside class=\"relatedPost\">\n<h3>Noticias Relacionadas<\/h3>\n<\/aside>\n<p>La&nbsp;Administraci\u00f3n Nacional de la Seguridad Social&nbsp;(Anses) inform\u00f3 este lunes 28 de diciembre que <strong>m\u00e1s de 28 millones de argentinos recibieron asistencia del Estado&nbsp;a lo largo de 2020<\/strong>, alcanzando un r\u00e9cord durante la pandemia de coronavirus. El organismo ejecut\u00f3&nbsp;<strong>m\u00e1s del 13% del PBI y&nbsp;la inversi\u00f3n en Seguridad Social alcanz\u00f3 los&nbsp;$3,5 billones este a\u00f1o<\/strong>.<\/p>\n<p>Seg\u00fan los \u00faltimos datos oficiales,&nbsp;<strong>los cr\u00e9ditos a tasa 0% de la Asistencia al Trabajo y la Producci\u00f3n (ATP) requirieron al 31 de octubre un desembolso de&nbsp;$3654 millones<\/strong>. Por su parte, el <a target=\"_blank\" href=\"https:\/\/www.perfil.com\/noticias\/economia\/daniel-arroyo-sobre-el-ife-4-no-esta-definido-aun-como-se-sigue.phtml\" rel=\"noopener noreferrer\">Ingreso Familia de Emergencia (IFE)<\/a>&nbsp;\u2014a trav\u00e9s del cual&nbsp;las familias recibieron $10.000 mensuales durante tres meses&nbsp;como ayuda durante el per\u00edodo m\u00e1s restrictivo de la pandemia\u2014, alcanz\u00f3 a&nbsp;9 millones de personas.<\/p>\n<p>\u00abEstamos convencidos de la tarea enorme del organismo, por eso&nbsp;<strong>la primera medida que tomamos cuando asumimos fue declarar la esencialidad<\/strong>. Gracias al esfuerzo realizado <strong>pudimos llegar a casi&nbsp;9 millones de personas con el IFE,<\/strong> tambi\u00e9n con el&nbsp;ATP, con el&nbsp;bono salud&nbsp;y las&nbsp;becas de cultura\u00bb, dijo&nbsp;la directora ejecutiva de la Anses,&nbsp;Fernanda Raverta, en el encuentro federal del organismo, del que participaron jefes y jefas regionales.<\/p>\n<blockquote class=\"twitter-tweet\" readability=\"6.3105590062112\">\n<p lang=\"es\" dir=\"ltr\">Vamos a redoblar nuestro esfuerzo para recuperar el tiempo que nos hizo perder la pandemia.<\/p>\n<p>Ese es el compromiso que tomamos hoy cada uno y cada una de las trabajadoras y trabajadores que formamos parte de ANSES.<a href=\"https:\/\/twitter.com\/hashtag\/Reconstrucci%C3%B3nArgentina?src=hash&amp;ref_src=twsrc%5Etfw\">#Reconstrucci\u00f3nArgentina<\/a> \u2b06\ufe0f <a href=\"https:\/\/t.co\/0efgIhVcB6\">pic.twitter.com\/0efgIhVcB6<\/a><\/p>\n<p>\u2014 Fernanda Raverta (@FerRaverta) <a href=\"https:\/\/twitter.com\/FerRaverta\/status\/1343693142420291586?ref_src=twsrc%5Etfw\">December 28, 2020<\/a><\/p><\/blockquote>\n<p>En abril pasado, <a target=\"_blank\" href=\"https:\/\/www.perfil.com\/noticias\/politica\/con-debut-maria-fernanda-raverta-gobierno-confirmara-extension-ife.phtml\" rel=\"noopener noreferrer\"><strong>Raverta asumi\u00f3 al frente de la Anses<\/strong><\/a>, luego de que el jefe de Gabinete,&nbsp;Santiago Cafiero, le pidiera la renuncia a&nbsp;Alejandro Vanoli&nbsp;por las largas filas de jubilados que durante la cuarentena en fase 1 intentaban cobrar sus haberes.<\/p>\n<p>Desde entonces, la exdiputada contribuy\u00f3 con mejoras a las jubilaciones y trabaj\u00f3 en la reforma que se podr\u00eda aprobar este martes en Diputados: \u00abEn casi&nbsp;ocho meses de gesti\u00f3n, <strong>logramos acompa\u00f1ar con un&nbsp;35,3% de aumento en los haberes de los jubilados y jubiladas<\/strong>. Los de la m\u00ednima, con los tres bonos y los aumentos dados, le ganaron en $7000 a la f\u00f3rmula del Gobierno anterior\u00bb.<\/p>\n<p class=\"destacadoNota\"><a target=\"_self\" href=\"https:\/\/www.perfil.com\/noticias\/politica\/diputados-comienza-el-debate-sobre-la-movilidad-jubilatoria.phtml\" rel=\"noopener noreferrer\">La C\u00e1mara de Diputados comienza el debate sobre la movilidad jubilatoria<\/a><\/p>\n<p>Raverta plante\u00f3 que&nbsp;el a\u00f1o pr\u00f3ximo se debe \u201crecuperar lo perdido y el modelo virtuoso de pa\u00eds, invirtiendo en proyectos productivos\u201d, expres\u00f3 y luego remarc\u00f3&nbsp;que <strong>\u201chab\u00eda 11.000 viviendas del PROCREAR sin entregar\u201d<\/strong>.&nbsp;Por \u00faltimo, la funcionaria indic\u00f3 que buscar\u00e1n que los cr\u00e9ditos Anses \u201csean para que se active la econom\u00eda y se construyan sue\u00f1os\u201d.<\/p>\n<p>CI\/FF<\/p>\n","protected":false},"excerpt":{"rendered":"<p>Noticias Relacionadas La&nbsp;Administraci\u00f3n Nacional de la Seguridad Social&nbsp;(Anses) inform\u00f3 este lunes 28 de diciembre que m\u00e1s de 28 millones de argentinos recibieron asistencia del Estado&nbsp;a lo largo de 2020, alcanzando un r\u00e9cord durante la pandemia de coronavirus. El organismo ejecut\u00f3&nbsp;m\u00e1s del 13% del PBI y&nbsp;la inversi\u00f3n en Seguridad Social alcanz\u00f3 los&nbsp;$3,5 billones este a\u00f1o. Seg\u00fan [&hellip;]<\/p>\n","protected":false},"author":1,"featured_media":8661,"comment_status":"closed","ping_status":"closed","sticky":false,"template":"","format":"standard","meta":[],"categories":[1],"tags":[],"_links":{"self":[{"href":"http:\/\/hoycordobaweb.com\/index.php\/wp-json\/wp\/v2\/posts\/8660"}],"collection":[{"href":"http:\/\/hoycordobaweb.com\/index.php\/wp-json\/wp\/v2\/posts"}],"about":[{"href":"http:\/\/hoycordobaweb.com\/index.php\/wp-json\/wp\/v2\/types\/post"}],"author":[{"embeddable":true,"href":"http:\/\/hoycordobaweb.com\/index.php\/wp-json\/wp\/v2\/users\/1"}],"replies":[{"embeddable":true,"href":"http:\/\/hoycordobaweb.com\/index.php\/wp-json\/wp\/v2\/comments?post=8660"}],"version-history":[{"count":0,"href":"http:\/\/hoycordobaweb.com\/index.php\/wp-json\/wp\/v2\/posts\/8660\/revisions"}],"wp:featuredmedia":[{"embeddable":true,"href":"http:\/\/hoycordobaweb.com\/index.php\/wp-json\/wp\/v2\/media\/8661"}],"wp:attachment":[{"href":"http:\/\/hoycordobaweb.com\/index.php\/wp-json\/wp\/v2\/media?parent=8660"}],"wp:term":[{"taxonomy":"category","embeddable":true,"href":"http:\/\/hoycordobaweb.com\/index.php\/wp-json\/wp\/v2\/categories?post=8660"},{"taxonomy":"post_tag","embeddable":true,"href":"http:\/\/hoycordobaweb.com\/index.php\/wp-json\/wp\/v2\/tags?post=8660"}],"curies":[{"name":"wp","href":"https:\/\/api.w.org\/{rel}","templated":true}]}}