{"id":86513,"date":"2024-10-21T14:10:04","date_gmt":"2024-10-21T14:10:04","guid":{"rendered":"https:\/\/cordobaturismo.gov.ar\/?p=894578"},"modified":"2024-10-21T14:10:04","modified_gmt":"2024-10-21T14:10:04","slug":"cordoba-medira-el-impacto-de-los-congresos-espectaculos-y-eventos-deportivos","status":"publish","type":"post","link":"http:\/\/hoycordobaweb.com\/index.php\/2024\/10\/21\/cordoba-medira-el-impacto-de-los-congresos-espectaculos-y-eventos-deportivos\/","title":{"rendered":"C\u00f3rdoba medir\u00e1 el impacto de los congresos, espect\u00e1culos y\u00a0 eventos deportivos."},"content":{"rendered":"<p>La Agencia C\u00f3rdoba Turismo y la Universidad Empresarial Siglo 21 firmaron un convenio para relevar y medir el impacto econ\u00f3mico, social y ambiental (entre otros factores) de los congresos y ferias, espect\u00e1culos art\u00edsticos y eventos deportivos en la provincia de C\u00f3rdoba alianza con el Cl\u00faster que nuclea a la industria en C\u00f3rdoba y el Bureau de Congresos y Convenciones de la provincia\u00bb.<\/p>\n<p>La reuni\u00f3n fue presidida por el presidente de la Agencia C\u00f3rdoba Turismo, Dar\u00edo Capitani, junto a Leonardo Medrano, secretario general de Academia y Desarrollo de la Universidad Siglo21 y Gast\u00f3n Utrera, Director del Instituto de Econom\u00eda Ppol\u00edtica de Insight 21<\/p>\n<p>El proceso contempla, en primera instancia la medici\u00f3n de siete eventos concretos: dos congresos y ferias, dos espect\u00e1culos art\u00edsticos, dos eventos deportivos y posiblemente un festival. La medici\u00f3n de impacto inicia este mi\u00e9rcoles 23, en el marco del espect\u00e1culo de Paul McCartney en el estadio Kempes.<\/p>\n<p>Luego de esta primera instancia, se evaluar\u00e1 el proceso, con vistas a iniciar la medici\u00f3n sostenida en 2025 de los sectores mencionados.<\/p>\n<p>Dario Capitani resalt\u00f3 que \u201c<strong><em>es una pol\u00edtica de estado el apoyo a estos sectores que son tan potentes, representativos y dinamizadores de la econom\u00eda de la provincia. El proceso de medici\u00f3n pretende reflejar fielmente el impacto que los eventos de estos rubros tienen en la econom\u00eda regional\u201d.<\/em><\/strong><\/p>\n<p>A su turno, Gast\u00f3n Utrera destac\u00f3 que \u201c<strong><em>este es un proceso productivo, no una investigaci\u00f3n cerrada, por lo que la iremos perfeccionando entre los tres sectores, acad\u00e9mico, p\u00fablico y privado\u201d.<\/em><\/strong><\/p>\n<p>En el acto de presentaci\u00f3n participaron los principales referentes del sector privado nucleados en el C\u00f3rdoba Cl\u00faster Congresos y Espect\u00e1culos y el C\u00f3rdoba Convention &amp; Visitors Bureau: Daniel Quinteros (Cluster Manager), Mart\u00edn Colazo (Vicepresidente Bureau), Juan Manuel Rodr\u00edguez (En Vivo Producciones y Atenas Estadio), Dami\u00e1n Ju\u00e1rez (Club Belgrano), Gast\u00f3n Defagot (Club Instituto), Carli&nbsp; Jimenez (Universo Jimenez), Mar\u00eda P\u00eda Arrigoni (Universo Jimenez), Daniel Gomez Coronado (Capitalinas) y Francisco Qui\u00f1onero (BS Group). Jose Palazzo (Presidente C\u00f3rdoba Cluster), Federico Ricotini (Presidente C\u00f3rdoba Bureau) y Miguel Cavatorta (Talleres) acompa\u00f1aron activamente todo el proceso.<\/p>\n<p>La visi\u00f3n es articular los esfuerzos del sector p\u00fablico y privado para posicionar a C\u00f3rdoba como referente del desarrollo productivo y cultural.<\/p>\n<figure class=\"wp-block-gallery has-nested-images columns-default is-cropped wp-block-gallery-1 is-layout-flex wp-block-gallery-is-layout-flex\">\n<figure class=\"wp-block-image size-large\"><img loading=\"lazy\" fetchpriority=\"high\" decoding=\"async\" width=\"1024\" height=\"683\" data-id=\"894583\" src=\"http:\/\/hoycordobaweb.com\/wp-content\/uploads\/2024\/10\/cordoba-medira-el-impacto-de-los-congresos-espectaculos-y-eventos-deportivos.jpg\" alt class=\"wp-image-894583\" srcset=\"http:\/\/hoycordobaweb.com\/wp-content\/uploads\/2024\/10\/cordoba-medira-el-impacto-de-los-congresos-espectaculos-y-eventos-deportivos.jpg 1024w, http:\/\/hoycordobaweb.com\/wp-content\/uploads\/2024\/10\/cordoba-medira-el-impacto-de-los-congresos-espectaculos-y-eventos-deportivos-3.jpg 300w, http:\/\/hoycordobaweb.com\/wp-content\/uploads\/2024\/10\/cordoba-medira-el-impacto-de-los-congresos-espectaculos-y-eventos-deportivos-4.jpg 768w, http:\/\/hoycordobaweb.com\/wp-content\/uploads\/2024\/10\/cordoba-medira-el-impacto-de-los-congresos-espectaculos-y-eventos-deportivos-5.jpg 1536w, http:\/\/hoycordobaweb.com\/wp-content\/uploads\/2024\/10\/cordoba-medira-el-impacto-de-los-congresos-espectaculos-y-eventos-deportivos-6.jpg 2048w\" sizes=\"(max-width: 1024px) 100vw, 1024px\"><\/figure>\n<figure class=\"wp-block-image size-large\"><img loading=\"lazy\" decoding=\"async\" width=\"1024\" height=\"683\" data-id=\"894580\" src=\"http:\/\/hoycordobaweb.com\/wp-content\/uploads\/2024\/10\/cordoba-medira-el-impacto-de-los-congresos-espectaculos-y-eventos-deportivos-1.jpg\" alt class=\"wp-image-894580\" srcset=\"http:\/\/hoycordobaweb.com\/wp-content\/uploads\/2024\/10\/cordoba-medira-el-impacto-de-los-congresos-espectaculos-y-eventos-deportivos-1.jpg 1024w, http:\/\/hoycordobaweb.com\/wp-content\/uploads\/2024\/10\/cordoba-medira-el-impacto-de-los-congresos-espectaculos-y-eventos-deportivos-7.jpg 300w, http:\/\/hoycordobaweb.com\/wp-content\/uploads\/2024\/10\/cordoba-medira-el-impacto-de-los-congresos-espectaculos-y-eventos-deportivos-8.jpg 768w, http:\/\/hoycordobaweb.com\/wp-content\/uploads\/2024\/10\/cordoba-medira-el-impacto-de-los-congresos-espectaculos-y-eventos-deportivos-9.jpg 1536w, http:\/\/hoycordobaweb.com\/wp-content\/uploads\/2024\/10\/cordoba-medira-el-impacto-de-los-congresos-espectaculos-y-eventos-deportivos-10.jpg 2048w\" sizes=\"(max-width: 1024px) 100vw, 1024px\"><\/figure>\n<figure class=\"wp-block-image size-large\"><img loading=\"lazy\" decoding=\"async\" width=\"1024\" height=\"683\" data-id=\"894581\" src=\"http:\/\/hoycordobaweb.com\/wp-content\/uploads\/2024\/10\/cordoba-medira-el-impacto-de-los-congresos-espectaculos-y-eventos-deportivos-2.jpg\" alt class=\"wp-image-894581\" srcset=\"http:\/\/hoycordobaweb.com\/wp-content\/uploads\/2024\/10\/cordoba-medira-el-impacto-de-los-congresos-espectaculos-y-eventos-deportivos-2.jpg 1024w, http:\/\/hoycordobaweb.com\/wp-content\/uploads\/2024\/10\/cordoba-medira-el-impacto-de-los-congresos-espectaculos-y-eventos-deportivos-11.jpg 300w, http:\/\/hoycordobaweb.com\/wp-content\/uploads\/2024\/10\/cordoba-medira-el-impacto-de-los-congresos-espectaculos-y-eventos-deportivos-12.jpg 768w, http:\/\/hoycordobaweb.com\/wp-content\/uploads\/2024\/10\/cordoba-medira-el-impacto-de-los-congresos-espectaculos-y-eventos-deportivos-13.jpg 1536w, http:\/\/hoycordobaweb.com\/wp-content\/uploads\/2024\/10\/cordoba-medira-el-impacto-de-los-congresos-espectaculos-y-eventos-deportivos-14.jpg 2048w\" sizes=\"(max-width: 1024px) 100vw, 1024px\"><\/figure>\n<\/figure>\n<p><em>Ph Atrezzo Productora<\/em><\/p>\n","protected":false},"excerpt":{"rendered":"<p>La Agencia C\u00f3rdoba Turismo y la Universidad Empresarial Siglo 21 firmaron un convenio para relevar y medir el impacto econ\u00f3mico, social y ambiental (entre otros factores) de los congresos y ferias, espect\u00e1culos art\u00edsticos y eventos deportivos en la provincia de C\u00f3rdoba alianza con el Cl\u00faster que nuclea a la industria en C\u00f3rdoba y el Bureau [&hellip;]<\/p>\n","protected":false},"author":1,"featured_media":86514,"comment_status":"closed","ping_status":"closed","sticky":false,"template":"","format":"standard","meta":[],"categories":[19],"tags":[],"_links":{"self":[{"href":"http:\/\/hoycordobaweb.com\/index.php\/wp-json\/wp\/v2\/posts\/86513"}],"collection":[{"href":"http:\/\/hoycordobaweb.com\/index.php\/wp-json\/wp\/v2\/posts"}],"about":[{"href":"http:\/\/hoycordobaweb.com\/index.php\/wp-json\/wp\/v2\/types\/post"}],"author":[{"embeddable":true,"href":"http:\/\/hoycordobaweb.com\/index.php\/wp-json\/wp\/v2\/users\/1"}],"replies":[{"embeddable":true,"href":"http:\/\/hoycordobaweb.com\/index.php\/wp-json\/wp\/v2\/comments?post=86513"}],"version-history":[{"count":0,"href":"http:\/\/hoycordobaweb.com\/index.php\/wp-json\/wp\/v2\/posts\/86513\/revisions"}],"wp:featuredmedia":[{"embeddable":true,"href":"http:\/\/hoycordobaweb.com\/index.php\/wp-json\/wp\/v2\/media\/86514"}],"wp:attachment":[{"href":"http:\/\/hoycordobaweb.com\/index.php\/wp-json\/wp\/v2\/media?parent=86513"}],"wp:term":[{"taxonomy":"category","embeddable":true,"href":"http:\/\/hoycordobaweb.com\/index.php\/wp-json\/wp\/v2\/categories?post=86513"},{"taxonomy":"post_tag","embeddable":true,"href":"http:\/\/hoycordobaweb.com\/index.php\/wp-json\/wp\/v2\/tags?post=86513"}],"curies":[{"name":"wp","href":"https:\/\/api.w.org\/{rel}","templated":true}]}}