{"id":86498,"date":"2024-10-25T14:56:51","date_gmt":"2024-10-25T14:56:51","guid":{"rendered":"https:\/\/www.ole.com.ar\/internacional\/espana\/inusual-detalle-llevara-lamine-yamal-dientes-jugar-clasico-real-madrid_0_YqE27kBX84.html"},"modified":"2024-10-25T14:56:51","modified_gmt":"2024-10-25T14:56:51","slug":"el-inusual-detalle-que-llevara-lamine-yamal-en-sus-dientes-para-jugar-el-clasico-contra-real-madrid","status":"publish","type":"post","link":"http:\/\/hoycordobaweb.com\/index.php\/2024\/10\/25\/el-inusual-detalle-que-llevara-lamine-yamal-en-sus-dientes-para-jugar-el-clasico-contra-real-madrid\/","title":{"rendered":"El inusual detalle que llevar\u00e1 Lamine Yamal en sus dientes para jugar el cl\u00e1sico contra Real Madrid"},"content":{"rendered":"<p><img src=\"http:\/\/hoycordobaweb.com\/wp-content\/uploads\/2024\/10\/el-inusual-detalle-que-llevara-lamine-yamal-en-sus-dientes-para-jugar-el-clasico-contra-real-madrid.jpg\"><\/p>\n<p><time class=\"createDate\" datetime=\"2024-10-25T11:56:51-03:00\">25\/10\/2024 11:56hs.<\/time><\/p>\n<div id=\"storyBody\">\n<div class=\"custom-text \" readability=\"33.941747572816\">\n<p><a href=\"https:\/\/www.ole.com.ar\/tema\/real-madrid.html\" title=\"Real Madrid\" alt=\"Real Madrid\" class=\"slug\">Real Madrid<\/a> y <a href=\"https:\/\/www.ole.com.ar\/tema\/barcelona.html\" title=\"Barcelona\" alt=\"Barcelona\" class=\"slug\">Barcelona<\/a> ya se preparan para vivir una nueva edici\u00f3n del cl\u00e1sico este s\u00e1bado 26 de octubre en el Santiago Bernab\u00e9u. Choque con mucha historia y con m\u00faltiples cracks, aunque hay uno de ellos que, adem\u00e1s, <strong>llevar\u00e1 consigo para ese partido un particular detalle en sus dientes: <a href=\"https:\/\/www.ole.com.ar\/tema\/lamine-yamal.html\" title=\"Lamine Yamal\" alt=\"Lamine Yamal\" class=\"slug\">Lamine Yamal.<\/a><\/strong><\/p>\n<\/div>\n<div class=\"custom-text \" readability=\"44\">\n<p>El crack del Barsa, de apenas 17 a\u00f1os, jugar\u00e1 el cl\u00e1sico con sus brackets. Hasta ah\u00ed, lo normal, claro, pero resulta que a estos, adem\u00e1s, le a\u00f1adi\u00f3 un curioso detalle. <strong>Se trata de unas estrellas con los colores azul y rojo de su club pero que, al mismo tiempo, son el logo de la marca que lo patrocina.<\/strong><\/p>\n<\/div>\n<div class=\"custom-text \" readability=\"34\">\n<p>Es que esas dos estrellas que se pueden ver repetidas en tres pares en el frente de sus dientes son el logo de TwoJeys, una marca de joyas y de ropa de la que Yamal est\u00e1 pr\u00f3ximo a ser la cara.<\/p>\n<\/div>\n<div class=\"custom-text \" readability=\"34\">\n<p><strong>\u00abEstrellas sobre estrellas\u00bb,<\/strong> escribi\u00f3 TwoJeys en un posteo en el que se pueden ver las estrellas sobre la sonrisa de Lamine. <\/p>\n<\/div>\n<div class=\"custom-text \" readability=\"42\">\n<p>Habr\u00e1 que ver si le traer\u00e1n suerte al joven espa\u00f1ol estos nuevos brackets, puesto que, hasta el momento, disput\u00f3 tres partidos ante el Real Madrid y los tres finalizaron en derrota. M\u00e1s all\u00e1 del balance, vale decir tambi\u00e9n que este nuevo aparato muy bien no le sent\u00f3, dado que estuvo <strong>entren\u00e1ndose estos \u00faltimos d\u00edas con un bucal a modo de proteger su dentadura pero, tambi\u00e9n, de aliviar el dolor que los brackets le puedan causar. <\/strong><\/p>\n<\/div>\n<div class=\"sc-e7b891c4-0 ifHnQL image-embed\"><img alt=\"Lamine Yamal con sus nuevos brackets, que estrenar\u00e1 en el duelo ante el Real Madrid. (Foto: TwoJeys)\" loading=\"lazy\" width=\"720\" height=\"100\" decoding=\"async\" data-nimg=\"1\" src=\"http:\/\/hoycordobaweb.com\/wp-content\/uploads\/2024\/10\/el-inusual-detalle-que-llevara-lamine-yamal-en-sus-dientes-para-jugar-el-clasico-contra-real-madrid-2.jpg\"><span class=\"epigraphe\">Lamine Yamal con sus nuevos brackets, que estrenar\u00e1 en el duelo ante el Real Madrid. (Foto: TwoJeys)<\/span><\/div>\n<div class=\"sc-e7b891c4-0 ifHnQL image-embed\"><img alt=\"Lamine Yamal y su bucal, a lo Stephen Curry. (Foto: EFE)\" loading=\"lazy\" width=\"720\" height=\"100\" decoding=\"async\" data-nimg=\"1\" src=\"http:\/\/hoycordobaweb.com\/wp-content\/uploads\/2024\/10\/el-inusual-detalle-que-llevara-lamine-yamal-en-sus-dientes-para-jugar-el-clasico-contra-real-madrid-3.jpg\"><span class=\"epigraphe\">Lamine Yamal y su bucal, a lo Stephen Curry. (Foto: EFE)<\/span><\/div>\n<div class=\"sc-e7b891c4-0 ifHnQL image-embed\"><img alt=\"Lamine Yamal, en una pr\u00e1ctica con el Barcelona. (Foto: EFE\/Alejandro Garc\u00eda)\" loading=\"lazy\" width=\"720\" height=\"100\" decoding=\"async\" data-nimg=\"1\" src=\"http:\/\/hoycordobaweb.com\/wp-content\/uploads\/2024\/10\/el-inusual-detalle-que-llevara-lamine-yamal-en-sus-dientes-para-jugar-el-clasico-contra-real-madrid-4.jpg\"><span class=\"epigraphe\">Lamine Yamal, en una pr\u00e1ctica con el Barcelona. (Foto: EFE\/Alejandro Garc\u00eda)<\/span><\/div>\n<p><h2><strong>Cu\u00e1ndo juegan el Real Madrid y el Barcelona<\/strong><\/h2>\n<\/p>\n<div class=\"custom-text \" readability=\"35\">\n<p>El Real Madrid recibir\u00e1 al Barcelona este s\u00e1bado 26 de octubre, por la fecha 11 de LaLiga. El encuentra ser\u00e1 televisado por la pantalla de DSports y se podr\u00e1 ver tambi\u00e9n de manera online a trav\u00e9s de DGO.<\/p>\n<\/div>\n<div class=\"custom-text \" readability=\"34\">\n<p>En este momento, el Barsa es l\u00edder de la tabla con 27 puntos y el Merengue le pisa los talones con 24 unidades.<\/p>\n<\/div>\n<div class=\"sc-a7166897-0 eoLsBE\" readability=\"6.5\">\n<section readability=\"3\"><picture><img alt=\"\u00bfVinicius o Lamine Yamal? Los argumentos de Kun Ag\u00fcero y sus consejos a Juli\u00e1n Alvarez \" loading=\"lazy\" width=\"290\" height=\"290\" decoding=\"async\" data-nimg=\"1\" src=\"http:\/\/hoycordobaweb.com\/wp-content\/uploads\/2024\/10\/el-inusual-detalle-que-llevara-lamine-yamal-en-sus-dientes-para-jugar-el-clasico-contra-real-madrid-5.jpg\"><\/picture>\n<p><span>Mir\u00e1 tambi\u00e9n<\/span><\/p>\n<hr>\n<h3>\u00bfVinicius o Lamine Yamal? Los argumentos de Kun Ag\u00fcero y sus consejos a Juli\u00e1n Alvarez<br \/>\n<\/h3>\n<\/p>\n<\/section>\n<\/div>\n<div class=\"sc-a7166897-0 eoLsBE\" readability=\"6.5\">\n<section readability=\"3\"><picture><img alt=\"Festeja Mbapp\u00e9: la Justicia fall\u00f3 a favor de Kylian y el PSG deber\u00e1 pagarle 55 millones\" loading=\"lazy\" width=\"290\" height=\"290\" decoding=\"async\" data-nimg=\"1\" src=\"http:\/\/hoycordobaweb.com\/wp-content\/uploads\/2024\/10\/el-inusual-detalle-que-llevara-lamine-yamal-en-sus-dientes-para-jugar-el-clasico-contra-real-madrid-6.jpg\"><\/picture>\n<p><span>Mir\u00e1 tambi\u00e9n<\/span><\/p>\n<hr>\n<h3>Festeja Mbapp\u00e9: la Justicia fall\u00f3 a favor de Kylian y el PSG deber\u00e1 pagarle 55 millones<\/h3>\n<\/p>\n<\/section>\n<\/div>\n<\/div>\n","protected":false},"excerpt":{"rendered":"<p>25\/10\/2024 11:56hs. Real Madrid y Barcelona ya se preparan para vivir una nueva edici\u00f3n del cl\u00e1sico este s\u00e1bado 26 de octubre en el Santiago Bernab\u00e9u. Choque con mucha historia y con m\u00faltiples cracks, aunque hay uno de ellos que, adem\u00e1s, llevar\u00e1 consigo para ese partido un particular detalle en sus dientes: Lamine Yamal. El crack [&hellip;]<\/p>\n","protected":false},"author":1,"featured_media":86499,"comment_status":"open","ping_status":"closed","sticky":false,"template":"","format":"standard","meta":[],"categories":[16],"tags":[],"_links":{"self":[{"href":"http:\/\/hoycordobaweb.com\/index.php\/wp-json\/wp\/v2\/posts\/86498"}],"collection":[{"href":"http:\/\/hoycordobaweb.com\/index.php\/wp-json\/wp\/v2\/posts"}],"about":[{"href":"http:\/\/hoycordobaweb.com\/index.php\/wp-json\/wp\/v2\/types\/post"}],"author":[{"embeddable":true,"href":"http:\/\/hoycordobaweb.com\/index.php\/wp-json\/wp\/v2\/users\/1"}],"replies":[{"embeddable":true,"href":"http:\/\/hoycordobaweb.com\/index.php\/wp-json\/wp\/v2\/comments?post=86498"}],"version-history":[{"count":0,"href":"http:\/\/hoycordobaweb.com\/index.php\/wp-json\/wp\/v2\/posts\/86498\/revisions"}],"wp:featuredmedia":[{"embeddable":true,"href":"http:\/\/hoycordobaweb.com\/index.php\/wp-json\/wp\/v2\/media\/86499"}],"wp:attachment":[{"href":"http:\/\/hoycordobaweb.com\/index.php\/wp-json\/wp\/v2\/media?parent=86498"}],"wp:term":[{"taxonomy":"category","embeddable":true,"href":"http:\/\/hoycordobaweb.com\/index.php\/wp-json\/wp\/v2\/categories?post=86498"},{"taxonomy":"post_tag","embeddable":true,"href":"http:\/\/hoycordobaweb.com\/index.php\/wp-json\/wp\/v2\/tags?post=86498"}],"curies":[{"name":"wp","href":"https:\/\/api.w.org\/{rel}","templated":true}]}}