{"id":86397,"date":"2024-10-24T14:00:50","date_gmt":"2024-10-24T14:00:50","guid":{"rendered":"https:\/\/www.ole.com.ar\/internacional\/champions-league-atletico-madrid-eleva-protesta-uefa-polemico-penal_0_rUSG2ThOD8.html"},"modified":"2024-10-24T14:00:50","modified_gmt":"2024-10-24T14:00:50","slug":"champions-league-atletico-de-madrid-eleva-una-protesta-a-la-uefa-por-el-polemico-penal-en-contra","status":"publish","type":"post","link":"http:\/\/hoycordobaweb.com\/index.php\/2024\/10\/24\/champions-league-atletico-de-madrid-eleva-una-protesta-a-la-uefa-por-el-polemico-penal-en-contra\/","title":{"rendered":"Champions League: Atl\u00e9tico de Madrid eleva una protesta a la UEFA por el pol\u00e9mico penal en contra"},"content":{"rendered":"<p><img src=\"http:\/\/hoycordobaweb.com\/wp-content\/uploads\/2024\/10\/champions-league-atletico-de-madrid-eleva-una-protesta-a-la-uefa-por-el-polemico-penal-en-contra.jpg\"><\/p>\n<p><time class=\"createDate\" datetime=\"2024-10-24T11:00:50-03:00\">24\/10\/2024 11:00hs.<\/time><\/p>\n<div id=\"storyBody\">\n<div class=\"custom-text \" readability=\"38.422857142857\">\n<p><strong>El malestar en el <a href=\"https:\/\/www.ole.com.ar\/tema\/atletico-madrid.html\" title=\"Atl\u00e9tico Madrid\" alt=\"Atl\u00e9tico Madrid\" class=\"slug\">Atl\u00e9tico de Madrid<\/a> no se disipa con el paso de las horas tras la derrota 3-1 ante el <a href=\"https:\/\/www.ole.com.ar\/tema\/lille.html\" title=\"Lille\" alt=\"Lille\" class=\"slug\">Lille<\/a>, por la <a href=\"https:\/\/www.ole.com.ar\/tema\/champions-league.html\" title=\"Champions League\" alt=\"Champions League\" class=\"slug\">Champions League<\/a><\/strong>. El resultado es doloroso, pero lo que realmente sigue en el centro de la pol\u00e9mica es la jugada del penal que deriv\u00f3 en el 2-1 para los franceses. Desde el vestuario y el club no terminan de comprender qu\u00e9 fue lo que ocurri\u00f3 en esa acci\u00f3n clave del partido. En vez de resignarse, la sensaci\u00f3n que predomina es la perplejidad total: <strong>nadie entiende qu\u00e9 pit\u00f3 el \u00e1rbitro, ni qu\u00e9 fue lo que le indicaron desde el VAR<\/strong>. Por eso, <strong>el Colchonero ha presentado una queja formal ante la <a href=\"https:\/\/www.ole.com.ar\/tema\/uefa.html\" title=\"UEFA\" alt=\"UEFA\" class=\"slug\">UEFA<\/a><\/strong>, buscando aclaraciones sobre una acci\u00f3n que fue decisivo en el desarrollo.<\/p>\n<\/div>\n<p><h2><strong><em>Simeone estall\u00f3 por el penal en la Champions: \u00abNo fue penal. Cobraron lo que se imaginaron\u00bb<\/em><\/strong><\/h2>\n<\/p>\n<div class=\"custom-text \" readability=\"44\">\n<p>El incidente en cuesti\u00f3n se produjo en el minuto 74, cuando, tras un bal\u00f3n dividido dentro del \u00e1rea, <strong>Marco Guida<\/strong> decidi\u00f3 se\u00f1alar penal contra los rojiblancos. Lo extra\u00f1o de la situaci\u00f3n es que, <strong>seg\u00fan los jugadores del Atl\u00e9tico, el \u00e1rbitro primero afirm\u00f3 que se trataba de una mano de Koke<\/strong>. Sin embargo, <strong>las im\u00e1genes mostraron claramente que el bal\u00f3n toc\u00f3 el brazo de Andr\u00e9, jugador del Lille<\/strong>, y no de Koke. En la retransmisi\u00f3n televisiva se puede ver a Guida se\u00f1alando varias veces su brazo, lo que gener\u00f3 a\u00fan m\u00e1s confusi\u00f3n. <\/p>\n<\/div>\n<div class=\"custom-text \" readability=\"39\">\n<p>Jan Oblak tambi\u00e9n expres\u00f3 su frustraci\u00f3n. <strong>\u00abNos dijo que estaban comprobando la mano, pero al final no s\u00e9 qu\u00e9 pit\u00f3. Nos ha perjudicado, pero no podemos quejarnos porque tambi\u00e9n tuvimos ocasiones para ganar el partido\u00bb<\/strong>. El arquero reconoci\u00f3 que, pese al error arbitral, el Atl\u00e9tico tuvo oportunidades para resolver el encuentro antes de que la pol\u00e9mica jugada del penal definiera el curso del partido.<\/p>\n<\/div>\n<div class=\"custom-text \" readability=\"44\">\n<p>Diego Simeone fue todav\u00eda m\u00e1s expl\u00edcito en sus declaraciones, dejando clara su indignaci\u00f3n por lo ocurrido. <strong>\u201cNo fue penal. Cobr\u00f3 lo que se imagin\u00f3, pero no pas\u00f3 lo que se imagin\u00f3: no lo vio \u00e9l y tampoco lo vieron los que le ayudan en el VAR\u201d<\/strong>, sentenci\u00f3 el entrenador argentino. \u201cEs el 1-2, una jugada decisiva, pero no le importa a nadie. <strong>Al \u00e1rbitro no le van a hacer nada, y al del VAR tampoco&#8230;<\/strong>\u201d, agreg\u00f3 el Cholo. En la sala de prensa, Simeone sigui\u00f3 criticando la decisi\u00f3n arbitral: \u201cPrimero dijo el \u00e1rbitro que fue mano, luego que hubo algo de Koke. Nadie lo entiende\u201d.<\/p>\n<\/div>\n<div class=\"custom-text \" readability=\"40\">\n<p>El an\u00e1lisis de expertos tampoco ayuda a disipar las dudas. Iturralde Gonz\u00e1lez, \u00e1rbitro de AS y la SER, evalu\u00f3 la jugada en el momento en Carrusel Deportivo y fue tajante:<strong> \u00abNi hay mano ni el toque de Koke es suficiente para pitar penal\u00bb<\/strong>. Horas despu\u00e9s, con mayor tranquilidad y tras revisar la acci\u00f3n varias veces, Iturralde mantuvo su postura: <strong>\u00abHe visto la jugada cuatro o cinco veces y no doy cr\u00e9dito. Ni le roza. Tienen una herramienta, lo que tienen que hacer es llamarle (al \u00e1rbitro) y pedirle que lo mire<\/strong>\u00ab. <\/p>\n<\/div>\n<div class=\"sc-e7b891c4-0 ifHnQL image-embed\"><img alt=\"El desconcierto de los jugadores del Aleti. (EFE)\" loading=\"lazy\" width=\"720\" height=\"100\" decoding=\"async\" data-nimg=\"1\" src=\"http:\/\/hoycordobaweb.com\/wp-content\/uploads\/2024\/10\/champions-league-atletico-de-madrid-eleva-una-protesta-a-la-uefa-por-el-polemico-penal-en-contra-2.jpg\"><span class=\"epigraphe\">El desconcierto de los jugadores del Aleti. (EFE)<\/span><\/div>\n<div class=\"custom-text \" readability=\"46\">\n<p><strong>El resultado del partido, desde luego, no cambiar\u00e1, pero el Atl\u00e9tico sigue esperando explicaciones<\/strong>. En Espa\u00f1a, la Federaci\u00f3n publica los audios de las conversaciones entre el \u00e1rbitro y el VAR en jugadas clave como esta, pero en este caso, el club rojiblanco no sabe qu\u00e9 di\u00e1logo mantuvieron Guida y Pairetto, el \u00e1rbitro del VAR, durante los minutos de revisi\u00f3n. La falta de transparencia es lo que m\u00e1s incomoda al Atl\u00e9tico. Incluso,<strong> medios y redes sociales, que suelen dividirse en estos temas, han mostrado una unanimidad poco com\u00fan en sus cr\u00edticas hacia la decisi\u00f3n arbitral<\/strong>. <\/p>\n<\/div>\n<div class=\"custom-text \" readability=\"43\">\n<p>En un intento por obtener respuestas, <strong>el Atl\u00e9tico ha presentado la queja formal ante la UEFA, buscando que al menos se esclarezcan los motivos detr\u00e1s del penal se\u00f1alado<\/strong>. Aunque el marcador final, 1-3, no cambiar\u00e1, en el club entienden que es necesario obtener alguna aclaraci\u00f3n que arroje luz sobre lo ocurrido. Mientras tanto, las palabras de Simeone resuenan con fuerza<strong>: \u201cOjal\u00e1 encontremos algo para decir que fue penal\u201d<\/strong>. El entrenador, al igual que el resto del equipo, sigue sin comprender c\u00f3mo fue posible que el \u00e1rbitro tomara una decisi\u00f3n tan crucial sin revisar las im\u00e1genes o recibir la orientaci\u00f3n adecuada por parte del VAR.<\/p>\n<\/div>\n<div class=\"sc-e7b891c4-0 ifHnQL image-embed\"><img alt=\"Simeone, tras la derrota, no dej\u00f3 pasar la cuesti\u00f3n del penal en la conferencia de prensa. (EFE)\" loading=\"lazy\" width=\"720\" height=\"100\" decoding=\"async\" data-nimg=\"1\" src=\"http:\/\/hoycordobaweb.com\/wp-content\/uploads\/2024\/10\/champions-league-atletico-de-madrid-eleva-una-protesta-a-la-uefa-por-el-polemico-penal-en-contra-3.jpg\"><span class=\"epigraphe\">Simeone, tras la derrota, no dej\u00f3 pasar la cuesti\u00f3n del penal en la conferencia de prensa. (EFE)<\/span><\/div>\n<div class=\"sc-a7166897-0 eoLsBE\" readability=\"6.5\">\n<section readability=\"3\"><picture><img alt=\"La furia de Simeone tras la ca\u00edda del Atl\u00e9tico: &quot;Quiero que me expliquen porqu\u00e9 fue penal&quot;\" loading=\"lazy\" width=\"290\" height=\"290\" decoding=\"async\" data-nimg=\"1\" src=\"http:\/\/hoycordobaweb.com\/wp-content\/uploads\/2024\/10\/champions-league-atletico-de-madrid-eleva-una-protesta-a-la-uefa-por-el-polemico-penal-en-contra-4.jpg\"><\/picture>\n<p><span>Mir\u00e1 tambi\u00e9n<\/span><\/p>\n<hr>\n<h3>La furia de Simeone tras la ca\u00edda del Atl\u00e9tico: \u00abQuiero que me expliquen porqu\u00e9 fue penal\u00bb<\/h3>\n<\/p>\n<\/section>\n<\/div>\n<div class=\"sc-a7166897-0 eoLsBE\" readability=\"6.5\">\n<section readability=\"3\"><picture><img alt=\"Paliza hist\u00f3rica: Botafogo le meti\u00f3 cinco a Pe\u00f1arol y tiene un pie y medio en la final de la Copa\" loading=\"lazy\" width=\"290\" height=\"290\" decoding=\"async\" data-nimg=\"1\" src=\"http:\/\/hoycordobaweb.com\/wp-content\/uploads\/2024\/10\/champions-league-atletico-de-madrid-eleva-una-protesta-a-la-uefa-por-el-polemico-penal-en-contra-5.jpg\"><\/picture>\n<p><span>Mir\u00e1 tambi\u00e9n<\/span><\/p>\n<hr>\n<h3>Paliza hist\u00f3rica: Botafogo le meti\u00f3 cinco a Pe\u00f1arol y tiene un pie y medio en la final de la Copa<\/h3>\n<\/p>\n<\/section>\n<\/div>\n<div class=\"sc-a7166897-0 eoLsBE\" readability=\"6.5\">\n<section readability=\"3\"><picture><img alt=\"Lan\u00fas rescat\u00f3 un valioso empate en Brasil y se juega el pase a la final en La Fortaleza\" loading=\"lazy\" width=\"290\" height=\"290\" decoding=\"async\" data-nimg=\"1\" src=\"http:\/\/hoycordobaweb.com\/wp-content\/uploads\/2024\/10\/champions-league-atletico-de-madrid-eleva-una-protesta-a-la-uefa-por-el-polemico-penal-en-contra-6.jpg\"><\/picture>\n<p><span>Mir\u00e1 tambi\u00e9n<\/span><\/p>\n<hr>\n<h3>Lan\u00fas rescat\u00f3 un valioso empate en Brasil y se juega el pase a la final en La Fortaleza<\/h3>\n<\/p>\n<\/section>\n<\/div>\n<\/div>\n","protected":false},"excerpt":{"rendered":"<p>24\/10\/2024 11:00hs. El malestar en el Atl\u00e9tico de Madrid no se disipa con el paso de las horas tras la derrota 3-1 ante el Lille, por la Champions League. El resultado es doloroso, pero lo que realmente sigue en el centro de la pol\u00e9mica es la jugada del penal que deriv\u00f3 en el 2-1 para [&hellip;]<\/p>\n","protected":false},"author":1,"featured_media":86398,"comment_status":"open","ping_status":"closed","sticky":false,"template":"","format":"standard","meta":[],"categories":[16],"tags":[],"_links":{"self":[{"href":"http:\/\/hoycordobaweb.com\/index.php\/wp-json\/wp\/v2\/posts\/86397"}],"collection":[{"href":"http:\/\/hoycordobaweb.com\/index.php\/wp-json\/wp\/v2\/posts"}],"about":[{"href":"http:\/\/hoycordobaweb.com\/index.php\/wp-json\/wp\/v2\/types\/post"}],"author":[{"embeddable":true,"href":"http:\/\/hoycordobaweb.com\/index.php\/wp-json\/wp\/v2\/users\/1"}],"replies":[{"embeddable":true,"href":"http:\/\/hoycordobaweb.com\/index.php\/wp-json\/wp\/v2\/comments?post=86397"}],"version-history":[{"count":0,"href":"http:\/\/hoycordobaweb.com\/index.php\/wp-json\/wp\/v2\/posts\/86397\/revisions"}],"wp:featuredmedia":[{"embeddable":true,"href":"http:\/\/hoycordobaweb.com\/index.php\/wp-json\/wp\/v2\/media\/86398"}],"wp:attachment":[{"href":"http:\/\/hoycordobaweb.com\/index.php\/wp-json\/wp\/v2\/media?parent=86397"}],"wp:term":[{"taxonomy":"category","embeddable":true,"href":"http:\/\/hoycordobaweb.com\/index.php\/wp-json\/wp\/v2\/categories?post=86397"},{"taxonomy":"post_tag","embeddable":true,"href":"http:\/\/hoycordobaweb.com\/index.php\/wp-json\/wp\/v2\/tags?post=86397"}],"curies":[{"name":"wp","href":"https:\/\/api.w.org\/{rel}","templated":true}]}}