{"id":86382,"date":"2024-10-24T14:15:53","date_gmt":"2024-10-24T14:15:53","guid":{"rendered":"https:\/\/ladecimaweb.com\/?p=29720"},"modified":"2024-10-24T14:15:53","modified_gmt":"2024-10-24T14:15:53","slug":"cine-inclusivo-para-ninos-mayores-de-11-anos-con-entradas-gratuitas","status":"publish","type":"post","link":"http:\/\/hoycordobaweb.com\/index.php\/2024\/10\/24\/cine-inclusivo-para-ninos-mayores-de-11-anos-con-entradas-gratuitas\/","title":{"rendered":"Cine inclusivo para ni\u00f1os mayores de 11 a\u00f1os con entradas gratuitas"},"content":{"rendered":"<div class=\"boldgrid-section\">\n<div class=\"container\">\n<div class=\"row\">\n<div class=\"col-md-12 col-xs-12 col-sm-12\">\n<p>La Municipalidad de C\u00f3rdoba, a trav\u00e9s de su Secretar\u00eda de Comunicaci\u00f3n y Cultura invita al ciclo de cine inclusivo.<\/p>\n<p class=\"\"><strong>El \u201cCine Distendido\u201d recrea funciones adaptadas para personas con dificultades sensoriales, espectro autista, trastornos de aprendizaje o similares, posibilitando el disfrute del s\u00e9ptimo arte.<\/strong><\/p>\n<p class=\"\">La actividad prevista es para este s\u00e1bado 26 de octubre, en el Cineclub Municipal (Bv. San Juan 49), es a las 11.<\/p>\n<p class=\"\">Las personas interesadas deber\u00e1n inscribirse<span>&nbsp;<\/span><a href=\"https:\/\/forms.gle\/s85K7NSZrxkg2e2K6\" target=\"_blank\" rel=\"noopener noreferrer\">aqu\u00ed<\/a>.<\/p>\n<p>Destinada exclusivamente a j\u00f3venes de m\u00e1s de 11 a\u00f1os.<\/p>\n<p class=\"\">En esta oportunidad, se podr\u00e1 ver la exitosa pel\u00edcula de Disney y Pixar Intensamente 2, la cinta sobre las emociones de la adolescente Riley, que sigue reinando en el ranking entre ni\u00f1os, ni\u00f1as y j\u00f3venes.<\/p>\n<p>Ambientada dentro de la mente de la protagonista, donde las emociones originales \u2014Alegr\u00eda (Amy Poehler), Tristeza (Phyllis Smith), Furia (Lewis Black), Temor (Tony Hale) y Desagrado (Liza Lapira)\u2014 enfrentando un nuevo reto: la llegada de cuatro nuevas emociones, que reflejan los complejos sentimientos asociados a la adolescencia.<\/p>\n<p>Es parte de la pol\u00edtica cultural actual que lleva adelante el Municipio, concentrada en propuestas inclusivas y accesibles.<\/p>\n<\/div>\n<\/div>\n<\/div>\n<\/div>\n<p>La entrada <a rel=\"nofollow\" href=\"https:\/\/ladecimaweb.com\/cine-inclusivo-para-ninos-mayores-de-11-anos-con-entradas-gratuitas\/\">Cine inclusivo para ni\u00f1os mayores de 11 a\u00f1os con entradas gratuitas<\/a> se public\u00f3 primero en <a rel=\"nofollow\" href=\"https:\/\/ladecimaweb.com\">LaDecima<\/a>.<\/p>\n","protected":false},"excerpt":{"rendered":"<p>La Municipalidad de C\u00f3rdoba, a trav\u00e9s de su Secretar\u00eda de Comunicaci\u00f3n y Cultura invita al ciclo de cine inclusivo. El \u201cCine Distendido\u201d recrea funciones adaptadas para personas con dificultades sensoriales, espectro autista, trastornos de aprendizaje o similares, posibilitando el disfrute del s\u00e9ptimo arte. La actividad prevista es para este s\u00e1bado 26 de octubre, en el [&hellip;]<\/p>\n","protected":false},"author":1,"featured_media":0,"comment_status":"closed","ping_status":"closed","sticky":false,"template":"","format":"standard","meta":[],"categories":[32],"tags":[],"_links":{"self":[{"href":"http:\/\/hoycordobaweb.com\/index.php\/wp-json\/wp\/v2\/posts\/86382"}],"collection":[{"href":"http:\/\/hoycordobaweb.com\/index.php\/wp-json\/wp\/v2\/posts"}],"about":[{"href":"http:\/\/hoycordobaweb.com\/index.php\/wp-json\/wp\/v2\/types\/post"}],"author":[{"embeddable":true,"href":"http:\/\/hoycordobaweb.com\/index.php\/wp-json\/wp\/v2\/users\/1"}],"replies":[{"embeddable":true,"href":"http:\/\/hoycordobaweb.com\/index.php\/wp-json\/wp\/v2\/comments?post=86382"}],"version-history":[{"count":0,"href":"http:\/\/hoycordobaweb.com\/index.php\/wp-json\/wp\/v2\/posts\/86382\/revisions"}],"wp:attachment":[{"href":"http:\/\/hoycordobaweb.com\/index.php\/wp-json\/wp\/v2\/media?parent=86382"}],"wp:term":[{"taxonomy":"category","embeddable":true,"href":"http:\/\/hoycordobaweb.com\/index.php\/wp-json\/wp\/v2\/categories?post=86382"},{"taxonomy":"post_tag","embeddable":true,"href":"http:\/\/hoycordobaweb.com\/index.php\/wp-json\/wp\/v2\/tags?post=86382"}],"curies":[{"name":"wp","href":"https:\/\/api.w.org\/{rel}","templated":true}]}}