{"id":86377,"date":"2024-10-24T15:15:44","date_gmt":"2024-10-24T15:15:44","guid":{"rendered":"http:\/\/hoycordobaweb.com\/index.php\/2024\/10\/24\/quien-era-el-exdirigente-del-futbol-argentino-que-murio-en-brasil-antes-del-duelo-con-cruzeiro\/"},"modified":"2024-10-24T15:15:44","modified_gmt":"2024-10-24T15:15:44","slug":"quien-era-el-exdirigente-del-futbol-argentino-que-murio-en-brasil-antes-del-duelo-con-cruzeiro","status":"publish","type":"post","link":"http:\/\/hoycordobaweb.com\/index.php\/2024\/10\/24\/quien-era-el-exdirigente-del-futbol-argentino-que-murio-en-brasil-antes-del-duelo-con-cruzeiro\/","title":{"rendered":"Qui\u00e9n era el exdirigente del <b>f\u00fatbol argentino<\/b> que muri\u00f3 en Brasil antes del duelo con Cruzeiro"},"content":{"rendered":"<p>En la previa del partido entre Cruzeiro y Lan\u00fas de Buenos Aires falleci\u00f3 Marcelo \u201cPolaco\u201d Riadigos. \u00bfQui\u00e9n era el hincha que entristeci\u00f3 al <b>f\u00fatbol<\/b>&nbsp;&#8230; <\/p>\n","protected":false},"excerpt":{"rendered":"<p>En la previa del partido entre Cruzeiro y Lan\u00fas de Buenos Aires falleci\u00f3 Marcelo \u201cPolaco\u201d Riadigos. \u00bfQui\u00e9n era el hincha que entristeci\u00f3 al f\u00fatbol&nbsp;&#8230;<\/p>\n","protected":false},"author":1,"featured_media":0,"comment_status":"closed","ping_status":"closed","sticky":false,"template":"","format":"standard","meta":[],"categories":[22],"tags":[],"_links":{"self":[{"href":"http:\/\/hoycordobaweb.com\/index.php\/wp-json\/wp\/v2\/posts\/86377"}],"collection":[{"href":"http:\/\/hoycordobaweb.com\/index.php\/wp-json\/wp\/v2\/posts"}],"about":[{"href":"http:\/\/hoycordobaweb.com\/index.php\/wp-json\/wp\/v2\/types\/post"}],"author":[{"embeddable":true,"href":"http:\/\/hoycordobaweb.com\/index.php\/wp-json\/wp\/v2\/users\/1"}],"replies":[{"embeddable":true,"href":"http:\/\/hoycordobaweb.com\/index.php\/wp-json\/wp\/v2\/comments?post=86377"}],"version-history":[{"count":0,"href":"http:\/\/hoycordobaweb.com\/index.php\/wp-json\/wp\/v2\/posts\/86377\/revisions"}],"wp:attachment":[{"href":"http:\/\/hoycordobaweb.com\/index.php\/wp-json\/wp\/v2\/media?parent=86377"}],"wp:term":[{"taxonomy":"category","embeddable":true,"href":"http:\/\/hoycordobaweb.com\/index.php\/wp-json\/wp\/v2\/categories?post=86377"},{"taxonomy":"post_tag","embeddable":true,"href":"http:\/\/hoycordobaweb.com\/index.php\/wp-json\/wp\/v2\/tags?post=86377"}],"curies":[{"name":"wp","href":"https:\/\/api.w.org\/{rel}","templated":true}]}}