{"id":86292,"date":"2024-10-23T14:44:04","date_gmt":"2024-10-23T14:44:04","guid":{"rendered":"https:\/\/www.ole.com.ar\/internacional\/libertadores\/copa-libertadores-sudamericana-racismo-racing-river-lanus_0_V0sCdrmhXp.html"},"modified":"2024-10-23T14:44:04","modified_gmt":"2024-10-23T14:44:04","slug":"el-mesaje-de-la-conmebol-junto-a-dirigentes-argentinos-contra-el-racismo","status":"publish","type":"post","link":"http:\/\/hoycordobaweb.com\/index.php\/2024\/10\/23\/el-mesaje-de-la-conmebol-junto-a-dirigentes-argentinos-contra-el-racismo\/","title":{"rendered":"El mesaje de la Conmebol junto a dirigentes argentinos contra el racismo"},"content":{"rendered":"<p><img src=\"http:\/\/hoycordobaweb.com\/wp-content\/uploads\/2024\/10\/el-mesaje-de-la-conmebol-junto-a-dirigentes-argentinos-contra-el-racismo.jpg\"><\/p>\n<p><time class=\"createDate\" datetime=\"2024-10-23T11:44:04-03:00\">23\/10\/2024 11:44hs.<\/time><\/p>\n<div id=\"storyBody\">\n<div class=\"custom-text \" readability=\"36.32523364486\">\n<p>Las Copas <strong><a href=\"https:\/\/www.ole.com.ar\/tema\/copa-libertadores.html\" title=\"Copa Libertadores\" alt=\"Copa Libertadores\" class=\"slug\">Libertadores<\/a><\/strong> y <strong><a href=\"https:\/\/www.ole.com.ar\/tema\/copa-sudamericana.html\" title=\"Copa Sudamericana\" alt=\"Copa Sudamericana\" class=\"slug\">Sudamericana <\/a><\/strong>entraron en la <strong>fase decisiva<\/strong>, donde s\u00f3lo cuatro equipos se mantienen en cada torneo internacional, y esta semana ya arrancaron los partidos de ida de las semifinales. Entre los equipos que siguen en carrera, tres son argentinos: <strong><a href=\"https:\/\/www.ole.com.ar\/tema\/rver-plate.html\" title=\"Rver Plate\" alt=\"Rver Plate\" class=\"slug\">River<\/a><\/strong>, <strong><a href=\"https:\/\/www.ole.com.ar\/tema\/racing.html\" title=\"Racing\" alt=\"Racing\" class=\"slug\">Racing <\/a><\/strong>y <strong><a href=\"https:\/\/www.ole.com.ar\/tema\/lanus.html\" title=\"Lan\u00fas\" alt=\"Lan\u00fas\" class=\"slug\">Lan\u00fas<\/a><\/strong>. En este contexto, <strong><a href=\"https:\/\/www.ole.com.ar\/tema\/alejandro-dominguez.html\" title=\"Alejandro Dom\u00ednguez\" alt=\"Alejandro Dom\u00ednguez\" class=\"slug\">Alejandro Dom\u00ednguez<\/a><\/strong> <strong>comparti\u00f3 dos videos<\/strong> junto a varios dirigentes de los clubes argentinos que contin\u00faan en competencia, con el objetivo de enfrentar una de las mayores problem\u00e1ticas del f\u00fatbol sudamericano: <strong>el racismo<\/strong>.<\/p>\n<\/div>\n<div class=\"custom-text \" readability=\"39.030303030303\">\n<p>\u00ab<strong>\u00a1El f\u00fatbol incluye y no separa!<\/strong> Gracias a los presidentes de los clubes y de las dos asociaciones miembro, representantes de los semifinalistas de la CONMEBOL Libertadores y Sudamericana, que se unieron para renovar este importante mensaje: \u00a1<strong>Basta de racismo y discriminaci\u00f3n<\/strong>!\u00bb, fue el mensaje que public\u00f3 Dom\u00ednguez en sus redes sociales. El dirigente realiz\u00f3 un posteo por cada copa, con dirigentes de los clubes pertenecientes a cada una, incluso con la participaci\u00f3n de <strong><a href=\"https:\/\/www.ole.com.ar\/tema\/claudio-chiqui-tapia.html\" title=\"Claudio Chiqui Tapia\" alt=\"Claudio Chiqui Tapia\" class=\"slug\">Chiqui Tapia<\/a><\/strong>.<\/p>\n<\/div>\n<div class=\"sc-e7b891c4-0 ifHnQL image-embed\"><img alt=\"Claudio Tapia, Alejandro Dom\u00ednguez y Jorge Brito participaron del nuevo video en contra del racismo.\" loading=\"lazy\" width=\"720\" height=\"100\" decoding=\"async\" data-nimg=\"1\" src=\"http:\/\/hoycordobaweb.com\/wp-content\/uploads\/2024\/10\/el-mesaje-de-la-conmebol-junto-a-dirigentes-argentinos-contra-el-racismo-2.jpg\"><span class=\"epigraphe\">Claudio Tapia, Alejandro Dom\u00ednguez y Jorge Brito participaron del nuevo video en contra del racismo.<\/span><\/div>\n<p><h2><strong>El mensaje por la Copa Libertadores<\/strong><\/h2>\n<\/p>\n<div type=\"embed\" class=\"sc-3f46f5ae-0 djVTgz\">\n<div class=\"sc-3f46f5ae-1 fTjZec videoText\" id=\"contentTitleembedEh8sokxF\" type=\"embed\"><svg fill=\"#ffffff\"><symbol id=\"play\" viewBox=\"0 0 512 512\"><path d=\"M512 256C512 397.4 397.4 512 256 512C114.6 512 0 397.4 0 256C0 114.6 114.6 0 256 0C397.4 0 512 114.6 512 256zM176 168V344C176 352.7 180.7 360.7 188.3 364.9C195.8 369.2 205.1 369 212.5 364.5L356.5 276.5C363.6 272.1 368 264.4 368 256C368 247.6 363.6 239.9 356.5 235.5L212.5 147.5C205.1 142.1 195.8 142.8 188.3 147.1C180.7 151.3 176 159.3 176 168V168z\" \/><\/symbol><use xlink:href=\"#play\" \/><\/svg><\/p>\n<div class=\"right\">\n<p>Copa Libertadores<!-- --> &#8211;<!-- --> <span>&nbsp;<\/span><\/p>\n<h2 class=\"title-vid\">El video de la Conmebol en contra del Racismo en la Copa Libertadores<\/h2>\n<\/div>\n<\/div>\n<p><span class=\"back\" id=\"spanBackembedEh8sokxF\"><\/span><\/div>\n<div class=\"custom-text \" readability=\"38.461538461538\">\n<p>En el video de la Libertadores, el \u00fanico presidente de un club argentino es <strong><a href=\"https:\/\/www.ole.com.ar\/tema\/jorge-brito.html\" title=\"Jorge Brito\" alt=\"Jorge Brito\" class=\"slug\">Jorge Brito<\/a><\/strong>, m\u00e1ximo mandatario de River, donde dese\u00f3: \u00ab<strong>En Sudam\u00e9rica, el f\u00fatbol es mucho m\u00e1s que un juego<\/strong>, lo respiramos, lo sentimos y lo vivimos. Construyamos un f\u00fatbol sin barreras. <strong>Basta de racismo<\/strong>\u00ab.<\/p>\n<\/div>\n<div class=\"custom-text \" readability=\"35\">\n<p>Por otro lado, Tapia dijo: \u00ab<strong>El f\u00fatbol es una pasi\u00f3n que corre por nuestras venas y nos une<\/strong>\u00ab. Mientras que Dom\u00ednguez declara: \u00ab<strong>El f\u00fatbol es m\u00e1s que un deporte. Construyamos un f\u00fatbol sin barreras<\/strong>\u00ab.<\/p>\n<\/div>\n<p><h2><strong>El mensaje por la Sudamericana<\/strong><\/h2>\n<\/p>\n<div class=\"custom-text \" readability=\"35.416342412451\">\n<p>Por parte de la Sudamericana, los que aparecieron fueron los dirigentes de Lan\u00fas y Racing. El primero fue <strong><a href=\"https:\/\/www.ole.com.ar\/tema\/luis-chebel.html\" title=\"Luis Chebel\" alt=\"Luis Chebel\" class=\"slug\">Luis Chebel<\/a><\/strong>, presidente del Grana, que coment\u00f3: \u00abSin importar distancias ni colores de camiseta. <strong>No hay lugar para la violencia\u2026 Basta de racismo<\/strong>\u00ab.<\/p>\n<\/div>\n<div class=\"custom-text \" readability=\"34.422885572139\">\n<p>Seguido, apareci\u00f3 el presidente de la Academia, <strong><a href=\"https:\/\/www.ole.com.ar\/tema\/victor-blanco.html\" title=\"V\u00edctor Blanco\" alt=\"V\u00edctor Blanco\" class=\"slug\">V\u00edctor Blanco<\/a><\/strong>, que expres\u00f3: \u00ab<strong>Hoy tenemos una misi\u00f3n que va m\u00e1s all\u00e1 de cualquier trofeo<\/strong>. Construyamos un f\u00fatbol sin barreras\u2026 <strong>Basta de racismo<\/strong>\u00ab.<\/p>\n<\/div>\n<div type=\"embed\" class=\"sc-3f46f5ae-0 djVTgz\">\n<div class=\"sc-3f46f5ae-1 fTjZec videoText\" id=\"contentTitleembedc6D5URnS\" type=\"embed\"><svg fill=\"#ffffff\"><symbol id=\"play\" viewBox=\"0 0 512 512\"><path d=\"M512 256C512 397.4 397.4 512 256 512C114.6 512 0 397.4 0 256C0 114.6 114.6 0 256 0C397.4 0 512 114.6 512 256zM176 168V344C176 352.7 180.7 360.7 188.3 364.9C195.8 369.2 205.1 369 212.5 364.5L356.5 276.5C363.6 272.1 368 264.4 368 256C368 247.6 363.6 239.9 356.5 235.5L212.5 147.5C205.1 142.1 195.8 142.8 188.3 147.1C180.7 151.3 176 159.3 176 168V168z\" \/><\/symbol><use xlink:href=\"#play\" \/><\/svg><\/p>\n<div class=\"right\">\n<p>Copa Sudamericana<!-- --> &#8211;<!-- --> <span>&nbsp;<\/span><\/p>\n<h2 class=\"title-vid\">El video de la Conmebol en contra del racismo en la Copa Sudamericana<\/h2>\n<\/div>\n<\/div>\n<p><span class=\"back\" id=\"spanBackembedc6D5URnS\"><\/span><\/div>\n<div class=\"custom-text \" readability=\"42\">\n<p>Por su parte, el Chiqui Tapia junto a Alejandro Dom\u00ednguez se sum\u00f3 al \u00ab<strong>Basta de racismo<\/strong>\u00ab. Mientras que en la p\u00e1gina web de la Conmebol cierran con: \u00abEl color de la piel, la raza o las costumbres no pueden ser excusas para la provocaci\u00f3n. <strong>Cualquier comportamiento que atente contra la convivencia pac\u00edfica es inaceptable.<\/strong> Nuestras diferencias son un valor a exaltar, siempre unidos por la misma pasi\u00f3n en cada partido, cada gol, cada abrazo y cada celebraci\u00f3n. <strong>De esta manera, dejamos claro que el f\u00fatbol incluye, no separa<\/strong>\u00ab.<\/p>\n<\/div>\n<p><h2><strong>Los casos de racismo que se vivieron en Copa Libertadores y Sudamericana:<\/strong><\/h2>\n<\/p>\n<div class=\"custom-text \" readability=\"36\">\n<p><strong>San Lorenzo vs. Atl\u00e9tico Mineiro:<\/strong> En el Nuevo Gas\u00f3metro, un hincha de San Lorenzo hizo gestos racistas hacia los brasile\u00f1os, lo que podr\u00eda acarrear una sanci\u00f3n econ\u00f3mica al club. Atl\u00e9tico Mineiro conden\u00f3 el hecho en un comunicado.<\/p>\n<\/div>\n<div class=\"custom-text \" readability=\"36\">\n<p><strong>Boca vs. Cruzeiro:<\/strong> En la Bombonera, hinchas de Boca realizaron gestos de mono hacia los aficionados de Cruzeiro, quienes respondieron arrojando billetes y haciendo gestos burlones. Cruzeiro emiti\u00f3 un comunicado condenando el racismo.<\/p>\n<\/div>\n<div class=\"custom-text \" readability=\"34\">\n<p><strong>Nacional vs. Sao Paulo:<\/strong> Hinchas de Nacional en Montevideo hicieron gestos racistas hacia la afici\u00f3n de Sao Paulo, viraliz\u00e1ndose en redes. <\/p>\n<\/div>\n<div class=\"sc-e7b891c4-0 ifHnQL image-embed\"><img alt=\"Casos de Racismo en Sudamericana y Libertadores.\" loading=\"lazy\" width=\"720\" height=\"100\" decoding=\"async\" data-nimg=\"1\" src=\"http:\/\/hoycordobaweb.com\/wp-content\/uploads\/2024\/10\/el-mesaje-de-la-conmebol-junto-a-dirigentes-argentinos-contra-el-racismo-3.jpg\"><span class=\"epigraphe\">Casos de Racismo en Sudamericana y Libertadores.<\/span><\/div>\n<div class=\"custom-text \" readability=\"34\">\n<p><strong>Belgrano vs. Athletico Paranaense<\/strong>: Hinchas de Belgrano en Curitiba imitaron monos y lanzaron objetos hacia los brasile\u00f1os. Los responsables fueron detenidos, pero liberados tras declarar.<\/p>\n<\/div>\n<div class=\"custom-text \" readability=\"36\">\n<p><strong>Botafogo vs. Palmeiras<\/strong>: En R\u00edo, hinchas de Botafogo realizaron gestos racistas hacia los de Palmeiras. Botafogo identific\u00f3 al infractor y lo expuls\u00f3 permanentemente del estadio, reafirmando su compromiso contra el racismo.<\/p>\n<\/div>\n<div class=\"sc-a7166897-0 eoLsBE\" readability=\"6\">\n<section readability=\"2\"><picture><img alt=\"\u00bfRiver cree? De los antecedentes favorables de Gallardo a los datos que no ilusionan\" loading=\"lazy\" width=\"290\" height=\"290\" decoding=\"async\" data-nimg=\"1\" src=\"http:\/\/hoycordobaweb.com\/wp-content\/uploads\/2024\/10\/el-mesaje-de-la-conmebol-junto-a-dirigentes-argentinos-contra-el-racismo-4.jpg\"><\/picture>\n<p><span>Mir\u00e1 tambi\u00e9n<\/span><\/p>\n<hr>\n<h3>\u00bfRiver cree? De los antecedentes favorables de Gallardo a los datos que no ilusionan<\/h3>\n<\/p>\n<\/section>\n<\/div>\n<div class=\"sc-a7166897-0 eoLsBE\" readability=\"6\">\n<section readability=\"2\"><picture><img alt=\"Video: del juego directo para el 1-0 a los 18 toques en el segundo gol\" loading=\"lazy\" width=\"290\" height=\"290\" decoding=\"async\" data-nimg=\"1\" src=\"http:\/\/hoycordobaweb.com\/wp-content\/uploads\/2024\/10\/el-mesaje-de-la-conmebol-junto-a-dirigentes-argentinos-contra-el-racismo-5.jpg\"><\/picture>\n<p><span>Mir\u00e1 tambi\u00e9n<\/span><\/p>\n<hr>\n<h3>Video: del juego directo para el 1-0 a los 18 toques en el segundo gol<\/h3>\n<\/p>\n<\/section>\n<\/div>\n<div class=\"sc-a7166897-0 eoLsBE\" readability=\"7\">\n<section readability=\"4\"><picture><img alt=\"Provocaciones, burlas, amagos y goles: as\u00ed fue la noche de Deyverson contra River\" loading=\"lazy\" width=\"290\" height=\"290\" decoding=\"async\" data-nimg=\"1\" src=\"http:\/\/hoycordobaweb.com\/wp-content\/uploads\/2024\/10\/el-mesaje-de-la-conmebol-junto-a-dirigentes-argentinos-contra-el-racismo-6.jpg\"><\/picture>\n<p><span>Mir\u00e1 tambi\u00e9n<\/span><\/p>\n<hr>\n<h3>Provocaciones, burlas, amagos y goles: as\u00ed fue la noche de Deyverson contra River<\/h3>\n<\/p>\n<\/section>\n<\/div>\n<\/div>\n","protected":false},"excerpt":{"rendered":"<p>23\/10\/2024 11:44hs. Las Copas Libertadores y Sudamericana entraron en la fase decisiva, donde s\u00f3lo cuatro equipos se mantienen en cada torneo internacional, y esta semana ya arrancaron los partidos de ida de las semifinales. Entre los equipos que siguen en carrera, tres son argentinos: River, Racing y Lan\u00fas. En este contexto, Alejandro Dom\u00ednguez comparti\u00f3 dos [&hellip;]<\/p>\n","protected":false},"author":1,"featured_media":86293,"comment_status":"open","ping_status":"closed","sticky":false,"template":"","format":"standard","meta":[],"categories":[16],"tags":[],"_links":{"self":[{"href":"http:\/\/hoycordobaweb.com\/index.php\/wp-json\/wp\/v2\/posts\/86292"}],"collection":[{"href":"http:\/\/hoycordobaweb.com\/index.php\/wp-json\/wp\/v2\/posts"}],"about":[{"href":"http:\/\/hoycordobaweb.com\/index.php\/wp-json\/wp\/v2\/types\/post"}],"author":[{"embeddable":true,"href":"http:\/\/hoycordobaweb.com\/index.php\/wp-json\/wp\/v2\/users\/1"}],"replies":[{"embeddable":true,"href":"http:\/\/hoycordobaweb.com\/index.php\/wp-json\/wp\/v2\/comments?post=86292"}],"version-history":[{"count":0,"href":"http:\/\/hoycordobaweb.com\/index.php\/wp-json\/wp\/v2\/posts\/86292\/revisions"}],"wp:featuredmedia":[{"embeddable":true,"href":"http:\/\/hoycordobaweb.com\/index.php\/wp-json\/wp\/v2\/media\/86293"}],"wp:attachment":[{"href":"http:\/\/hoycordobaweb.com\/index.php\/wp-json\/wp\/v2\/media?parent=86292"}],"wp:term":[{"taxonomy":"category","embeddable":true,"href":"http:\/\/hoycordobaweb.com\/index.php\/wp-json\/wp\/v2\/categories?post=86292"},{"taxonomy":"post_tag","embeddable":true,"href":"http:\/\/hoycordobaweb.com\/index.php\/wp-json\/wp\/v2\/tags?post=86292"}],"curies":[{"name":"wp","href":"https:\/\/api.w.org\/{rel}","templated":true}]}}