{"id":86286,"date":"2024-10-23T16:07:58","date_gmt":"2024-10-23T16:07:58","guid":{"rendered":"https:\/\/www.ole.com.ar\/equipos\/boca\/roberto-mouzo-idolo-boca-contundente-presente-marcos-rojo-referente_0_gYqs8XgHHk.html"},"modified":"2024-10-23T16:07:58","modified_gmt":"2024-10-23T16:07:58","slug":"roberto-mouzo-contundente-sobre-rojo-lo-noto-lento-yo-no-lo-hubiera-puesto","status":"publish","type":"post","link":"http:\/\/hoycordobaweb.com\/index.php\/2024\/10\/23\/roberto-mouzo-contundente-sobre-rojo-lo-noto-lento-yo-no-lo-hubiera-puesto\/","title":{"rendered":"Roberto Mouzo, contundente sobre Rojo: \u00abLo noto lento, yo no lo hubiera puesto\u00bb"},"content":{"rendered":"<p><img src=\"http:\/\/hoycordobaweb.com\/wp-content\/uploads\/2024\/10\/roberto-mouzo-contundente-sobre-rojo-lo-noto-lento-yo-no-lo-hubiera-puesto.jpg\"><\/p>\n<p><time class=\"createDate\" datetime=\"2024-10-23T13:07:58-03:00\">23\/10\/2024 13:07hs.<\/time><\/p>\n<div id=\"storyBody\">\n<div class=\"custom-text \" readability=\"38.879518072289\">\n<p>Tuvo una noche floja el s\u00e1bado, en la derrota 3-0 ante Tigre en Victoria, pero adem\u00e1s, hace tiempo que <strong><a href=\"https:\/\/www.ole.com.ar\/tema\/marcos-rojo.html\" title=\"Marcos Rojo\" alt=\"Marcos Rojo\" class=\"slug\">Marcos Rojo<\/a><\/strong> viene siendo el foco de las cr\u00edticas como consecuencia de sus rendimientos insuficientes. Pese a eso, <strong><a href=\"https:\/\/www.ole.com.ar\/tema\/fernando-gago.html\" title=\"Fernando Gago\" alt=\"Fernando Gago\" class=\"slug\">Fernando Gago<\/a><\/strong> le brind\u00f3 su confianza y todo indica que ser\u00e1 titular en los cuartos de final de la Copa Argentina. <strong>En ese sentido, uno de los grandes \u00eddolos en la historia del club, <a href=\"https:\/\/www.ole.com.ar\/tema\/roberto-mouzo.html\" title=\"Roberto Mouzo\" alt=\"Roberto Mouzo\" class=\"slug\">Roberto Mouzo<\/a>, fue contundente con respecto al presente del zaguero y la decisi\u00f3n de Pintita.<\/strong><\/p>\n<\/div>\n<div class=\"custom-text \" readability=\"43\">\n<p><strong>\u00abLo noto lento a Marcos. Quiz\u00e1s, a lo mejor, esa inactividad que tuvo lo llev\u00f3 a eso, a no tener un rendimiento y ante un debut de un t\u00e9cnico\u00bb<\/strong>, afirm\u00f3 Mouzo en una entrevista con Boca de Selecci\u00f3n. Y su palabra esta m\u00e1s que autorizada, ya que no s\u00f3lo es una gloria del club, sino que adem\u00e1s, ostenta el r\u00e9cord de ser el jugador con m\u00e1s partidos disputados en la historia del Xeneize, con 426.<\/p>\n<\/div>\n<div class=\"custom-text \" readability=\"39\">\n<p><strong>\u00abYo no lo hubiera puesto\u00bb<\/strong>, agreg\u00f3, dejando en claro su postura con respecto a la decisi\u00f3n de Gago al poner al central de 34 a\u00f1os en el 11 inicial en la derrota ante el Matador. Lo cierto es que Pintita analiz\u00f3 durante las \u00faltimas pr\u00e1cticas volver a repetir la dupla central ante el Lobo, y por el momento, tanto Rojo como Anselmino ir\u00edan de arranque.<\/p>\n<\/div>\n<div type=\"embed\" class=\"sc-3f46f5ae-0 djVTgz\">\n<div class=\"sc-3f46f5ae-1 fTjZec videoText\" id=\"contentTitleembedZpfBvSUE\" type=\"embed\"><svg fill=\"#ffffff\"><symbol id=\"play\" viewBox=\"0 0 512 512\"><path d=\"M512 256C512 397.4 397.4 512 256 512C114.6 512 0 397.4 0 256C0 114.6 114.6 0 256 0C397.4 0 512 114.6 512 256zM176 168V344C176 352.7 180.7 360.7 188.3 364.9C195.8 369.2 205.1 369 212.5 364.5L356.5 276.5C363.6 272.1 368 264.4 368 256C368 247.6 363.6 239.9 356.5 235.5L212.5 147.5C205.1 142.1 195.8 142.8 188.3 147.1C180.7 151.3 176 159.3 176 168V168z\" \/><\/symbol><use xlink:href=\"#play\" \/><\/svg><\/p>\n<div class=\"right\">\n<p>Boca Juniors<!-- --> &#8211;<!-- --> <span>&nbsp;<\/span><\/p>\n<h2 class=\"title-vid\">Roberto Mouzo, contundente con respecto al presente de Marcos Rojo.<\/h2>\n<\/div>\n<\/div>\n<p><span class=\"back\" id=\"spanBackembedZpfBvSUE\"><\/span><\/div>\n<div class=\"custom-text \" readability=\"42\">\n<p>En relaci\u00f3n a Gago, Mouzo tambi\u00e9n opin\u00f3 acerca de su vuelta al club.<strong> \u201cEstoy muy contento, porque tuve la suerte de tenerlo en las Inferiores. Conoce el club, sabe lo que significa Boca,<\/strong> no en la situaci\u00f3n que est\u00e1. Es un t\u00e9cnico joven, vive la actualidad. El f\u00fatbol actual no es el mismo al que jug\u00e1bamos nosotros. Pero lo importante es adaptarse y se le hace m\u00e1s simple, teniendo la edad que tiene&#8230; lo mismo dec\u00edan de Scaloni\u201d, coment\u00f3 el ex defensor de 71 a\u00f1os.<\/p>\n<\/div>\n<div type=\"embed\" class=\"sc-3f46f5ae-0 djVTgz\">\n<div class=\"sc-3f46f5ae-1 fTjZec videoText\" id=\"contentTitleembedLdLt7a4M\" type=\"embed\"><svg fill=\"#ffffff\"><symbol id=\"play\" viewBox=\"0 0 512 512\"><path d=\"M512 256C512 397.4 397.4 512 256 512C114.6 512 0 397.4 0 256C0 114.6 114.6 0 256 0C397.4 0 512 114.6 512 256zM176 168V344C176 352.7 180.7 360.7 188.3 364.9C195.8 369.2 205.1 369 212.5 364.5L356.5 276.5C363.6 272.1 368 264.4 368 256C368 247.6 363.6 239.9 356.5 235.5L212.5 147.5C205.1 142.1 195.8 142.8 188.3 147.1C180.7 151.3 176 159.3 176 168V168z\" \/><\/symbol><use xlink:href=\"#play\" \/><\/svg><\/p>\n<div class=\"right\">\n<p>Boca Juniors<!-- --> &#8211;<!-- --> <span>&nbsp;<\/span><\/p>\n<h2 class=\"title-vid\">Gago, en su primer viaje con Boca al Interior<\/h2>\n<\/div>\n<\/div>\n<p><span class=\"back\" id=\"spanBackembedLdLt7a4M\"><\/span><\/div>\n<p><h2><strong>La banca a Romero en medio de su posible salida<\/strong><\/h2>\n<\/p>\n<div class=\"custom-text \" readability=\"40\">\n<p>En paralelo a sus cr\u00edticas a Rojo por sus flojos rendimientos, Mouzo sali\u00f3 a defender a Chiquito Romero, otro de los referentes del plantel podr\u00eda volver a salir del equipo. <strong>\u201cEs muy importante que el t\u00e9cnico lo banque. <\/strong>Yo puedo decir que lo banco, pero si realmente habl\u00f3 y decidi\u00f3 ponerlo, pasa a ser una responsabilidad de lo que signific\u00f3 en su momento la inclusi\u00f3n de \u00e9l. Aparte lo que le toc\u00f3 vivir a Chiquito es dif\u00edcil\u201c, asegur\u00f3 el ex central.<\/p>\n<\/div>\n<div class=\"custom-text \" readability=\"38\">\n<p><strong>\u201cYo tuve la suerte de que ninguno me insult\u00f3. <\/strong>No escuch\u00e9 nunca un insulto hacia m\u00ed. Yo creo que es por c\u00f3mo uno se manej\u00f3 adentro y afuera de la cancha. Para m\u00ed es inolvidable y m\u00e1s en este momento que pas\u00f3 Chiquito. No esper\u00f3 que el hincha de Boca tampoco reaccione de esa manera. Fue bravo\u201c, concluy\u00f3 Mouzo, que tiene su estatua en el hall de la Bombonera, reconocimiento que lo inmortaliza junto a otras glorias de la historia del club.<\/p>\n<\/div>\n<div class=\"sc-e7b891c4-0 ifHnQL image-embed\"><img alt=\"Chiquito Romero, uno de los apuntados por el hincha de Boca.\" loading=\"lazy\" width=\"720\" height=\"100\" decoding=\"async\" data-nimg=\"1\" src=\"http:\/\/hoycordobaweb.com\/wp-content\/uploads\/2024\/10\/roberto-mouzo-contundente-sobre-rojo-lo-noto-lento-yo-no-lo-hubiera-puesto-2.jpg\"><span class=\"epigraphe\">Chiquito Romero, uno de los apuntados por el hincha de Boca.<\/span><\/div>\n<p><h2><strong>Una victoria ante Gimnasia, fundamental<\/strong><\/h2>\n<\/p>\n<div class=\"custom-text \" readability=\"44\">\n<p>Por \u00faltimo, el \u00eddolo y leyenda del club fue determinante a la hora de analizar el enfrentamiento ante el Lobo, por los cuartos de final de la Copa Argentina.<strong> \u00abSi Boca no gana se va a tornar dif\u00edcil la situaci\u00f3n. Quedar afuera de todo, sinceramente, me duele. <\/strong>Me duele por todo lo que viv\u00ed en el club, lo que sent\u00ed, lo que me dio Boca y lo que soy gracias a Boca. <strong>Deseo de todo coraz\u00f3n que se pueda revertir la situaci\u00f3n con un buen resultado\u00bb<\/strong>, finaliz\u00f3, anhelando la clasificaci\u00f3n del Xeneize, que le permita so\u00f1ar con levantar un t\u00edtulo esta temporada y mantener vivas las esperanzas de meterse en la pr\u00f3xima edici\u00f3n de la Copa Libertadores.<\/p>\n<\/div>\n<div type=\"embed\" class=\"sc-3f46f5ae-0 djVTgz\">\n<div class=\"sc-3f46f5ae-1 fTjZec videoText\" id=\"contentTitleembedyUnP9pFj\" type=\"embed\"><svg fill=\"#ffffff\"><symbol id=\"play\" viewBox=\"0 0 512 512\"><path d=\"M512 256C512 397.4 397.4 512 256 512C114.6 512 0 397.4 0 256C0 114.6 114.6 0 256 0C397.4 0 512 114.6 512 256zM176 168V344C176 352.7 180.7 360.7 188.3 364.9C195.8 369.2 205.1 369 212.5 364.5L356.5 276.5C363.6 272.1 368 264.4 368 256C368 247.6 363.6 239.9 356.5 235.5L212.5 147.5C205.1 142.1 195.8 142.8 188.3 147.1C180.7 151.3 176 159.3 176 168V168z\" \/><\/symbol><use xlink:href=\"#play\" \/><\/svg><\/p>\n<div class=\"right\">\n<p>Boca Juniors<!-- --> &#8211;<!-- --> <span>&nbsp;<\/span><\/p>\n<h2 class=\"title-vid\">\u00a1Rosario se hizo de noche por la ma\u00f1ana antes del partido de Boca y Gimnasia de La Plata!<\/h2>\n<\/div>\n<\/div>\n<p><span class=\"back\" id=\"spanBackembedyUnP9pFj\"><\/span><\/div>\n<div class=\"sc-a7166897-0 eoLsBE\" readability=\"6\">\n<section readability=\"2\"><picture><img alt=\"Arde la reventa en Rosario: 400% de inflaci\u00f3n para ver a Boca\" loading=\"lazy\" width=\"290\" height=\"290\" decoding=\"async\" data-nimg=\"1\" src=\"http:\/\/hoycordobaweb.com\/wp-content\/uploads\/2024\/10\/roberto-mouzo-contundente-sobre-rojo-lo-noto-lento-yo-no-lo-hubiera-puesto-3.jpg\"><\/picture>\n<p><span>Mir\u00e1 tambi\u00e9n<\/span><\/p>\n<hr>\n<h3>Arde la reventa en Rosario: 400% de inflaci\u00f3n para ver a Boca<\/h3>\n<\/p>\n<\/section>\n<\/div>\n<div class=\"sc-a7166897-0 eoLsBE\" readability=\"6.5\">\n<section readability=\"3\"><picture><img alt=\"Chiquito Romero, m\u00e1s afuera que adentro: en qu\u00e9 basar\u00e1 Gago su decisi\u00f3n final\" loading=\"lazy\" width=\"290\" height=\"290\" decoding=\"async\" data-nimg=\"1\" src=\"http:\/\/hoycordobaweb.com\/wp-content\/uploads\/2024\/10\/roberto-mouzo-contundente-sobre-rojo-lo-noto-lento-yo-no-lo-hubiera-puesto-4.jpg\"><\/picture>\n<p><span>Mir\u00e1 tambi\u00e9n<\/span><\/p>\n<hr>\n<h3>Chiquito Romero, m\u00e1s afuera que adentro: en qu\u00e9 basar\u00e1 Gago su decisi\u00f3n final<\/h3>\n<\/p>\n<\/section>\n<\/div>\n<div class=\"sc-a7166897-0 eoLsBE\" readability=\"6.5\">\n<section readability=\"3\"><picture><img alt=\"Medina, entre la presi\u00f3n para ser vendido y su posible salida del 11\" loading=\"lazy\" width=\"290\" height=\"290\" decoding=\"async\" data-nimg=\"1\" src=\"http:\/\/hoycordobaweb.com\/wp-content\/uploads\/2024\/10\/roberto-mouzo-contundente-sobre-rojo-lo-noto-lento-yo-no-lo-hubiera-puesto-5.jpg\"><\/picture>\n<p><span>Mir\u00e1 tambi\u00e9n<\/span><\/p>\n<hr>\n<h3>Medina, entre la presi\u00f3n para ser vendido y su posible salida del 11<\/h3>\n<\/p>\n<\/section>\n<\/div>\n<div class=\"sc-a7166897-0 eoLsBE\" readability=\"6\">\n<section readability=\"2\"><picture><img alt=\"Boca en Rosario: del gesto de Cavani a las ausencias de Romero y Rojo\" loading=\"lazy\" width=\"290\" height=\"290\" decoding=\"async\" data-nimg=\"1\" src=\"http:\/\/hoycordobaweb.com\/wp-content\/uploads\/2024\/10\/roberto-mouzo-contundente-sobre-rojo-lo-noto-lento-yo-no-lo-hubiera-puesto-6.jpg\"><\/picture>\n<p><span>Mir\u00e1 tambi\u00e9n<\/span><\/p>\n<hr>\n<h3>Boca en Rosario: del gesto de Cavani a las ausencias de Romero y Rojo<\/h3>\n<\/p>\n<\/section>\n<\/div>\n<\/div>\n","protected":false},"excerpt":{"rendered":"<p>23\/10\/2024 13:07hs. Tuvo una noche floja el s\u00e1bado, en la derrota 3-0 ante Tigre en Victoria, pero adem\u00e1s, hace tiempo que Marcos Rojo viene siendo el foco de las cr\u00edticas como consecuencia de sus rendimientos insuficientes. Pese a eso, Fernando Gago le brind\u00f3 su confianza y todo indica que ser\u00e1 titular en los cuartos de [&hellip;]<\/p>\n","protected":false},"author":1,"featured_media":86287,"comment_status":"open","ping_status":"closed","sticky":false,"template":"","format":"standard","meta":[],"categories":[16],"tags":[],"_links":{"self":[{"href":"http:\/\/hoycordobaweb.com\/index.php\/wp-json\/wp\/v2\/posts\/86286"}],"collection":[{"href":"http:\/\/hoycordobaweb.com\/index.php\/wp-json\/wp\/v2\/posts"}],"about":[{"href":"http:\/\/hoycordobaweb.com\/index.php\/wp-json\/wp\/v2\/types\/post"}],"author":[{"embeddable":true,"href":"http:\/\/hoycordobaweb.com\/index.php\/wp-json\/wp\/v2\/users\/1"}],"replies":[{"embeddable":true,"href":"http:\/\/hoycordobaweb.com\/index.php\/wp-json\/wp\/v2\/comments?post=86286"}],"version-history":[{"count":0,"href":"http:\/\/hoycordobaweb.com\/index.php\/wp-json\/wp\/v2\/posts\/86286\/revisions"}],"wp:featuredmedia":[{"embeddable":true,"href":"http:\/\/hoycordobaweb.com\/index.php\/wp-json\/wp\/v2\/media\/86287"}],"wp:attachment":[{"href":"http:\/\/hoycordobaweb.com\/index.php\/wp-json\/wp\/v2\/media?parent=86286"}],"wp:term":[{"taxonomy":"category","embeddable":true,"href":"http:\/\/hoycordobaweb.com\/index.php\/wp-json\/wp\/v2\/categories?post=86286"},{"taxonomy":"post_tag","embeddable":true,"href":"http:\/\/hoycordobaweb.com\/index.php\/wp-json\/wp\/v2\/tags?post=86286"}],"curies":[{"name":"wp","href":"https:\/\/api.w.org\/{rel}","templated":true}]}}