{"id":86282,"date":"2024-10-23T16:46:18","date_gmt":"2024-10-23T16:46:18","guid":{"rendered":"https:\/\/www.ole.com.ar\/internacional\/inglaterra\/particular-exigencia-retro-mourinho-sancionan-manchester-city-ganamos-liga-pagarme-bonus_0_SaPRzDQlan.html"},"modified":"2024-10-23T16:46:18","modified_gmt":"2024-10-23T16:46:18","slug":"la-particular-exigencia-retro-de-mourinho-si-sancionan-al-manchester-city-y-ganamos-esa-liga-tendran-que-pagarme-un-bonus","status":"publish","type":"post","link":"http:\/\/hoycordobaweb.com\/index.php\/2024\/10\/23\/la-particular-exigencia-retro-de-mourinho-si-sancionan-al-manchester-city-y-ganamos-esa-liga-tendran-que-pagarme-un-bonus\/","title":{"rendered":"La particular exigencia retro de Mourinho: \u00abSi sancionan al Manchester City y ganamos esa liga, tendr\u00e1n que pagarme un bonus\u00bb"},"content":{"rendered":"<p><img src=\"http:\/\/hoycordobaweb.com\/wp-content\/uploads\/2024\/10\/la-particular-exigencia-retro-de-mourinho-si-sancionan-al-manchester-city-y-ganamos-esa-liga-tendran-que-pagarme-un-bonus.jpg\"><\/p>\n<p><time class=\"createDate\" datetime=\"2024-10-23T13:46:18-03:00\">23\/10\/2024 13:46hs.<\/time><\/p>\n<div id=\"storyBody\">\n<div class=\"custom-text \" readability=\"34.153846153846\">\n<p>A cinco a\u00f1os de su salida del <strong><a href=\"https:\/\/www.ole.com.ar\/tema\/manchester-united.html\" title=\"Manchester United\" alt=\"Manchester United\" class=\"slug\">Manchester United<\/a><\/strong>, <strong><a href=\"https:\/\/www.ole.com.ar\/tema\/jose-mourinho.html\" title=\"Jos\u00e9 Mourinho\" alt=\"Jos\u00e9 Mourinho\" class=\"slug\">Jos\u00e9 Mourinho<\/a><\/strong> se reencontrar\u00e1 este jueves con los Red Devils, pero esta vez como entrenador del <strong><a href=\"https:\/\/www.ole.com.ar\/tema\/fenerbahce.html\" title=\"Fenerbahce\" alt=\"Fenerbahce\" class=\"slug\">Fenerbah\u00e7e<\/a>, <\/strong>por la tercera fecha de la <strong>Europa League<\/strong>. En la previa del partido, el DT portugu\u00e9s record\u00f3 su paso por el conjunto ingl\u00e9s y<strong> aprovech\u00f3 para hacer un divertido reclamo retro. <\/strong><\/p>\n<\/div>\n<div class=\"custom-text \" readability=\"37.094462540717\">\n<p>Consultado sobre la actualidad del United, <strong>Mou hizo un cierre \u00e9pico en el que asegur\u00f3 que todav\u00eda pod\u00eda ganar la Premier League del 2017\/2018<\/strong>, en la que termin\u00f3 segundo detr\u00e1s del <strong><a href=\"https:\/\/www.ole.com.ar\/tema\/manchester-city.html\" title=\"Manchester City\" alt=\"Manchester City\" class=\"slug\">Manchester City<\/a><\/strong> y, muy p\u00edcaro, <strong>asegur\u00f3 que el club tendr\u00e1 que pagarle su bonus y entregarle la medalla por el t\u00edtulo. <\/strong><\/p>\n<\/div>\n<div class=\"custom-embedhtml\" readability=\"7.2517482517483\">\n<blockquote class=\"twitter-tweet\" readability=\"8.5314685314685\">\n<p lang=\"en\" dir=\"ltr\">\u00abWe still have a chance of winning the {Premier} League, because maybe they punish Man City\u00bb \ud83d\udde3\ufe0f<\/p>\n<p>Fenerbahce boss Jose Mourinho has not given up on a Premier League winners medal at Manchester United \ud83c\udfc5 <a href=\"https:\/\/t.co\/n1uTaBORI9\">pic.twitter.com\/n1uTaBORI9<\/a><\/p>\n<p>\u2014 Sky Sports News (@SkySportsNews) <a href=\"https:\/\/twitter.com\/SkySportsNews\/status\/1849070446899003496?ref_src=twsrc%5Etfw\">October 23, 2024<\/a><\/p><\/blockquote><\/div>\n<div class=\"custom-text \" readability=\"38\">\n<p><strong>\u00abCreo que a\u00fan tenemos una oportunidad de ganar la liga<\/strong>\u00ab, desliz\u00f3 Mourinho. Y, haciendo menci\u00f3n al juicio por irregularidades financieras que est\u00e1 enfrentando el conjunto ciudadano, continu\u00f3: \u00ab<strong>Quiz\u00e1s sancionen al Manchester City con la p\u00e9rdida de puntos y ganemos esa liga. Entonces tendr\u00e1n que pagarme un bonus y darme la medalla\u00bb.<\/strong><\/p>\n<\/div>\n<div class=\"custom-text \" readability=\"34\">\n<p>El portugu\u00e9s dirigi\u00f3 a aquel Manchester United que <strong>gan\u00f3 la Europa League y que termin\u00f3 la temporada 2017-2018 en segunda posici\u00f3n, <\/strong>a 19 puntos del City. <\/p>\n<\/div>\n<div class=\"sc-e7b891c4-0 ifHnQL image-embed\"><img alt=\"Mourinho, en su paso por el Manchester United. \" loading=\"lazy\" width=\"720\" height=\"100\" decoding=\"async\" data-nimg=\"1\" src=\"http:\/\/hoycordobaweb.com\/wp-content\/uploads\/2024\/10\/la-particular-exigencia-retro-de-mourinho-si-sancionan-al-manchester-city-y-ganamos-esa-liga-tendran-que-pagarme-un-bonus-2.jpg\"><span class=\"epigraphe\">Mourinho, en su paso por el Manchester United. <\/span><\/div>\n<div class=\"custom-text \" readability=\"37\">\n<p>En la misma respuesta, sobre la situaci\u00f3n actual del United, que comenz\u00f3 la temporada con 11 puntos de 24 posibles y sin ganar ninguno de sus dos partidos en la Europa League, Mourinho <strong>reconoci\u00f3 que no piensa en ello y que les ha deseado lo mejor desde que fuera despedido en 2018.<\/strong><\/p>\n<\/div>\n<div class=\"custom-text \" readability=\"36\">\n<p><strong>\u00abMe fui sin rencor y les deseo lo mejor.<\/strong> Si las cosas no est\u00e1n yendo genial, no es algo que me haga feliz, pero<strong> ni tengo tiempo ni tiene sentido para m\u00ed estar pensando en lo que pas\u00f3 y en lo que pasa all\u00ed\u00bb.<\/strong><\/p>\n<\/div>\n<\/div>\n","protected":false},"excerpt":{"rendered":"<p>23\/10\/2024 13:46hs. A cinco a\u00f1os de su salida del Manchester United, Jos\u00e9 Mourinho se reencontrar\u00e1 este jueves con los Red Devils, pero esta vez como entrenador del Fenerbah\u00e7e, por la tercera fecha de la Europa League. En la previa del partido, el DT portugu\u00e9s record\u00f3 su paso por el conjunto ingl\u00e9s y aprovech\u00f3 para hacer [&hellip;]<\/p>\n","protected":false},"author":1,"featured_media":86283,"comment_status":"open","ping_status":"closed","sticky":false,"template":"","format":"standard","meta":[],"categories":[16],"tags":[],"_links":{"self":[{"href":"http:\/\/hoycordobaweb.com\/index.php\/wp-json\/wp\/v2\/posts\/86282"}],"collection":[{"href":"http:\/\/hoycordobaweb.com\/index.php\/wp-json\/wp\/v2\/posts"}],"about":[{"href":"http:\/\/hoycordobaweb.com\/index.php\/wp-json\/wp\/v2\/types\/post"}],"author":[{"embeddable":true,"href":"http:\/\/hoycordobaweb.com\/index.php\/wp-json\/wp\/v2\/users\/1"}],"replies":[{"embeddable":true,"href":"http:\/\/hoycordobaweb.com\/index.php\/wp-json\/wp\/v2\/comments?post=86282"}],"version-history":[{"count":0,"href":"http:\/\/hoycordobaweb.com\/index.php\/wp-json\/wp\/v2\/posts\/86282\/revisions"}],"wp:featuredmedia":[{"embeddable":true,"href":"http:\/\/hoycordobaweb.com\/index.php\/wp-json\/wp\/v2\/media\/86283"}],"wp:attachment":[{"href":"http:\/\/hoycordobaweb.com\/index.php\/wp-json\/wp\/v2\/media?parent=86282"}],"wp:term":[{"taxonomy":"category","embeddable":true,"href":"http:\/\/hoycordobaweb.com\/index.php\/wp-json\/wp\/v2\/categories?post=86282"},{"taxonomy":"post_tag","embeddable":true,"href":"http:\/\/hoycordobaweb.com\/index.php\/wp-json\/wp\/v2\/tags?post=86282"}],"curies":[{"name":"wp","href":"https:\/\/api.w.org\/{rel}","templated":true}]}}