{"id":86276,"date":"2024-10-23T12:46:29","date_gmt":"2024-10-23T12:46:29","guid":{"rendered":"http:\/\/hoycordobaweb.com\/index.php\/2024\/10\/23\/argentinos-pierde-a-su-capitan-por-lesion-tyc-sports\/"},"modified":"2024-10-23T12:46:29","modified_gmt":"2024-10-23T12:46:29","slug":"argentinos-pierde-a-su-capitan-por-lesion-tyc-sports","status":"publish","type":"post","link":"http:\/\/hoycordobaweb.com\/index.php\/2024\/10\/23\/argentinos-pierde-a-su-capitan-por-lesion-tyc-sports\/","title":{"rendered":"<b>Argentinos<\/b> pierde a su capit\u00e1n por lesi\u00f3n &#8211; TyC Sports"},"content":{"rendered":"<p>No es una lesi\u00f3n grave y podr\u00eda estar regresando para mediados de noviembre, la recta final de la Liga Profesional en la que el Bicho se juega la&nbsp;&#8230; <\/p>\n","protected":false},"excerpt":{"rendered":"<p>No es una lesi\u00f3n grave y podr\u00eda estar regresando para mediados de noviembre, la recta final de la Liga Profesional en la que el Bicho se juega la&nbsp;&#8230;<\/p>\n","protected":false},"author":1,"featured_media":0,"comment_status":"closed","ping_status":"closed","sticky":false,"template":"","format":"standard","meta":[],"categories":[22],"tags":[],"_links":{"self":[{"href":"http:\/\/hoycordobaweb.com\/index.php\/wp-json\/wp\/v2\/posts\/86276"}],"collection":[{"href":"http:\/\/hoycordobaweb.com\/index.php\/wp-json\/wp\/v2\/posts"}],"about":[{"href":"http:\/\/hoycordobaweb.com\/index.php\/wp-json\/wp\/v2\/types\/post"}],"author":[{"embeddable":true,"href":"http:\/\/hoycordobaweb.com\/index.php\/wp-json\/wp\/v2\/users\/1"}],"replies":[{"embeddable":true,"href":"http:\/\/hoycordobaweb.com\/index.php\/wp-json\/wp\/v2\/comments?post=86276"}],"version-history":[{"count":0,"href":"http:\/\/hoycordobaweb.com\/index.php\/wp-json\/wp\/v2\/posts\/86276\/revisions"}],"wp:attachment":[{"href":"http:\/\/hoycordobaweb.com\/index.php\/wp-json\/wp\/v2\/media?parent=86276"}],"wp:term":[{"taxonomy":"category","embeddable":true,"href":"http:\/\/hoycordobaweb.com\/index.php\/wp-json\/wp\/v2\/categories?post=86276"},{"taxonomy":"post_tag","embeddable":true,"href":"http:\/\/hoycordobaweb.com\/index.php\/wp-json\/wp\/v2\/tags?post=86276"}],"curies":[{"name":"wp","href":"https:\/\/api.w.org\/{rel}","templated":true}]}}