{"id":86208,"date":"2024-10-23T14:09:02","date_gmt":"2024-10-23T14:09:02","guid":{"rendered":"https:\/\/www.trendencias.com\/celebrities\/maria-monte-despeja-dudas-adopcion-isa-pantoja-este-mensaje-que-molestara-a-isabel-panoja"},"modified":"2024-10-23T14:09:02","modified_gmt":"2024-10-23T14:09:02","slug":"maria-del-monte-despeja-las-dudas-sobre-la-adopcion-de-isa-pantoja-con-este-mensaje-que-molestara-a-isabel-panoja","status":"publish","type":"post","link":"http:\/\/hoycordobaweb.com\/index.php\/2024\/10\/23\/maria-del-monte-despeja-las-dudas-sobre-la-adopcion-de-isa-pantoja-con-este-mensaje-que-molestara-a-isabel-panoja\/","title":{"rendered":"Mar\u00eda del Monte despeja las dudas sobre la adopci\u00f3n de Isa Pantoja con este mensaje que molestar\u00e1 a Isabel Panoja"},"content":{"rendered":"<p>El drama de Isa P acapara todos los titulares. El pasado viernes, la joven se sent\u00f3 en Telecinco y dej\u00f3 de piedra a media Espa\u00f1a. Costaba creer que las palabras que sal\u00edan por su boca fueran ciertas. \u00bfC\u00f3mo Isabel Pantoja pudo despreciar de tal manera a la ni\u00f1a que adopt\u00f3? <strong>\u00bfC\u00f3mo Agust\u00edn fue capaz de quitarle el habla cuando tan solo ten\u00eda diez a\u00f1os?<\/strong> Al parecer, en Cantora nada resultaba sorprendente.<\/p>\n<p><!-- BREAK 1 --> <\/p>\n<div class=\"article-asset article-asset-normal article-asset-center\">\n<div class=\"desvio-container\">\n<div class=\"desvio\">\n<div class=\"desvio-figure js-desvio-figure\"> <a href=\"https:\/\/www.trendencias.com\/trabajo\/personas-exito-tienen-9-pequenos-habitos-que-practican-todos-dias-para-impulsar-su-desarrollo-personal\"> <img loading=\"lazy\" alt=\"Las personas con m\u00e1s \u00e9xito tienen 9 peque\u00f1os h\u00e1bitos que practican todos los d\u00edas para impulsar su desarrollo personal\" width=\"375\" height=\"142\" src=\"http:\/\/hoycordobaweb.com\/wp-content\/uploads\/2024\/10\/maria-del-monte-despeja-las-dudas-sobre-la-adopcion-de-isa-pantoja-con-este-mensaje-que-molestara-a-isabel-panoja.jpg\"> <\/a> <\/div><\/div><\/div>\n<\/div>\n<p>Por extra\u00f1o que parezca, en la finca que compr\u00f3 Paquirri no imperaban las mismas normas que en el mundo exterior. <strong>All\u00ed se normalizaron ciertos comportamientos que hoy ser\u00edan denunciables<\/strong>. Tal y como relat\u00f3 Isa, siempre se sinti\u00f3 excluida. A la hora de comer, ni siquiera ten\u00eda un plato a su disposici\u00f3n cuando su t\u00edo Agust\u00edn ocupaba la mesa.<\/p>\n<p><!-- BREAK 2 --><\/p>\n<p>Do\u00f1a Ana, la difunta matriarca, jam\u00e1s consider\u00f3 a Isa parte de la familia. Seg\u00fan Kiko Matamoros, <strong>lleg\u00f3 a golpearla en alguna ocasi\u00f3n<\/strong>. No tem\u00eda en despreciar a la peque\u00f1a delante de amigos o visitantes. Isa era invisible para todos. Incluso Kiko Rivera lleg\u00f3 a desear que fuera devuelta su pa\u00eds de origen, tal y como revelaron Las Mellis en &#8216;<a rel=\"noopener, noreferrer\" href=\"https:\/\/www.telecinco.es\/vamos-a-ver\/20241022\/mellis-isabel-pantoja-consentia-vejaciones-hija-isa_18_013790795.html\">Vamos a Ver<\/a>&#8216;.<\/p>\n<p><!-- BREAK 3 --> <\/p>\n<div class=\"article-asset-image article-asset-normal article-asset-center\">\n<div class=\"asset-content\">\n<div class=\"caption-img \"> <img class=\"centro_sinmarco\" height=\"900\" width=\"1200\" loading=\"lazy\" decoding=\"async\" sizes=\"100vw\" fetchpriority=\"high\" srcset=\"http:\/\/hoycordobaweb.com\/wp-content\/uploads\/2024\/10\/maria-del-monte-despeja-las-dudas-sobre-la-adopcion-de-isa-pantoja-con-este-mensaje-que-molestara-a-isabel-panoja-1.jpg 450w, http:\/\/hoycordobaweb.com\/wp-content\/uploads\/2024\/10\/maria-del-monte-despeja-las-dudas-sobre-la-adopcion-de-isa-pantoja-con-este-mensaje-que-molestara-a-isabel-panoja-3.jpg 681w, http:\/\/hoycordobaweb.com\/wp-content\/uploads\/2024\/10\/maria-del-monte-despeja-las-dudas-sobre-la-adopcion-de-isa-pantoja-con-este-mensaje-que-molestara-a-isabel-panoja-4.jpg 1024w, http:\/\/hoycordobaweb.com\/wp-content\/uploads\/2024\/10\/maria-del-monte-despeja-las-dudas-sobre-la-adopcion-de-isa-pantoja-con-este-mensaje-que-molestara-a-isabel-panoja-5.jpg 1366w\" src=\"http:\/\/hoycordobaweb.com\/wp-content\/uploads\/2024\/10\/maria-del-monte-despeja-las-dudas-sobre-la-adopcion-de-isa-pantoja-con-este-mensaje-que-molestara-a-isabel-panoja-1.jpg\" alt=\"Isa Pantoja en Telecinco\"> <noscript><img alt=\"Isa Pantoja en Telecinco\" class=\"centro_sinmarco\" src=\"http:\/\/hoycordobaweb.com\/wp-content\/uploads\/2024\/10\/maria-del-monte-despeja-las-dudas-sobre-la-adopcion-de-isa-pantoja-con-este-mensaje-que-molestara-a-isabel-panoja-1.jpg\"><\/noscript> <span>Isa Pantoja en Telecinco<\/span> <\/div><\/div>\n<\/div>\n<p>Tras el relato de Isa P en Telecinco, alguien importante en esta historia ha alzado la voz. <strong>Mar\u00eda del Monte<\/strong>, la que fuera amigu\u00edsima de Pantoja cuando se produjo la adopci\u00f3n, considera que lo que cuenta Isa \u00abson barbaridades\u00bb. A juzgar por lo que ha contado para &#8216;<a rel=\"noopener, noreferrer\" href=\"https:\/\/www.antena3.com\/programas\/espejo-publico\/\">Espejo P\u00fablico<\/a>&#8216;, es evidente que apoya a la joven.<\/p>\n<p><!-- BREAK 4 --><\/p>\n<p>\u00abHablo porque mi conciencia y mi coraz\u00f3n me lo piden. Si lo que mi ahijada ha contado es as\u00ed\u2026 Me parece una solemne barbaridad. <strong>La quiero, la he querido, y voy a querer toda mi vida, y ella lo sabe<\/strong>\u00ab, contaba al mencionado programa. De este modo, se posiciona junto a su ahijada y condena los supuestos comportamientos de la tonadillera.<\/p>\n<p><!-- BREAK 5 --><\/p>\n<p>Fotos | Telecinco&nbsp;<\/p>\n<p>En Trendencias | <a href=\"https:\/\/www.trendencias.com\/celebrities\/que-fue-arantxa-bustos-reina-tarimas-gandia-shore-que-desaparecio-television\">Qu\u00e9 fue de Arantxa Bustos, la &#8216;reina de las tarimas&#8217; de Gandia Shore que desapareci\u00f3 de la televisi\u00f3n<\/a><\/p>\n<p>En Trendencias | <a href=\"https:\/\/www.trendencias.com\/celebrities\/que-fue-ylenia-padilla-concursante-gandia-shore-gh-vip-que-podria-ir-a-carcel-este-motivo\">Qu\u00e9 fue de Ylenia Padilla, la concursante de &#8216;Gandia Shore&#8217; y &#8216;GH VIP&#8217; que podr\u00eda ir a la c\u00e1rcel por este motivo<\/a><\/p>\n","protected":false},"excerpt":{"rendered":"<p>El drama de Isa P acapara todos los titulares. El pasado viernes, la joven se sent\u00f3 en Telecinco y dej\u00f3 de piedra a media Espa\u00f1a. Costaba creer que las palabras que sal\u00edan por su boca fueran ciertas. \u00bfC\u00f3mo Isabel Pantoja pudo despreciar de tal manera a la ni\u00f1a que adopt\u00f3? \u00bfC\u00f3mo Agust\u00edn fue capaz de [&hellip;]<\/p>\n","protected":false},"author":1,"featured_media":86209,"comment_status":"closed","ping_status":"closed","sticky":false,"template":"","format":"standard","meta":[],"categories":[],"tags":[],"_links":{"self":[{"href":"http:\/\/hoycordobaweb.com\/index.php\/wp-json\/wp\/v2\/posts\/86208"}],"collection":[{"href":"http:\/\/hoycordobaweb.com\/index.php\/wp-json\/wp\/v2\/posts"}],"about":[{"href":"http:\/\/hoycordobaweb.com\/index.php\/wp-json\/wp\/v2\/types\/post"}],"author":[{"embeddable":true,"href":"http:\/\/hoycordobaweb.com\/index.php\/wp-json\/wp\/v2\/users\/1"}],"replies":[{"embeddable":true,"href":"http:\/\/hoycordobaweb.com\/index.php\/wp-json\/wp\/v2\/comments?post=86208"}],"version-history":[{"count":0,"href":"http:\/\/hoycordobaweb.com\/index.php\/wp-json\/wp\/v2\/posts\/86208\/revisions"}],"wp:featuredmedia":[{"embeddable":true,"href":"http:\/\/hoycordobaweb.com\/index.php\/wp-json\/wp\/v2\/media\/86209"}],"wp:attachment":[{"href":"http:\/\/hoycordobaweb.com\/index.php\/wp-json\/wp\/v2\/media?parent=86208"}],"wp:term":[{"taxonomy":"category","embeddable":true,"href":"http:\/\/hoycordobaweb.com\/index.php\/wp-json\/wp\/v2\/categories?post=86208"},{"taxonomy":"post_tag","embeddable":true,"href":"http:\/\/hoycordobaweb.com\/index.php\/wp-json\/wp\/v2\/tags?post=86208"}],"curies":[{"name":"wp","href":"https:\/\/api.w.org\/{rel}","templated":true}]}}