{"id":86200,"date":"2024-10-23T11:14:48","date_gmt":"2024-10-23T11:14:48","guid":{"rendered":"https:\/\/www.mujerhoy.com\/moda\/no-te-pierdas\/mary-dinamarca-viaje-oficial-alemania-blazer-burdeos-look-20241023090406-nt.html"},"modified":"2024-10-23T11:14:48","modified_gmt":"2024-10-23T11:14:48","slug":"mary-de-dinamarca-en-su-viaje-oficial-a-alemania-un-look-impecable-con-el-blazer-burdeos-de-moda","status":"publish","type":"post","link":"http:\/\/hoycordobaweb.com\/index.php\/2024\/10\/23\/mary-de-dinamarca-en-su-viaje-oficial-a-alemania-un-look-impecable-con-el-blazer-burdeos-de-moda\/","title":{"rendered":"Mary de Dinamarca en su viaje oficial a Alemania: un look impecable con el blazer burdeos de moda"},"content":{"rendered":"<p><!-- AUTHOR --> <\/p>\n<div class=\"voc-author-timesocial \"> <!-- AUTHOR --> <\/p>\n<div class=\"voc-author-timesocial__signature \">\n<div class=\"voc-author-timesocial__img-c\"> <!-- IMAGE AUTHOR --> <picture class=\"voc-image-signature\"> <img class=\"voc-image-signature__img\" src=\"http:\/\/hoycordobaweb.com\/wp-content\/uploads\/2024\/10\/mary-de-dinamarca-en-su-viaje-oficial-a-alemania-un-look-impecable-con-el-blazer-burdeos-de-moda.jpg\" alt=\"Carla Dom\u00ednguez\"> <\/picture> <\/div>\n<p> <!-- INFO AUTHOR --> <\/div><\/div>\n<p> <!-- COMPONENTS --> <\/p>\n<p class=\"voc-paragraph\" data-mrf-recirculation=\"Link art\u00edculo\">Los <strong>reyes de Dinamarca<\/strong> se encuentran en Alemania. Un viaje oficial, que no de Estado, en el que los monarcas se han reunido con diferentes personalidades como el presidente Frank-Walter Steinmeier, y su esposa, Elke B\u00fcdenbender, al llegar al pa\u00eds.\n<\/p>\n<p class=\"voc-paragraph\" data-mrf-recirculation=\"Link art\u00edculo\">Pero no ha sido el \u00fanico evento donde hemos visto a los reyes. Mary y Federico han querido pasar por Kiel para degustar algunos platos t\u00edpicos. Luego han ido en ferry hasta <strong>el Centro GEOMAR Helmholtz de Investigaci\u00f3n Oce\u00e1nica.<\/strong> Aunque ambos han aparecido muy elegantes, sin duda, merece especial menci\u00f3n <a data-voc-vtm-id=\"in-text-traffic\" href=\"https:\/\/www.mujerhoy.com\/temas\/personajes\/mary-donaldson.html\" data-mrf-link=\"https:\/\/www.mujerhoy.com\/temas\/personajes\/mary-donaldson.html\">Mary de Dinamarca<\/a> gracias a <a data-voc-vtm-id=\"in-text-traffic\" href=\"https:\/\/www.mujerhoy.com\/moda\/tendencias\/blazer-burdeos-chaqueta-tendencia-temporada-otono-20240926111410-nt.html\" data-mrf-link=\"https:\/\/www.mujerhoy.com\/moda\/tendencias\/blazer-burdeos-chaqueta-tendencia-temporada-otono-20240926111410-nt.html\">su blazer en burdeos.<\/a>\n<\/p>\n<p class=\"voc-paragraph\" data-mrf-recirculation=\"Link art\u00edculo\">De nuevo, vemos a una Mary de Dinamarca sonriente. Despu\u00e9s de unos meses algo agitados, <strong>la monarca vuelve a estar en su mejor momento<\/strong> y as\u00ed se le nota en todas sus \u00faltimas apariciones. As\u00ed lo hemos vuelto a ver en su visita a Alemania junto a su marido.\n<\/p>\n<p class=\"voc-paragraph\" data-mrf-recirculation=\"Link art\u00edculo\">En su primer d\u00eda, Mary recuper\u00f3 un elegante conjunto en color beis y azul celeste. <strong>Un look muy sofisticado<\/strong> con una falda de tubo firmado por Emilia Wickstead, una de las dise\u00f1adoras favoritas de las royals brit\u00e1nicas como Kate Middleton y la duquesa de Edimburgo.\n<\/p>\n<p class=\"voc-paragraph\" data-mrf-recirculation=\"Link art\u00edculo\">Para la parte superior, la monarca quiso a\u00f1adir una blusa en color celeste, abrigo y diadema a juego. Sin embargo, la australiana <strong>ha querido lucir un look m\u00e1s oto\u00f1al<\/strong> en su segundo d\u00eda de visita en Alemania con uno de sus colores favoritos.\n<\/p>\n<div class=\"voc-detail-photo-zoom\"> <picture data-toggle=\"modal\" data-target=\"#photoZoomModal-505\" target=\"modal\">\n<div class=\"voc-img-icon-link\"> <img loading=\"lazy\" src=\"http:\/\/hoycordobaweb.com\/wp-content\/uploads\/2024\/10\/mary-de-dinamarca-en-su-viaje-oficial-a-alemania-un-look-impecable-con-el-blazer-burdeos-de-moda.webp\" width=\"650\" height=\"900\" alt=\"Mary de Dinamarca con blazer burdeos. Foto: Gtres.\"> <noscript> <img src=\"http:\/\/hoycordobaweb.com\/wp-content\/uploads\/2024\/10\/mary-de-dinamarca-en-su-viaje-oficial-a-alemania-un-look-impecable-con-el-blazer-burdeos-de-moda.webp\" alt=\"Mary de Dinamarca con blazer burdeos. Foto: Gtres.\"> <\/noscript> <i class=\"voc-icons zoom voc-multimedia-box voc-ico-l\"><\/i> <\/div><figcaption class=\"figure-caption\">Mary de Dinamarca con blazer burdeos. Foto: Gtres.<\/figcaption><\/picture>\n<\/div>\n<div id=\"photoZoomModal-505\" class=\"voc-lightbox modal fade voc-lightbox--photo-zoom\" role=\"dialog\" data-voc-photozoom-lightbox>\n<div class=\"voc-lightbox__dialog\" role=\"document\">\n<div class=\"voc-lightbox__content\"> <!-- Modal header --> <!-- Modal content --> <\/p>\n<div class=\"voc-lightbox__photo-container\"> <picture class> <img loading=\"lazy\" src=\"http:\/\/hoycordobaweb.com\/wp-content\/uploads\/2024\/10\/mary-de-dinamarca-en-su-viaje-oficial-a-alemania-un-look-impecable-con-el-blazer-burdeos-de-moda.webp\" alt=\"Mary de Dinamarca con blazer burdeos. Foto: Gtres.\"> <noscript> <img src=\"http:\/\/hoycordobaweb.com\/wp-content\/uploads\/2024\/10\/mary-de-dinamarca-en-su-viaje-oficial-a-alemania-un-look-impecable-con-el-blazer-burdeos-de-moda.webp\" alt=\"Mary de Dinamarca con blazer burdeos. Foto: Gtres.\"> <\/noscript> <\/picture> <\/div><\/div><\/div>\n<\/div>\n<p class=\"voc-paragraph\" data-mrf-recirculation=\"Link art\u00edculo\">Mary de Dinamarca sabe que los estilismos oto\u00f1ales van ganando terreno en el armario. Por eso, para su \u00faltimo acto, ha vuelto a confiar en el poder de una <strong>chaqueta burdeos.<\/strong> Hace unas semanas tambi\u00e9n la ve\u00edamos con un blazer similar pero combinado a modo de total look,\n<\/p>\n<p class=\"voc-paragraph\" data-mrf-recirculation=\"Link art\u00edculo\">En esta ocasi\u00f3n, en lugar de optar por lo sencillo, se ha querido atrever mezclando tonalidades y estampados. La mujer de Federico X ha querido combinar este <strong>m\u00edtico blazer en burdeos<\/strong> con una blusa de algod\u00f3n con estampado floral y cuello mao.\n<\/p>\n<div class=\"voc-detail-photo-zoom\"> <picture data-toggle=\"modal\" data-target=\"#photoZoomModal-550\" target=\"modal\">\n<div class=\"voc-img-icon-link\"> <img loading=\"lazy\" src=\"http:\/\/hoycordobaweb.com\/wp-content\/uploads\/2024\/10\/mary-de-dinamarca-en-su-viaje-oficial-a-alemania-un-look-impecable-con-el-blazer-burdeos-de-moda-1.webp\" width=\"650\" height=\"900\" alt=\"Mary de Dinamarca con blazer burdeos y blusa con estampado de flores. Foto: Gtres.\"> <noscript> <img src=\"http:\/\/hoycordobaweb.com\/wp-content\/uploads\/2024\/10\/mary-de-dinamarca-en-su-viaje-oficial-a-alemania-un-look-impecable-con-el-blazer-burdeos-de-moda-1.webp\" alt=\"Mary de Dinamarca con blazer burdeos y blusa con estampado de flores. Foto: Gtres.\"> <\/noscript> <i class=\"voc-icons zoom voc-multimedia-box voc-ico-l\"><\/i> <\/div><figcaption class=\"figure-caption\">Mary de Dinamarca con blazer burdeos y blusa con estampado de flores. Foto: Gtres.<\/figcaption><\/picture>\n<\/div>\n<div id=\"photoZoomModal-550\" class=\"voc-lightbox modal fade voc-lightbox--photo-zoom\" role=\"dialog\" data-voc-photozoom-lightbox>\n<div class=\"voc-lightbox__dialog\" role=\"document\">\n<div class=\"voc-lightbox__content\"> <!-- Modal header --> <!-- Modal content --> <\/p>\n<div class=\"voc-lightbox__photo-container\"> <picture class> <img loading=\"lazy\" src=\"http:\/\/hoycordobaweb.com\/wp-content\/uploads\/2024\/10\/mary-de-dinamarca-en-su-viaje-oficial-a-alemania-un-look-impecable-con-el-blazer-burdeos-de-moda-1.webp\" alt=\"Mary de Dinamarca con blazer burdeos y blusa con estampado de flores. Foto: Gtres.\"> <noscript> <img src=\"http:\/\/hoycordobaweb.com\/wp-content\/uploads\/2024\/10\/mary-de-dinamarca-en-su-viaje-oficial-a-alemania-un-look-impecable-con-el-blazer-burdeos-de-moda-1.webp\" alt=\"Mary de Dinamarca con blazer burdeos y blusa con estampado de flores. Foto: Gtres.\"> <\/noscript> <\/picture> <\/div><\/div><\/div>\n<\/div>\n<p class=\"voc-paragraph\" data-mrf-recirculation=\"Link art\u00edculo\">Es una blusa que suelen llevar muchas francesas y que aporta un estilo rom\u00e1tico al look. Se trata de <strong>una blusa de la firma ME+EM.<\/strong> En cuanto al resto del look, la monarca apost\u00f3 por unos pantalones de corte recto en color rojo de la marca The Fold.\n<\/p>\n<p class=\"voc-paragraph\" data-mrf-recirculation=\"Link art\u00edculo\">En cuanto a complementos, <strong>Mary incorpor\u00f3 al look un bolso de mano en color marr\u00f3n a juego con los zapatos de tac\u00f3n<\/strong>, para darle un poco de luz al estilismo. Y por \u00faltimo, una gabardina. Una chaqueta que se puso Mary al terminar el acto, ya que debido a las bajas temperaturas, no era suficiente con el blazer.\n<\/p>\n<p> <!-- TOPICS --> <\/p>\n","protected":false},"excerpt":{"rendered":"<p>Los reyes de Dinamarca se encuentran en Alemania. Un viaje oficial, que no de Estado, en el que los monarcas se han reunido con diferentes personalidades como el presidente Frank-Walter Steinmeier, y su esposa, Elke B\u00fcdenbender, al llegar al pa\u00eds. Pero no ha sido el \u00fanico evento donde hemos visto a los reyes. Mary y [&hellip;]<\/p>\n","protected":false},"author":1,"featured_media":86201,"comment_status":"closed","ping_status":"closed","sticky":false,"template":"","format":"standard","meta":[],"categories":[],"tags":[],"_links":{"self":[{"href":"http:\/\/hoycordobaweb.com\/index.php\/wp-json\/wp\/v2\/posts\/86200"}],"collection":[{"href":"http:\/\/hoycordobaweb.com\/index.php\/wp-json\/wp\/v2\/posts"}],"about":[{"href":"http:\/\/hoycordobaweb.com\/index.php\/wp-json\/wp\/v2\/types\/post"}],"author":[{"embeddable":true,"href":"http:\/\/hoycordobaweb.com\/index.php\/wp-json\/wp\/v2\/users\/1"}],"replies":[{"embeddable":true,"href":"http:\/\/hoycordobaweb.com\/index.php\/wp-json\/wp\/v2\/comments?post=86200"}],"version-history":[{"count":0,"href":"http:\/\/hoycordobaweb.com\/index.php\/wp-json\/wp\/v2\/posts\/86200\/revisions"}],"wp:featuredmedia":[{"embeddable":true,"href":"http:\/\/hoycordobaweb.com\/index.php\/wp-json\/wp\/v2\/media\/86201"}],"wp:attachment":[{"href":"http:\/\/hoycordobaweb.com\/index.php\/wp-json\/wp\/v2\/media?parent=86200"}],"wp:term":[{"taxonomy":"category","embeddable":true,"href":"http:\/\/hoycordobaweb.com\/index.php\/wp-json\/wp\/v2\/categories?post=86200"},{"taxonomy":"post_tag","embeddable":true,"href":"http:\/\/hoycordobaweb.com\/index.php\/wp-json\/wp\/v2\/tags?post=86200"}],"curies":[{"name":"wp","href":"https:\/\/api.w.org\/{rel}","templated":true}]}}