{"id":86194,"date":"2024-10-22T14:55:04","date_gmt":"2024-10-22T14:55:04","guid":{"rendered":"https:\/\/www.ole.com.ar\/internacional\/america\/jorge-valdivia-agresion-sexual-chile_0_qEQMzIiZvA.html"},"modified":"2024-10-22T14:55:04","modified_gmt":"2024-10-22T14:55:04","slug":"escandalo-en-chile-jorge-valdivia-fue-detenido-por-una-presunta-agresion-sexual","status":"publish","type":"post","link":"http:\/\/hoycordobaweb.com\/index.php\/2024\/10\/22\/escandalo-en-chile-jorge-valdivia-fue-detenido-por-una-presunta-agresion-sexual\/","title":{"rendered":"Esc\u00e1ndalo en Chile: Jorge Valdivia fue detenido por una presunta agresi\u00f3n sexual"},"content":{"rendered":"<p><img src=\"http:\/\/hoycordobaweb.com\/wp-content\/uploads\/2024\/10\/escandalo-en-chile-jorge-valdivia-fue-detenido-por-una-presunta-agresion-sexual.jpg\"><\/p>\n<p><time class=\"createDate\" datetime=\"2024-10-22T11:55:04-03:00\">22\/10\/2024 11:55hs.<\/time><\/p>\n<div id=\"storyBody\">\n<div class=\"custom-text \" readability=\"35.156583629893\">\n<p><strong><a href=\"https:\/\/www.ole.com.ar\/tema\/jorge-valdivia.html\" title=\"Jorge Valdivia\" alt=\"Jorge Valdivia\" class=\"slug\">Jorge Valdivia<\/a><\/strong>, reconocido ex jugador de la selecci\u00f3n de <strong>Chile<\/strong>, fue detenido en su pa\u00eds por un presunto <strong>abuso sexual<\/strong>. Seg\u00fan relat\u00f3 la mujer que radic\u00f3 la denuncia ante las autoridades del Servicio M\u00e9dico Legal, el hecho habr\u00eda ocurrido el domingo 20 de octubre por la noche. <\/p>\n<\/div>\n<div class=\"custom-text \" readability=\"36\">\n<p>El ex jugador <strong>se encuentra detenido<\/strong> en la 33\u1d43 Comisar\u00eda de \u00d1u\u00f1oa y qued\u00f3 a disposici\u00f3n de la Justicia. \u00ab<strong>En horas de esta tarde la fiscal\u00eda de Flagrancia recibi\u00f3 denuncia<\/strong> por delito sexual. Est\u00e1 siendo investigado y con diligencia en desarrollo. Por protecci\u00f3n a la v\u00edctima no daremos m\u00e1s antecedentes\u00bb, aseguraron quienes tomaron el caso.<\/p>\n<\/div>\n<div class=\"sc-e7b891c4-0 ifHnQL\"><img alt=\"Jorge Valdivia fue denunciado por abuso sexual (jorgitovaldivia)\" loading=\"lazy\" width=\"720\" height=\"100\" decoding=\"async\" data-nimg=\"1\" src=\"http:\/\/hoycordobaweb.com\/wp-content\/uploads\/2024\/10\/escandalo-en-chile-jorge-valdivia-fue-detenido-por-una-presunta-agresion-sexual-2.jpg\"><span class=\"epigraphe\">Jorge Valdivia fue denunciado por abuso sexual (jorgitovaldivia)<\/span><\/div>\n<p><h2>\u00bfQu\u00e9 se sabe de la denuncia contra Jorge Valdivia? <\/h2>\n<\/p>\n<div class=\"custom-text \" readability=\"35.932692307692\">\n<p>La denunciante de Jorge Valdivia es una<strong> mujer que trabaja como tatuadora<\/strong>. Seg\u00fan su testimonio, la noche del domingo 20 de octubre <strong>se reuni\u00f3 con el chileno<\/strong> en el restaurante Chicha en Aj\u00ed (ubicado en Manuel Montt, Providencia)<strong> para discutir el dise\u00f1o de un futuro tatuaje <\/strong>que el ex <strong><a href=\"https:\/\/www.ole.com.ar\/tema\/palmeiras.html\" title=\"Palmeiras\" alt=\"Palmeiras\" class=\"slug\">Palmeiras<\/a> <\/strong>iba a realizarse.<\/p>\n<\/div>\n<div class=\"custom-text \" readability=\"41\">\n<p>Sin embargo, la v\u00edctima asegur\u00f3 que comenzaron a ingerir alcohol y, luego de algunas copas, <strong>perdi\u00f3 la consciencia<\/strong>. Al d\u00eda siguiente, seg\u00fan relata, <strong>se despert\u00f3 en su departamento sin recordar como hab\u00eda llegado ah\u00ed con dolor genital<\/strong>. Al sentirse en mal estado, llam\u00f3 a Valdivia y este <strong>le confirm\u00f3 que mantuvieron relaciones sexuales<\/strong>.<\/p>\n<\/div>\n<div type=\"embed\" class=\"sc-3f46f5ae-0 djVTgz\">\n<div class=\"sc-3f46f5ae-1 fTjZec videoText\" id=\"contentTitleembedS8x1NkDT\" type=\"embed\"><svg fill=\"#ffffff\"><symbol id=\"play\" viewBox=\"0 0 512 512\"><path d=\"M512 256C512 397.4 397.4 512 256 512C114.6 512 0 397.4 0 256C0 114.6 114.6 0 256 0C397.4 0 512 114.6 512 256zM176 168V344C176 352.7 180.7 360.7 188.3 364.9C195.8 369.2 205.1 369 212.5 364.5L356.5 276.5C363.6 272.1 368 264.4 368 256C368 247.6 363.6 239.9 356.5 235.5L212.5 147.5C205.1 142.1 195.8 142.8 188.3 147.1C180.7 151.3 176 159.3 176 168V168z\" \/><\/symbol><use xlink:href=\"#play\" \/><\/svg><\/p>\n<div class=\"right\">\n<p>Jorge Valdivia<!-- --> &#8211;<!-- --> <span>&nbsp;<\/span><\/p>\n<h2 class=\"title-vid\">As\u00ed se anunci\u00f3 en Chile la detenci\u00f3n de Jorge Valdivia.<\/h2>\n<\/div>\n<\/div>\n<p><span class=\"back\" id=\"spanBackembedS8x1NkDT\"><\/span><\/div>\n<div class=\"custom-text \" readability=\"40\">\n<p>Acto seguido, la tatuadora declar\u00f3 que revis\u00f3 las c\u00e1maras de su edificio,<strong> confirmando que lleg\u00f3 a su domicilio con el ex 10 de la selecci\u00f3n de Chile<\/strong>. Luego de haber recopilado todas las pruebas, la mujer present\u00f3 la respectiva denuncia. Ya frente a las autoridades, la Fiscal\u00eda Oriente le pidi\u00f3 que se sometiera a ex\u00e1menes sexol\u00f3gicos, toxicol\u00f3gicos y de alcoholemia en el Servicio M\u00e9dico Legal para cumplir con el protocolo que se realiza en este tipo de casos.<\/p>\n<\/div>\n<p><h2><strong>\u00bfQu\u00e9 dijo Jorge Valdivia sobre la denuncia de abuso sexual?<\/strong><\/h2>\n<\/p>\n<div class=\"custom-text \" readability=\"40\">\n<p>Luego de conocerse la denuncia, Jorge <strong>Valdivia env\u00edo un comunicado a la radio B\u00edo B\u00edo<\/strong>, donde no niega haber mantenido relaciones con la v\u00edctima, pero asegura que fue consensuado. \u00abDesconozco las motivaciones de esa acci\u00f3n, <strong>pero niego tajantemente haber agredido sexualmente a ninguna persona<\/strong>\u00ab, asegur\u00f3.<\/p>\n<\/div>\n<div class=\"custom-text \" readability=\"35\">\n<p>Segundos despu\u00e9s, ampli\u00f3: \u00ab<strong>Yo mantuve una relaci\u00f3n consensuada con una mujer adulta<\/strong>. Voy a ponerme a disposici\u00f3n del Ministerio P\u00fablico ma\u00f1ana a primera hora. <strong>Pido prudencia <\/strong>y resguardar mi derecho a la presunci\u00f3n de inocencia\u00bb.<\/p>\n<\/div>\n<div class=\"sc-e7b891c4-0 ifHnQL\"><img alt=\"Valdivia otra vez envuelto en pol\u00e9micas. (AP)\" loading=\"lazy\" width=\"720\" height=\"100\" decoding=\"async\" data-nimg=\"1\" src=\"http:\/\/hoycordobaweb.com\/wp-content\/uploads\/2024\/10\/escandalo-en-chile-jorge-valdivia-fue-detenido-por-una-presunta-agresion-sexual-3.jpg\"><span class=\"epigraphe\">Valdivia otra vez envuelto en pol\u00e9micas. (AP)<\/span><\/div>\n<p><h2>Los n\u00fameros de Jorge Valdivia a lo largo de su carrera<\/h2>\n<\/p>\n<div class=\"custom-text \" readability=\"37.784615384615\">\n<p>Jorge Valdivia fue uno de los integrantes de la <strong>Generaci\u00f3n dorada<\/strong> que llev\u00f3 a <strong><a href=\"https:\/\/www.ole.com.ar\/tema\/seleccion-de-chile.html\" title=\"Selecci\u00f3n de Chile\" alt=\"Selecci\u00f3n de Chile\" class=\"slug\">Chile<\/a> <\/strong>a ganar la <strong><a href=\"https:\/\/www.ole.com.ar\/tema\/copa-america.html\" title=\"Copa America\" alt=\"Copa America\" class=\"slug\">Copa Am\u00e9rica<\/a><\/strong> de 2015 y la Centenario de 2016. Desarroll\u00f3 parte importante de su carrera en Colo Colo, pero tambi\u00e9n jug\u00f3 en equipos como <strong>Palmeiras, Al-Ain y Al-Wahda, Monarcas, Maztl\u00e1n y Necaxa <\/strong>y <strong>Rayo Vallecano<\/strong>, entre otros.<\/p>\n<\/div>\n<div class=\"custom-text \" readability=\"36\">\n<p><strong>Se retir\u00f3 del f\u00fatbol profesional en julio de 2022<\/strong>. Desde entonces se dedic\u00f3 a ser comentarista deportivo en <strong>ADN radio <\/strong>y <strong>ESPN<\/strong>. Sin embargo, luego de esta denuncia, ambos medios decidieron suspenderlo de manera indefinida.<\/p>\n<\/div>\n<div class=\"sc-e7b891c4-0 ifHnQL\"><img alt=\"Valdivia enfrentando a Messi en la Copa Am\u00e9rica 2015. (REUTERS)\" loading=\"lazy\" width=\"720\" height=\"100\" decoding=\"async\" data-nimg=\"1\" src=\"http:\/\/hoycordobaweb.com\/wp-content\/uploads\/2024\/10\/escandalo-en-chile-jorge-valdivia-fue-detenido-por-una-presunta-agresion-sexual-4.jpg\"><span class=\"epigraphe\">Valdivia enfrentando a Messi en la Copa Am\u00e9rica 2015. (REUTERS)<\/span><\/div>\n<p><h2><strong>Jorge Valdivia tiene antecedentes y denuncias previas <\/strong><\/h2>\n<\/p>\n<div class=\"custom-text \" readability=\"37\">\n<p>Desde su retiro, el Mago <strong>tuvo varios problemas fuera del \u00e1mbito deportivo<\/strong>. En febrero de 2023 tuvo un conflicto con su ex esposa, <strong>Daniela Ar\u00e1nguiz<\/strong>, en plena v\u00eda p\u00fablica. Ambos mantuvieron una fuerte discusi\u00f3n que termin\u00f3 con <strong>la mujer agrediendo al ex jugador<\/strong>. <\/p>\n<\/div>\n<div class=\"custom-text \" readability=\"34\">\n<p>Otra importante fue en septiembre de 2024, cuando en compa\u00f1\u00eda de su hermano protagoniz\u00f3 un incidente en un local nocturno y<strong> fue acusado de supuesta agresi\u00f3n f\u00edsica y xen\u00f3foba contra una mujer<\/strong>.<\/p>\n<\/div>\n<div class=\"sc-a7166897-0 eoLsBE\" readability=\"6.5\">\n<section readability=\"3\"><picture><img alt=\"Hinchas de River fueron atacados por pares de Atl\u00e9tico Mineiro antes del duelo por Libertadores\" loading=\"lazy\" width=\"290\" height=\"290\" decoding=\"async\" data-nimg=\"1\" src=\"http:\/\/hoycordobaweb.com\/wp-content\/uploads\/2024\/10\/escandalo-en-chile-jorge-valdivia-fue-detenido-por-una-presunta-agresion-sexual-5.jpg\"><\/picture>\n<p><span>Mir\u00e1 tambi\u00e9n<\/span><\/p>\n<hr>\n<h3>Hinchas de River fueron atacados por pares de Atl\u00e9tico Mineiro antes del duelo por Libertadores<\/h3>\n<\/p>\n<\/section>\n<\/div>\n<div class=\"sc-a7166897-0 eoLsBE\" readability=\"6\">\n<section readability=\"2\"><picture><img alt=\"El c\u00e1lido saludo de la selecci\u00f3n brasile\u00f1a por el regreso de Neymar\" loading=\"lazy\" width=\"290\" height=\"290\" decoding=\"async\" data-nimg=\"1\" src=\"http:\/\/hoycordobaweb.com\/wp-content\/uploads\/2024\/10\/escandalo-en-chile-jorge-valdivia-fue-detenido-por-una-presunta-agresion-sexual-6.jpg\"><\/picture>\n<p><span>Mir\u00e1 tambi\u00e9n<\/span><\/p>\n<hr>\n<h3>El c\u00e1lido saludo de la selecci\u00f3n brasile\u00f1a por el regreso de Neymar<\/h3>\n<\/p>\n<\/section>\n<\/div>\n<div class=\"sc-a7166897-0 eoLsBE\" readability=\"6\">\n<section readability=\"2\"><picture><img alt=\"El motivo por el que Lionel Messi lanz\u00f3 una alianza con Bad Bunny\" loading=\"lazy\" width=\"290\" height=\"290\" decoding=\"async\" data-nimg=\"1\" src=\"http:\/\/hoycordobaweb.com\/wp-content\/uploads\/2024\/10\/escandalo-en-chile-jorge-valdivia-fue-detenido-por-una-presunta-agresion-sexual-7.jpg\"><\/picture>\n<p><span>Mir\u00e1 tambi\u00e9n<\/span><\/p>\n<hr>\n<h3>El motivo por el que Lionel Messi lanz\u00f3 una alianza con Bad Bunny<\/h3>\n<\/p>\n<\/section>\n<\/div>\n<\/div>\n","protected":false},"excerpt":{"rendered":"<p>22\/10\/2024 11:55hs. Jorge Valdivia, reconocido ex jugador de la selecci\u00f3n de Chile, fue detenido en su pa\u00eds por un presunto abuso sexual. Seg\u00fan relat\u00f3 la mujer que radic\u00f3 la denuncia ante las autoridades del Servicio M\u00e9dico Legal, el hecho habr\u00eda ocurrido el domingo 20 de octubre por la noche. El ex jugador se encuentra detenido [&hellip;]<\/p>\n","protected":false},"author":1,"featured_media":86195,"comment_status":"open","ping_status":"closed","sticky":false,"template":"","format":"standard","meta":[],"categories":[16],"tags":[],"_links":{"self":[{"href":"http:\/\/hoycordobaweb.com\/index.php\/wp-json\/wp\/v2\/posts\/86194"}],"collection":[{"href":"http:\/\/hoycordobaweb.com\/index.php\/wp-json\/wp\/v2\/posts"}],"about":[{"href":"http:\/\/hoycordobaweb.com\/index.php\/wp-json\/wp\/v2\/types\/post"}],"author":[{"embeddable":true,"href":"http:\/\/hoycordobaweb.com\/index.php\/wp-json\/wp\/v2\/users\/1"}],"replies":[{"embeddable":true,"href":"http:\/\/hoycordobaweb.com\/index.php\/wp-json\/wp\/v2\/comments?post=86194"}],"version-history":[{"count":0,"href":"http:\/\/hoycordobaweb.com\/index.php\/wp-json\/wp\/v2\/posts\/86194\/revisions"}],"wp:featuredmedia":[{"embeddable":true,"href":"http:\/\/hoycordobaweb.com\/index.php\/wp-json\/wp\/v2\/media\/86195"}],"wp:attachment":[{"href":"http:\/\/hoycordobaweb.com\/index.php\/wp-json\/wp\/v2\/media?parent=86194"}],"wp:term":[{"taxonomy":"category","embeddable":true,"href":"http:\/\/hoycordobaweb.com\/index.php\/wp-json\/wp\/v2\/categories?post=86194"},{"taxonomy":"post_tag","embeddable":true,"href":"http:\/\/hoycordobaweb.com\/index.php\/wp-json\/wp\/v2\/tags?post=86194"}],"curies":[{"name":"wp","href":"https:\/\/api.w.org\/{rel}","templated":true}]}}