{"id":86186,"date":"2024-10-22T15:45:32","date_gmt":"2024-10-22T15:45:32","guid":{"rendered":"https:\/\/www.ole.com.ar\/equipos\/lanus\/bruno-cabrera-titular-copa-sudamericana-cruzeiro-eduardo-salvio-lesion_0_wYJ8YQj2eX.html"},"modified":"2024-10-22T15:45:32","modified_gmt":"2024-10-22T15:45:32","slug":"la-sorpresa-que-zielinski-puede-incluir-en-el-xi-de-lanus-frente-a-cruzeiro","status":"publish","type":"post","link":"http:\/\/hoycordobaweb.com\/index.php\/2024\/10\/22\/la-sorpresa-que-zielinski-puede-incluir-en-el-xi-de-lanus-frente-a-cruzeiro\/","title":{"rendered":"La sorpresa que Zielinski puede incluir en el XI de Lan\u00fas frente a Cruzeiro"},"content":{"rendered":"<p><img src=\"http:\/\/hoycordobaweb.com\/wp-content\/uploads\/2024\/10\/la-sorpresa-que-zielinski-puede-incluir-en-el-xi-de-lanus-frente-a-cruzeiro.jpg\"><\/p>\n<p><time class=\"createDate\" datetime=\"2024-10-22T12:45:32-03:00\">22\/10\/2024 12:45hs.<\/time><\/p>\n<div id=\"storyBody\">\n<div class=\"custom-text \" readability=\"35.883777239709\">\n<p>Cada vez falta menos para definir los finalistas de la<strong><a href=\"https:\/\/www.ole.com.ar\/tema\/copa-sudamericana.html\" title=\"Copa Sudamericana\" alt=\"Copa Sudamericana\" class=\"slug\">Copa Sudamericana<\/a><\/strong>, y <strong><a href=\"https:\/\/www.ole.com.ar\/tema\/lanus.html\" title=\"Lan\u00fas\" alt=\"Lan\u00fas\" class=\"slug\">Lan\u00fas <\/a><\/strong>jugar\u00e1 este mi\u00e9rcoles el primer partido de semifinales a partir de las 19. El rival ser\u00e1 el Cruzeiro y el Estadio Mineirao ser\u00e1 el testigo de la cita. El Granate viaj\u00f3 a Belo Horizonte con una posible formaci\u00f3n titular y un jugador de Inferiores, casi afuera de los planes de Ricardo Zielinski, puede estar desde el arranque.<\/p>\n<\/div>\n<div class=\"custom-text \" readability=\"38\">\n<p><strong>Se trata de Bruno Cabrera<\/strong>. Debut\u00f3 el lunes 20 de mayo del 2024 cuando el conjunto del Sur del Gran Buenos Aires 1-1 ante San Lorenzo en condici\u00f3n de visitante por la segunda fecha de la Liga de F\u00fatbol Profesional. Desde ah\u00ed ingres\u00f3 como suplente frente a Estudiantes cuatro d\u00edas despu\u00e9s, y el 2 de mayo se fractur\u00f3 el tobillo izquierdo contra Central en Rosario. <strong>En aquel duelo ingres\u00f3 a los 21&#8242; de la segunda mitad en lugar de Augusto Lotti y cinco minutos despu\u00e9s, en una disputa de pelota con Tom\u00e1s O&#8217;Connor, cay\u00f3 al piso para salir lesionado.<\/strong><\/p>\n<\/div>\n<div type=\"embed\" class=\"sc-3f46f5ae-0 djVTgz\">\n<div class=\"sc-3f46f5ae-1 fTjZec videoText\" id=\"contentTitleembed9njeQVEJ\" type=\"embed\"><svg fill=\"#ffffff\"><symbol id=\"play\" viewBox=\"0 0 512 512\"><path d=\"M512 256C512 397.4 397.4 512 256 512C114.6 512 0 397.4 0 256C0 114.6 114.6 0 256 0C397.4 0 512 114.6 512 256zM176 168V344C176 352.7 180.7 360.7 188.3 364.9C195.8 369.2 205.1 369 212.5 364.5L356.5 276.5C363.6 272.1 368 264.4 368 256C368 247.6 363.6 239.9 356.5 235.5L212.5 147.5C205.1 142.1 195.8 142.8 188.3 147.1C180.7 151.3 176 159.3 176 168V168z\" \/><\/symbol><use xlink:href=\"#play\" \/><\/svg><\/p>\n<div class=\"right\">\n<p>Lan\u00fas<!-- --> &#8211;<!-- --> <span>&nbsp;<\/span><\/p>\n<h2 class=\"title-vid\">As\u00ed se fractur\u00f3 Bruno Cabrera<\/h2>\n<\/div>\n<\/div>\n<p><span class=\"back\" id=\"spanBackembed9njeQVEJ\"><\/span><\/div>\n<div class=\"custom-text \" readability=\"36\">\n<p>Tuvo que esperar hasta la fecha 17 contra Newell&#8217;s para volver a ser convocado por el torneo local pero no pis\u00f3 el terreno de juego y lo mismo sucedi\u00f3 con Independiente. Adem\u00e1s, estuvo en el banco frente a Independiente Medell\u00edn en Colombia en los cuartos de final de vuelta. Hab\u00eda debutado en Sudamericana en la \u00faltima fecha de la fase de grupos contra el Cuiab\u00e1 el 29 de mayo en la derrota por 1-0.<\/p>\n<\/div>\n<div class=\"custom-text \" readability=\"33\">\n<p>La posible inclusi\u00f3n de Cabrera en el equipo se debe a que Eduardo Salvio evidenci\u00f3 una molestia muscular luego del partido frente al Rojo.<\/p>\n<\/div>\n<div class=\"sc-e7b891c4-0 ifHnQL\"><img alt=\"Cabrera en su debut frente a San Lorenzo.\n@clublanusoficial\" loading=\"lazy\" width=\"720\" height=\"100\" decoding=\"async\" data-nimg=\"1\" src=\"http:\/\/hoycordobaweb.com\/wp-content\/uploads\/2024\/10\/la-sorpresa-que-zielinski-puede-incluir-en-el-xi-de-lanus-frente-a-cruzeiro-2.jpg\"><span class=\"epigraphe\">Cabrera en su debut frente a San Lorenzo.<br \/>\n@clublanusoficial<\/span><\/div>\n<p><h2><strong>La posible formaci\u00f3n titular de Lan\u00fas vs. Cruzeiro<\/strong><\/h2>\n<\/p>\n<div class=\"custom-text \" readability=\"36\">\n<p>Nahuel Losada: Juan Jos\u00e9 C\u00e1ceres, Carlos Izquierdoz, Gonzalo P\u00e9rez y Julio Soler; Felipe Pe\u00f1a Biafore y Luciano Boggio; Bruno Cabrera, Marcelino Moreno y Ramiro Carrera; Walter Bou.<\/p>\n<\/div>\n<p><h2><strong>La lista de lesionados del Granate<\/strong><\/h2>\n<\/p>\n<div class=\"custom-text \" readability=\"32.859712230216\">\n<p><strong>El equipo dirigido por <a href=\"https:\/\/www.ole.com.ar\/tema\/ricardo-zielinski.html\" title=\"Ricardo Zielinski\" alt=\"Ricardo Zielinski\" class=\"slug\">Ricardo Zielinski<\/a> sufre un gran dolor de cabeza y son los lesionados (adem\u00e1s de los nueve partidos sin ganar)<\/strong>. Uno de ellos es <strong>Nicol\u00e1s Morgantini, <\/strong>quien sufri\u00f3 la rotura del tend\u00f3n de Aquiles derecho en la igualdad sin goles ante Gimnasia de La Plata.<\/p>\n<\/div>\n<div class=\"custom-text \" readability=\"37\">\n<p><strong>Ra\u00fal Loaiza<\/strong> es otro que se hab\u00eda sumado a la enfermer\u00eda granate. El colombiano sufri\u00f3 la rotura de ligamento cruzado anterior de la rodilla derecha en el partido frente al DIM en Medell\u00edn, donde Lan\u00fas asegur\u00f3 la clasificaci\u00f3n a semifinales de Sudamericana. <strong>La recuperaci\u00f3n llevar\u00e1 varios meses, lo que marca que reci\u00e9n en abril del 2025 estar\u00e1 nuevamente a la par de sus compa\u00f1eros<\/strong>.<\/p>\n<\/div>\n<div class=\"custom-text \" readability=\"39\">\n<p>Ezequiel Mu\u00f1oz es otro involucrado. \u00ab<strong>Sufri\u00f3 una ruptura de menisco interno de la rodilla izquierda, de resoluci\u00f3n quir\u00fargica<\/strong>\u00ab, hab\u00eda comunicado el club en redes sociales. El defensor no podr\u00e1 jugar por un m\u00ednimo de dos meses, por lo que no podr\u00eda estar presente en una eventual final de la Sudamericana, programada para el 23 de noviembre en Asunci\u00f3n.<\/p>\n<\/div>\n<div class=\"custom-text \" readability=\"36\">\n<p>Abel Luciatti, Nery Dom\u00ednguez, Leonardo Jara y Eduardo Salvio, tambi\u00e9n ser\u00e1n bajas frente al Cruzeiro.<\/p>\n<\/div>\n<div class=\"sc-a7166897-0 eoLsBE\" readability=\"6\">\n<section readability=\"2\"><picture><img alt=\"La estad\u00edstica que posiciona a Senesi entre los mejores de Europa\" loading=\"lazy\" width=\"290\" height=\"290\" decoding=\"async\" data-nimg=\"1\" src=\"http:\/\/hoycordobaweb.com\/wp-content\/uploads\/2024\/10\/la-sorpresa-que-zielinski-puede-incluir-en-el-xi-de-lanus-frente-a-cruzeiro-3.jpg\"><\/picture>\n<p><span>Mir\u00e1 tambi\u00e9n<\/span><\/p>\n<hr>\n<h3>La estad\u00edstica que posiciona a Senesi entre los mejores de Europa<\/h3>\n<\/p>\n<\/section>\n<\/div>\n<div class=\"sc-a7166897-0 eoLsBE\" readability=\"6\">\n<section readability=\"2\"><picture><img alt=\"Las dudas de Gago a un d\u00eda del choque clave por la Copa Argentina\" loading=\"lazy\" width=\"290\" height=\"290\" decoding=\"async\" data-nimg=\"1\" src=\"http:\/\/hoycordobaweb.com\/wp-content\/uploads\/2024\/10\/la-sorpresa-que-zielinski-puede-incluir-en-el-xi-de-lanus-frente-a-cruzeiro-4.jpg\"><\/picture>\n<p><span>Mir\u00e1 tambi\u00e9n<\/span><\/p>\n<hr>\n<h3>Las dudas de Gago a un d\u00eda del choque clave por la Copa Argentina<\/h3>\n<\/p>\n<\/section>\n<\/div>\n<div class=\"sc-a7166897-0 eoLsBE\" readability=\"6\">\n<section readability=\"2\"><picture><img alt=\"Russo entre los halagos a Muniain y la carrera &quot;brillante&quot; de Scaloni\" loading=\"lazy\" width=\"290\" height=\"290\" decoding=\"async\" data-nimg=\"1\" src=\"http:\/\/hoycordobaweb.com\/wp-content\/uploads\/2024\/10\/la-sorpresa-que-zielinski-puede-incluir-en-el-xi-de-lanus-frente-a-cruzeiro-5.jpg\"><\/picture>\n<p><span>Mir\u00e1 tambi\u00e9n<\/span><\/p>\n<hr>\n<h3>Russo entre los halagos a Muniain y la carrera \u00abbrillante\u00bb de Scaloni<\/h3>\n<\/p>\n<\/section>\n<\/div>\n<\/div>\n","protected":false},"excerpt":{"rendered":"<p>22\/10\/2024 12:45hs. Cada vez falta menos para definir los finalistas de laCopa Sudamericana, y Lan\u00fas jugar\u00e1 este mi\u00e9rcoles el primer partido de semifinales a partir de las 19. El rival ser\u00e1 el Cruzeiro y el Estadio Mineirao ser\u00e1 el testigo de la cita. El Granate viaj\u00f3 a Belo Horizonte con una posible formaci\u00f3n titular y [&hellip;]<\/p>\n","protected":false},"author":1,"featured_media":86187,"comment_status":"open","ping_status":"closed","sticky":false,"template":"","format":"standard","meta":[],"categories":[16],"tags":[],"_links":{"self":[{"href":"http:\/\/hoycordobaweb.com\/index.php\/wp-json\/wp\/v2\/posts\/86186"}],"collection":[{"href":"http:\/\/hoycordobaweb.com\/index.php\/wp-json\/wp\/v2\/posts"}],"about":[{"href":"http:\/\/hoycordobaweb.com\/index.php\/wp-json\/wp\/v2\/types\/post"}],"author":[{"embeddable":true,"href":"http:\/\/hoycordobaweb.com\/index.php\/wp-json\/wp\/v2\/users\/1"}],"replies":[{"embeddable":true,"href":"http:\/\/hoycordobaweb.com\/index.php\/wp-json\/wp\/v2\/comments?post=86186"}],"version-history":[{"count":0,"href":"http:\/\/hoycordobaweb.com\/index.php\/wp-json\/wp\/v2\/posts\/86186\/revisions"}],"wp:featuredmedia":[{"embeddable":true,"href":"http:\/\/hoycordobaweb.com\/index.php\/wp-json\/wp\/v2\/media\/86187"}],"wp:attachment":[{"href":"http:\/\/hoycordobaweb.com\/index.php\/wp-json\/wp\/v2\/media?parent=86186"}],"wp:term":[{"taxonomy":"category","embeddable":true,"href":"http:\/\/hoycordobaweb.com\/index.php\/wp-json\/wp\/v2\/categories?post=86186"},{"taxonomy":"post_tag","embeddable":true,"href":"http:\/\/hoycordobaweb.com\/index.php\/wp-json\/wp\/v2\/tags?post=86186"}],"curies":[{"name":"wp","href":"https:\/\/api.w.org\/{rel}","templated":true}]}}