{"id":86091,"date":"2024-10-21T14:30:13","date_gmt":"2024-10-21T14:30:13","guid":{"rendered":"https:\/\/www.ole.com.ar\/equipos\/river-plate\/river-atletico-mineiro-copa-libertadores-formacion-equipo-gallardo-cambio-esquema_0_FZK7NACukW.html"},"modified":"2024-10-21T14:30:13","modified_gmt":"2024-10-21T14:30:13","slug":"la-probable-formacion-de-river-para-visitar-a-atletico-mineiro","status":"publish","type":"post","link":"http:\/\/hoycordobaweb.com\/index.php\/2024\/10\/21\/la-probable-formacion-de-river-para-visitar-a-atletico-mineiro\/","title":{"rendered":"La probable formaci\u00f3n de River para visitar a Atl\u00e9tico Mineiro"},"content":{"rendered":"<p><img src=\"http:\/\/hoycordobaweb.com\/wp-content\/uploads\/2024\/10\/la-probable-formacion-de-river-para-visitar-a-atletico-mineiro.jpg\"><\/p>\n<p><time class=\"createDate\" datetime=\"2024-10-21T11:30:13-03:00\">21\/10\/2024 11:30hs.<\/time><\/p>\n<div id=\"storyBody\">\n<div class=\"custom-text \" readability=\"37.185185185185\">\n<p>Todo empieza a quedar listo para esta apasionante semifinal de <strong><a href=\"https:\/\/www.ole.com.ar\/tema\/copa-libertadores.html\" title=\"Copa Libertadores\" alt=\"Copa Libertadores\" class=\"slug\">Copa Libertadores<\/a><\/strong>. Y <strong><a href=\"https:\/\/www.ole.com.ar\/tema\/marcelo-gallardo.html\" title=\"Marcelo Gallardo\" alt=\"Marcelo Gallardo\" class=\"slug\">Marcelo Gallardo<\/a><\/strong>, en esa l\u00ednea, termina de ultimar los detalles finales para la formaci\u00f3n que parar\u00e1 en Belo Horizonte, pensando que ser\u00e1 una serie larga y que muy probablemente se vayan presentando diferentes escenarios a los que <strong><a href=\"https:\/\/www.ole.com.ar\/tema\/river-plate.html\" title=\"River Plate\" alt=\"River Plate\" class=\"slug\">River<\/a><\/strong> deber\u00e1 estar preparado. Por eso, <strong>el DT eval\u00faa con bastante factibilidad la idea de parar nuevamente una l\u00ednea de tres defensores<\/strong>, en un esquema que podr\u00eda parecerse al del reciente supercl\u00e1sico en la Bombonera.<\/p>\n<\/div>\n<div class=\"custom-text \" readability=\"39\">\n<p>Con <strong>Bustos <\/strong>recuperado de su peque\u00f1o desgarro en el s\u00f3leo derecho y titular este martes contra <strong>Atl\u00e9tico Mineiro<\/strong>, la principal duda por estas horas <strong>pasa por si el Mu\u00f1eco opta por sacar a un volante de juego para sumar a un central<\/strong>. Pas\u00e1ndolo a apellidos, en caso de que el cambio de esquema se imponga, habr\u00e1 que ver si el sacrificado para que entre <strong>Gonz\u00e1lez Pirez<\/strong> es <strong>Meza <\/strong>(tras su vuelta a las canchas el viernes sin un buen rendimiento, su presencia depende de si el DT eval\u00faa que est\u00e1 a tope o no) o <strong>Nacho Fern\u00e1ndez<\/strong>.<\/p>\n<\/div>\n<div class=\"custom-text \" readability=\"41\">\n<p><strong>\u00bfQu\u00e9 puede llevar a Gallardo a poner una especie de 3-5-2?<\/strong> Con el buen antecedente de lo hecho contra <strong>Boca<\/strong>, <strong>River <\/strong>ganar\u00eda en amplitud (<strong>Bustos y Acu\u00f1a<\/strong> jugar\u00edan bien abiertos y estar\u00edan respaldados), altura en la defensa y solidez (en ese S\u00faper, no le patearon en el primer tiempo), adem\u00e1s de pr\u00e1cticamente espejar el esquema que m\u00e1s usa Milito y podr\u00eda poner en la noche de Belo Horizonte (3-4-3). S\u00ed, tener la cantidad de centrales necesaria para poder tomar mano a mano al tridente <strong>Hulk-Deyverson-Paulinho<\/strong> no es poca cosa, sabiendo que la semana que viene todo se define en el <strong>Monumental<\/strong>.<\/p>\n<\/div>\n<div type=\"embed\" class=\"sc-3f46f5ae-0 djVTgz\">\n<div class=\"sc-3f46f5ae-1 fTjZec videoText\" id=\"contentTitleembedAKsog4Zd\" type=\"embed\"><svg fill=\"#ffffff\"><symbol id=\"play\" viewBox=\"0 0 512 512\"><path d=\"M512 256C512 397.4 397.4 512 256 512C114.6 512 0 397.4 0 256C0 114.6 114.6 0 256 0C397.4 0 512 114.6 512 256zM176 168V344C176 352.7 180.7 360.7 188.3 364.9C195.8 369.2 205.1 369 212.5 364.5L356.5 276.5C363.6 272.1 368 264.4 368 256C368 247.6 363.6 239.9 356.5 235.5L212.5 147.5C205.1 142.1 195.8 142.8 188.3 147.1C180.7 151.3 176 159.3 176 168V168z\" \/><\/symbol><use xlink:href=\"#play\" \/><\/svg><\/p>\n<div class=\"right\">\n<p>Marcelo Gallardo<!-- --> &#8211;<!-- --> <span>&nbsp;<\/span><\/p>\n<h2 class=\"title-vid\">La frase de Marcelo Gallardo a los hinchas luego de la conferencia de prensa<\/h2>\n<\/div>\n<\/div>\n<p><span class=\"back\" id=\"spanBackembedAKsog4Zd\"><\/span><\/div>\n<div class=\"custom-text \" readability=\"38\">\n<p>Con respecto al equipo que viene de empatar ante V\u00e9lez, <strong>Gallardo meter\u00e1 al menos tres cambios<\/strong>, que podr\u00edan transformarse en cuatro si hay l\u00ednea de tres: la mencionada vuelta de <strong>Bustos <\/strong>(entra por Casco), el regreso del <strong>Huevo Acu\u00f1a<\/strong> luego de su contractura en el isquiotibial izquierdo y de haber sumado 31&#8242; en la \u00faltima fecha (reemplaza a Enzo D\u00edaz) y <strong>Colidio por el Diablito Echeverri<\/strong> para acompa\u00f1ar de mejor manera a un Borja que viene de reencontrarse con el gol.<\/p>\n<\/div>\n<p><h2><strong>La probable formaci\u00f3n de River para visitar a Atl\u00e9tico Mineiro<\/strong><\/h2>\n<\/p>\n<div class=\"custom-text \" readability=\"39\">\n<p>Armani; Bustos, Pezzella, P. D\u00edaz, Acu\u00f1a; Sim\u00f3n, Kranevitter, Nacho Fern\u00e1ndez o Gonz\u00e1lez Pirez; Meza o Gonz\u00e1lez Pirez, Borja y Colidio.<\/p>\n<\/div>\n<p><h2><strong>La probable formaci\u00f3n de Atl\u00e9tico Mineiro<\/strong><\/h2>\n<\/p>\n<div class=\"custom-text \" readability=\"39\">\n<p>Everson; Lyanco, Battagalia, J. Alonso; Scarpa, Ot\u00e1vio, A. Franco o F. Vera, Arana; Hulk, Deyverson y Paulinho.<\/p>\n<\/div>\n<div type=\"embed\" class=\"sc-3f46f5ae-0 djVTgz\">\n<div class=\"sc-3f46f5ae-1 fTjZec videoText\" id=\"contentTitleembedoYX4QL8c\" type=\"embed\"><svg fill=\"#ffffff\"><symbol id=\"play\" viewBox=\"0 0 512 512\"><path d=\"M512 256C512 397.4 397.4 512 256 512C114.6 512 0 397.4 0 256C0 114.6 114.6 0 256 0C397.4 0 512 114.6 512 256zM176 168V344C176 352.7 180.7 360.7 188.3 364.9C195.8 369.2 205.1 369 212.5 364.5L356.5 276.5C363.6 272.1 368 264.4 368 256C368 247.6 363.6 239.9 356.5 235.5L212.5 147.5C205.1 142.1 195.8 142.8 188.3 147.1C180.7 151.3 176 159.3 176 168V168z\" \/><\/symbol><use xlink:href=\"#play\" \/><\/svg><\/p>\n<div class=\"right\">\n<p>River Plate<!-- --> &#8211;<!-- --> <span>&nbsp;<\/span><\/p>\n<h2 class=\"title-vid\">Lo mejor de River 1 &#8211; V\u00e9lez 1<\/h2>\n<\/div>\n<\/div>\n<p><span class=\"back\" id=\"spanBackembedoYX4QL8c\"><\/span><\/div>\n<div class=\"sc-a7166897-0 eoLsBE\" readability=\"7\">\n<section readability=\"4\"><picture><img alt=\"Gallardo vs. Milito: cruce picante, historial parejo y c\u00f3mo fue el \u00fanico mata-mata copero\" loading=\"lazy\" width=\"290\" height=\"290\" decoding=\"async\" data-nimg=\"1\" src=\"http:\/\/hoycordobaweb.com\/wp-content\/uploads\/2024\/10\/la-probable-formacion-de-river-para-visitar-a-atletico-mineiro-2.jpg\"><\/picture>\n<p><span>Mir\u00e1 tambi\u00e9n<\/span><\/p>\n<hr>\n<h3>Gallardo vs. Milito: cruce picante, historial parejo y c\u00f3mo fue el \u00fanico mata-mata copero<\/h3>\n<\/p>\n<\/section>\n<\/div>\n<div class=\"sc-a7166897-0 eoLsBE\" readability=\"6\">\n<section readability=\"2\"><picture><img alt=\"Qu\u00e9 dijo el Pity Mart\u00ednez tras volver a ser convocado en River\" loading=\"lazy\" width=\"290\" height=\"290\" decoding=\"async\" data-nimg=\"1\" src=\"http:\/\/hoycordobaweb.com\/wp-content\/uploads\/2024\/10\/la-probable-formacion-de-river-para-visitar-a-atletico-mineiro-3.jpg\"><\/picture>\n<p><span>Mir\u00e1 tambi\u00e9n<\/span><\/p>\n<hr>\n<h3>Qu\u00e9 dijo el Pity Mart\u00ednez tras volver a ser convocado en River<\/h3>\n<\/p>\n<\/section>\n<\/div>\n<div class=\"sc-a7166897-0 eoLsBE\" readability=\"7\">\n<section readability=\"4\"><picture><img alt=\"Los convocados de River para la ida de la semi de Libertadores, con una sorpresa de yapa\" loading=\"lazy\" width=\"290\" height=\"290\" decoding=\"async\" data-nimg=\"1\" src=\"http:\/\/hoycordobaweb.com\/wp-content\/uploads\/2024\/10\/la-probable-formacion-de-river-para-visitar-a-atletico-mineiro-4.jpg\"><\/picture>\n<p><span>Mir\u00e1 tambi\u00e9n<\/span><\/p>\n<hr>\n<h3>Los convocados de River para la ida de la semi de Libertadores, con una sorpresa de yapa<\/h3>\n<\/p>\n<\/section>\n<\/div>\n<div class=\"sc-a7166897-0 eoLsBE\" readability=\"7\">\n<section readability=\"4\"><picture><img alt=\"River, hoy EN VIVO: \u00bfGallardo cambia el esquema? y \u00faltimas noticias de este lunes 21 de octubre\" loading=\"lazy\" width=\"290\" height=\"290\" decoding=\"async\" data-nimg=\"1\" src=\"http:\/\/hoycordobaweb.com\/wp-content\/uploads\/2024\/10\/la-probable-formacion-de-river-para-visitar-a-atletico-mineiro-5.jpg\"><\/picture>\n<p><span>Mir\u00e1 tambi\u00e9n<\/span><\/p>\n<hr>\n<h3>River, hoy EN VIVO: \u00bfGallardo cambia el esquema? y \u00faltimas noticias de este lunes 21 de octubre<\/h3>\n<\/p>\n<\/section>\n<\/div>\n<div class=\"sc-a7166897-0 eoLsBE\" readability=\"6.5\">\n<section readability=\"3\"><picture><img alt=\"Atl\u00e9tico Mineiro, de la ilusi\u00f3n por la Copa a una inversi\u00f3n multimillonaria \" loading=\"lazy\" width=\"290\" height=\"290\" decoding=\"async\" data-nimg=\"1\" src=\"http:\/\/hoycordobaweb.com\/wp-content\/uploads\/2024\/10\/la-probable-formacion-de-river-para-visitar-a-atletico-mineiro-6.jpg\"><\/picture>\n<p><span>Mir\u00e1 tambi\u00e9n<\/span><\/p>\n<hr>\n<h3>Atl\u00e9tico Mineiro, de la ilusi\u00f3n por la Copa a una inversi\u00f3n multimillonaria <\/h3>\n<\/p>\n<\/section>\n<\/div>\n<\/div>\n","protected":false},"excerpt":{"rendered":"<p>21\/10\/2024 11:30hs. Todo empieza a quedar listo para esta apasionante semifinal de Copa Libertadores. Y Marcelo Gallardo, en esa l\u00ednea, termina de ultimar los detalles finales para la formaci\u00f3n que parar\u00e1 en Belo Horizonte, pensando que ser\u00e1 una serie larga y que muy probablemente se vayan presentando diferentes escenarios a los que River deber\u00e1 estar [&hellip;]<\/p>\n","protected":false},"author":1,"featured_media":86092,"comment_status":"open","ping_status":"closed","sticky":false,"template":"","format":"standard","meta":[],"categories":[16],"tags":[],"_links":{"self":[{"href":"http:\/\/hoycordobaweb.com\/index.php\/wp-json\/wp\/v2\/posts\/86091"}],"collection":[{"href":"http:\/\/hoycordobaweb.com\/index.php\/wp-json\/wp\/v2\/posts"}],"about":[{"href":"http:\/\/hoycordobaweb.com\/index.php\/wp-json\/wp\/v2\/types\/post"}],"author":[{"embeddable":true,"href":"http:\/\/hoycordobaweb.com\/index.php\/wp-json\/wp\/v2\/users\/1"}],"replies":[{"embeddable":true,"href":"http:\/\/hoycordobaweb.com\/index.php\/wp-json\/wp\/v2\/comments?post=86091"}],"version-history":[{"count":0,"href":"http:\/\/hoycordobaweb.com\/index.php\/wp-json\/wp\/v2\/posts\/86091\/revisions"}],"wp:featuredmedia":[{"embeddable":true,"href":"http:\/\/hoycordobaweb.com\/index.php\/wp-json\/wp\/v2\/media\/86092"}],"wp:attachment":[{"href":"http:\/\/hoycordobaweb.com\/index.php\/wp-json\/wp\/v2\/media?parent=86091"}],"wp:term":[{"taxonomy":"category","embeddable":true,"href":"http:\/\/hoycordobaweb.com\/index.php\/wp-json\/wp\/v2\/categories?post=86091"},{"taxonomy":"post_tag","embeddable":true,"href":"http:\/\/hoycordobaweb.com\/index.php\/wp-json\/wp\/v2\/tags?post=86091"}],"curies":[{"name":"wp","href":"https:\/\/api.w.org\/{rel}","templated":true}]}}