{"id":86085,"date":"2024-10-21T15:52:54","date_gmt":"2024-10-21T15:52:54","guid":{"rendered":"https:\/\/www.ole.com.ar\/equipos\/river-plate\/river-marcelo-gallardo-partidos-historial-brasil-copa-libertadores-atletico-mineiro_0_QrDCGYyVXq.html"},"modified":"2024-10-21T15:52:54","modified_gmt":"2024-10-21T15:52:54","slug":"el-uno-por-uno-de-los-partidos-de-gallardo-en-brasil-por-libertadores","status":"publish","type":"post","link":"http:\/\/hoycordobaweb.com\/index.php\/2024\/10\/21\/el-uno-por-uno-de-los-partidos-de-gallardo-en-brasil-por-libertadores\/","title":{"rendered":"El uno por uno de los partidos de Gallardo en Brasil por Libertadores"},"content":{"rendered":"<p><img src=\"http:\/\/hoycordobaweb.com\/wp-content\/uploads\/2024\/10\/el-uno-por-uno-de-los-partidos-de-gallardo-en-brasil-por-libertadores.jpg\"><\/p>\n<p><time class=\"createDate\" datetime=\"2024-10-21T12:52:54-03:00\">21\/10\/2024 12:52hs.<\/time><\/p>\n<div id=\"storyBody\">\n<div class=\"custom-text \" readability=\"37.586837294333\">\n<p>Nuevo ciclo, nueva visita a <strong>Brasil<\/strong>. La plaza donde pudo torcer las dificultades hist\u00f3ricas del club y conseguir buenos resultados que siguen siendo y ser\u00e1n recordados por mucho tiempo le vuelve a poner un desaf\u00edo importante a <strong><a href=\"https:\/\/www.ole.com.ar\/tema\/marcelo-gallardo.html\" title=\"Marcelo Gallardo\" alt=\"Marcelo Gallardo\" class=\"slug\">Marcelo Gallardo<\/a><\/strong>: este martes, en la visita a <strong>Atl\u00e9tico Mineiro<\/strong> por las semifinales de la <strong><a href=\"https:\/\/www.ole.com.ar\/tema\/copa-libertadores.html\" title=\"Copa Libertadores\" alt=\"Copa Libertadores\" class=\"slug\">Libertadores<\/a><\/strong>, <strong>afrontar\u00e1 su 13\u00b0 partido en aquel pa\u00eds como entrenador de <a href=\"https:\/\/www.ole.com.ar\/tema\/river-plate.html\" title=\"River Plate\" alt=\"River Plate\" class=\"slug\">River<\/a> por la Copa<\/strong>. Y el historial es positivo: suma tres triunfos, dos derrotas y siete empates, de los cuales uno le bast\u00f3 para clasificar por penales.<\/p>\n<\/div>\n<div class=\"custom-text \" readability=\"35\">\n<p>En <strong>Belo Horizonte<\/strong>, <strong>Gallardo <\/strong>cosech\u00f3 uno de cada uno: triunfazo a Cruzeiro en 2015, igualdad y pase ante el mismo rival en 2019 y dura goleada recibida vs. el Mineiro en la 2021.<\/p>\n<\/div>\n<p><h2><strong>Cruzeiro &#8211; Copa Libertadores 2015<\/strong><\/h2>\n<\/p>\n<div class=\"custom-text \" readability=\"38\">\n<p><strong>La primera vez de Gallardo en Brasil por Libertadores como DT de River fue con \u00e9pica: p<\/strong>or los cuartos de final de la edici\u00f3n del 2015 y tras haber eliminado a Boca, su equipo logr\u00f3 revertir el 0-1 de la ida en el Monumental con un contundente 3-0 en Belo Horizonte (goles de S\u00e1nchez, Maidana y Teo Guti\u00e9rrez). Para m\u00e1s de uno, es la mejor actuaci\u00f3n hist\u00f3rica del club en Brasil.<\/p>\n<\/div>\n<div type=\"embed\" class=\"sc-3f46f5ae-0 djVTgz\">\n<div class=\"sc-3f46f5ae-1 fTjZec videoText\" id=\"contentTitleembedAKsog4Zd\" type=\"embed\"><svg fill=\"#ffffff\"><symbol id=\"play\" viewBox=\"0 0 512 512\"><path d=\"M512 256C512 397.4 397.4 512 256 512C114.6 512 0 397.4 0 256C0 114.6 114.6 0 256 0C397.4 0 512 114.6 512 256zM176 168V344C176 352.7 180.7 360.7 188.3 364.9C195.8 369.2 205.1 369 212.5 364.5L356.5 276.5C363.6 272.1 368 264.4 368 256C368 247.6 363.6 239.9 356.5 235.5L212.5 147.5C205.1 142.1 195.8 142.8 188.3 147.1C180.7 151.3 176 159.3 176 168V168z\" \/><\/symbol><use xlink:href=\"#play\" \/><\/svg><\/p>\n<div class=\"right\">\n<p>Marcelo Gallardo<!-- --> &#8211;<!-- --> <span>&nbsp;<\/span><\/p>\n<h2 class=\"title-vid\">La frase de Marcelo Gallardo a los hinchas luego de la conferencia de prensa<\/h2>\n<\/div>\n<\/div>\n<p><span class=\"back\" id=\"spanBackembedAKsog4Zd\"><\/span><\/div>\n<p><h2><strong>San Pablo &#8211; Copa Libertadores 2016<\/strong><\/h2>\n<\/p>\n<div class=\"custom-text \" readability=\"35\">\n<p><strong>La primera derrota del Mu\u00f1eco en Brasil lleg\u00f3 en la fase de grupos de la edici\u00f3n 2016<\/strong>: fue 2-1 contra San Pablo en el Morumb\u00ed. Calleri anot\u00f3 por duplicado e Iv\u00e1n Alonso descont\u00f3 cerca del final. A pesar de ese resultado, River termin\u00f3 pasando en primer lugar a octavos de final.<\/p>\n<\/div>\n<p><h2><strong>Flamengo &#8211; Copa Libertadores 2018<\/strong><\/h2>\n<\/p>\n<div class=\"custom-text \" readability=\"39\">\n<p>La Copa m\u00e1s recordada por <strong>River <\/strong>se abri\u00f3 en el Nilton Santos, la cancha del Botafogo, y sin p\u00fablico, porque <strong>Flamengo <\/strong>acarreaba una sanci\u00f3n de la final de la Sudamericana del a\u00f1o anterior: <strong>fue un entretenido 2-2,<\/strong> en el que el equipo de Gallardo se repuso dos veces de un resultado adverso gracias a los goles de Mora y Mayada.<\/p>\n<\/div>\n<p><h2><strong>Gremio &#8211; Copa Libertadores 2018<\/strong><\/h2>\n<\/p>\n<div class=\"custom-text \" readability=\"36\">\n<p><strong>El pase a la final eterna de esa Copa fue con sufrimiento&#8230; y m\u00edstica:<\/strong> 0-1 en Buenos Aires y 0-1 parcial en Brasil, pero River no se rindi\u00f3 y consigui\u00f3 una \u00e9pica y ag\u00f3nica clasificaci\u00f3n a la final gracias a Borr\u00e9, el Pity Mart\u00ednez y un equipo que qued\u00f3 en la historia.<\/p>\n<\/div>\n<p><h2><strong>Inter &#8211; Copa Libertadores 2019<\/strong><\/h2>\n<\/p>\n<div class=\"custom-text \" readability=\"37\">\n<p>Para la tercera fecha de la fase de grupos de la edici\u00f3n 2019, <strong>River viaj\u00f3 a Porto Alegre y se trajo un 2-2 entretenido<\/strong>: tras ir dos veces en desventaja, nuevamente dio una muestra de car\u00e1cter made in Gallardo y logr\u00f3 empatar gracias a los goles de Pratto y De la Cruz, de tiro libre.<\/p>\n<\/div>\n<div type=\"embed\" class=\"sc-3f46f5ae-0 djVTgz\">\n<div class=\"sc-3f46f5ae-1 fTjZec videoText\" id=\"contentTitleembedvgpE9xZO\" type=\"embed\"><svg fill=\"#ffffff\"><symbol id=\"play\" viewBox=\"0 0 512 512\"><path d=\"M512 256C512 397.4 397.4 512 256 512C114.6 512 0 397.4 0 256C0 114.6 114.6 0 256 0C397.4 0 512 114.6 512 256zM176 168V344C176 352.7 180.7 360.7 188.3 364.9C195.8 369.2 205.1 369 212.5 364.5L356.5 276.5C363.6 272.1 368 264.4 368 256C368 247.6 363.6 239.9 356.5 235.5L212.5 147.5C205.1 142.1 195.8 142.8 188.3 147.1C180.7 151.3 176 159.3 176 168V168z\" \/><\/symbol><use xlink:href=\"#play\" \/><\/svg><\/p>\n<div class=\"right\">\n<p>River Plate<!-- --> &#8211;<!-- --> <span>&nbsp;<\/span><\/p>\n<h2 class=\"title-vid\">El particular pedido que un hincha le hizo a Gallardo en la puerta del River Camp<\/h2>\n<\/div>\n<\/div>\n<p><span class=\"back\" id=\"spanBackembedvgpE9xZO\"><\/span><\/div>\n<p><h2><strong>Cruzeiro &#8211; Copa Libertadores 2019<\/strong><\/h2>\n<\/p>\n<div class=\"custom-text \" readability=\"37\">\n<p>En octavos, otro brasile\u00f1o. <strong>Y el \u00fanico pase por penales en Libertadores con Gallardo como DT<\/strong>: tras el 0-0 de la ida, el resultado se reprodujo tal cual en el Mineirao y Armani fue la figura salvando el arco de River en la tanda. Ah\u00ed, Montiel se empez\u00f3 a erigir como un gran pateador&#8230;<\/p>\n<\/div>\n<p><h2><strong>San Pablo &#8211; Copa Libertadores 2020<\/strong><\/h2>\n<\/p>\n<div class=\"custom-text \" readability=\"37\">\n<p>Tras varios meses de inactividad por la pandemia, <strong>el primer partido de River en el regreso fue ante San Pablo y en el Morumb\u00ed<\/strong>. Y casi lo gana gracias a un aguerrido juego: Borr\u00e9 puso el 1-1 parcial y Juli\u00e1n \u00c1lvarez parec\u00eda darle el triunfo cuando faltaban 10&#8242;, pero tres minutos m\u00e1s tarde lleg\u00f3 un gol en contra de Angileri que puso el 2-2 final.<\/p>\n<\/div>\n<p><h2><strong>Athletico Paranaense &#8211; Copa Libertadores 2020<\/strong><\/h2>\n<\/p>\n<div class=\"custom-text \" readability=\"35\">\n<p>En esa misma Copa, por la ida de los octavos de final, <strong>River se trajo un buen 1-1 de Brasil contra Paranaense<\/strong> que termin\u00f3 de aprovechar en la cancha de Independiente con un 1-0 para pasar a cuartos.<\/p>\n<\/div>\n<p><h2><strong>Palmeiras &#8211; Copa Libertadores 2020<\/strong><\/h2>\n<\/p>\n<div class=\"custom-text \" readability=\"37\">\n<p><strong>Uno de los tres triunfos de Gallardo en Brasil por Libertadores, pero que se qued\u00f3 a las puertas de la gesta<\/strong>: ese 2-0, con pol\u00e9mica sobre el final y un enorme juego, no alcanz\u00f3 por poco para revertir el 0-3 de la ida y pasar a la final de la Copa.<\/p>\n<\/div>\n<div type=\"embed\" class=\"sc-3f46f5ae-0 djVTgz\">\n<div class=\"sc-3f46f5ae-1 fTjZec videoText\" id=\"contentTitleembeduO4qgdPb\" type=\"embed\"><svg fill=\"#ffffff\"><symbol id=\"play\" viewBox=\"0 0 512 512\"><path d=\"M512 256C512 397.4 397.4 512 256 512C114.6 512 0 397.4 0 256C0 114.6 114.6 0 256 0C397.4 0 512 114.6 512 256zM176 168V344C176 352.7 180.7 360.7 188.3 364.9C195.8 369.2 205.1 369 212.5 364.5L356.5 276.5C363.6 272.1 368 264.4 368 256C368 247.6 363.6 239.9 356.5 235.5L212.5 147.5C205.1 142.1 195.8 142.8 188.3 147.1C180.7 151.3 176 159.3 176 168V168z\" \/><\/symbol><use xlink:href=\"#play\" \/><\/svg><\/p>\n<div class=\"right\">\n<p>Gustavo Scarpa<!-- --> &#8211;<!-- --> <span>&nbsp;<\/span><\/p>\n<h2 class=\"title-vid\">El elogio de Scarpa a Gallardo: \u00abHa vuelto el entrenador m\u00e1s grande de su historia\u00bb<\/h2>\n<\/div>\n<\/div>\n<p><span class=\"back\" id=\"spanBackembeduO4qgdPb\"><\/span><\/div>\n<p><h2><strong>Fluminense &#8211; Copa Libertadores 2021<\/strong><\/h2>\n<\/p>\n<div class=\"custom-text \" readability=\"35\">\n<p>Esa fase de grupos, recordada por los problemas que tuvo River por el Covid, <strong>se inici\u00f3 con un 1-1 en el Maracan\u00e1<\/strong> gracias a un gol de penal de Montiel (Fred empat\u00f3 en el ST).<\/p>\n<\/div>\n<p><h2><strong>Atl\u00e9tico Mineiro &#8211; Copa Libertadores 2021<\/strong><\/h2>\n<\/p>\n<div class=\"custom-text \" readability=\"34\">\n<p>El \u00faltimo antecedente contra el rival al que enfrentar\u00e1 este martes, el m\u00e1s duro de todos: <strong>mala noche del equipo de Gallardo en Brasil y un 0-3 que fue bastante doloroso.<\/strong><\/p>\n<\/div>\n<p><h2><strong>Fortaleza &#8211; Copa Libertadores 2022<\/strong><\/h2>\n<\/p>\n<div class=\"custom-text \" readability=\"36\">\n<p>La \u00faltima vez que Gallardo pis\u00f3 Brasil para dirigir a River en un partido de Libertadores fue el 5 de mayo del 2022, en <strong>un 1-1 contra Fortaleza por la cuarta fecha de la fase de grupos<\/strong>. El gol lo hizo Enzo Fern\u00e1ndez, de penal.<\/p>\n<\/div>\n<div type=\"embed\" class=\"sc-3f46f5ae-0 djVTgz\">\n<div class=\"sc-3f46f5ae-1 fTjZec videoText\" id=\"contentTitleembedPDJM8fCw\" type=\"embed\"><svg fill=\"#ffffff\"><symbol id=\"play\" viewBox=\"0 0 512 512\"><path d=\"M512 256C512 397.4 397.4 512 256 512C114.6 512 0 397.4 0 256C0 114.6 114.6 0 256 0C397.4 0 512 114.6 512 256zM176 168V344C176 352.7 180.7 360.7 188.3 364.9C195.8 369.2 205.1 369 212.5 364.5L356.5 276.5C363.6 272.1 368 264.4 368 256C368 247.6 363.6 239.9 356.5 235.5L212.5 147.5C205.1 142.1 195.8 142.8 188.3 147.1C180.7 151.3 176 159.3 176 168V168z\" \/><\/symbol><use xlink:href=\"#play\" \/><\/svg><\/p>\n<div class=\"right\">\n<p>Estadio Monumental<!-- --> &#8211;<!-- --> <span>&nbsp;<\/span><\/p>\n<h2 class=\"title-vid\">\u00a1La final de la Libertadores se juega en el Monumental!<\/h2>\n<\/div>\n<\/div>\n<p><span class=\"back\" id=\"spanBackembedPDJM8fCw\"><\/span><\/div>\n<div class=\"sc-a7166897-0 eoLsBE\" readability=\"6\">\n<section readability=\"2\"><picture><img alt=\"La probable formaci\u00f3n de River para visitar a Atl\u00e9tico Mineiro\" loading=\"lazy\" width=\"290\" height=\"290\" decoding=\"async\" data-nimg=\"1\" src=\"http:\/\/hoycordobaweb.com\/wp-content\/uploads\/2024\/10\/el-uno-por-uno-de-los-partidos-de-gallardo-en-brasil-por-libertadores-2.jpg\"><\/picture>\n<p><span>Mir\u00e1 tambi\u00e9n<\/span><\/p>\n<hr>\n<h3>La probable formaci\u00f3n de River para visitar a Atl\u00e9tico Mineiro<\/h3>\n<\/p>\n<\/section>\n<\/div>\n<div class=\"sc-a7166897-0 eoLsBE\" readability=\"7\">\n<section readability=\"4\"><picture><img alt=\"Gallardo vs. Milito: cruce picante, historial parejo y c\u00f3mo fue el \u00fanico mata-mata copero\" loading=\"lazy\" width=\"290\" height=\"290\" decoding=\"async\" data-nimg=\"1\" src=\"http:\/\/hoycordobaweb.com\/wp-content\/uploads\/2024\/10\/el-uno-por-uno-de-los-partidos-de-gallardo-en-brasil-por-libertadores-3.jpg\"><\/picture>\n<p><span>Mir\u00e1 tambi\u00e9n<\/span><\/p>\n<hr>\n<h3>Gallardo vs. Milito: cruce picante, historial parejo y c\u00f3mo fue el \u00fanico mata-mata copero<\/h3>\n<\/p>\n<\/section>\n<\/div>\n<div class=\"sc-a7166897-0 eoLsBE\" readability=\"6\">\n<section readability=\"2\"><picture><img alt=\"Qu\u00e9 dijo el Pity Mart\u00ednez tras volver a ser convocado en River\" loading=\"lazy\" width=\"290\" height=\"290\" decoding=\"async\" data-nimg=\"1\" src=\"http:\/\/hoycordobaweb.com\/wp-content\/uploads\/2024\/10\/el-uno-por-uno-de-los-partidos-de-gallardo-en-brasil-por-libertadores-4.jpg\"><\/picture>\n<p><span>Mir\u00e1 tambi\u00e9n<\/span><\/p>\n<hr>\n<h3>Qu\u00e9 dijo el Pity Mart\u00ednez tras volver a ser convocado en River<\/h3>\n<\/p>\n<\/section>\n<\/div>\n<div class=\"sc-a7166897-0 eoLsBE\" readability=\"7\">\n<section readability=\"4\"><picture><img alt=\"Los convocados de River para la ida de la semi de Libertadores, con una sorpresa de yapa\" loading=\"lazy\" width=\"290\" height=\"290\" decoding=\"async\" data-nimg=\"1\" src=\"http:\/\/hoycordobaweb.com\/wp-content\/uploads\/2024\/10\/el-uno-por-uno-de-los-partidos-de-gallardo-en-brasil-por-libertadores-5.jpg\"><\/picture>\n<p><span>Mir\u00e1 tambi\u00e9n<\/span><\/p>\n<hr>\n<h3>Los convocados de River para la ida de la semi de Libertadores, con una sorpresa de yapa<\/h3>\n<\/p>\n<\/section>\n<\/div>\n<div class=\"sc-a7166897-0 eoLsBE\" readability=\"7\">\n<section readability=\"4\"><picture><img alt=\"River, hoy EN VIVO: \u00bfGallardo cambia el esquema? y \u00faltimas noticias de este lunes 21 de octubre\" loading=\"lazy\" width=\"290\" height=\"290\" decoding=\"async\" data-nimg=\"1\" src=\"http:\/\/hoycordobaweb.com\/wp-content\/uploads\/2024\/10\/el-uno-por-uno-de-los-partidos-de-gallardo-en-brasil-por-libertadores-6.jpg\"><\/picture>\n<p><span>Mir\u00e1 tambi\u00e9n<\/span><\/p>\n<hr>\n<h3>River, hoy EN VIVO: \u00bfGallardo cambia el esquema? y \u00faltimas noticias de este lunes 21 de octubre<\/h3>\n<\/p>\n<\/section>\n<\/div>\n<\/div>\n","protected":false},"excerpt":{"rendered":"<p>21\/10\/2024 12:52hs. Nuevo ciclo, nueva visita a Brasil. La plaza donde pudo torcer las dificultades hist\u00f3ricas del club y conseguir buenos resultados que siguen siendo y ser\u00e1n recordados por mucho tiempo le vuelve a poner un desaf\u00edo importante a Marcelo Gallardo: este martes, en la visita a Atl\u00e9tico Mineiro por las semifinales de la Libertadores, [&hellip;]<\/p>\n","protected":false},"author":1,"featured_media":86086,"comment_status":"open","ping_status":"closed","sticky":false,"template":"","format":"standard","meta":[],"categories":[16],"tags":[],"_links":{"self":[{"href":"http:\/\/hoycordobaweb.com\/index.php\/wp-json\/wp\/v2\/posts\/86085"}],"collection":[{"href":"http:\/\/hoycordobaweb.com\/index.php\/wp-json\/wp\/v2\/posts"}],"about":[{"href":"http:\/\/hoycordobaweb.com\/index.php\/wp-json\/wp\/v2\/types\/post"}],"author":[{"embeddable":true,"href":"http:\/\/hoycordobaweb.com\/index.php\/wp-json\/wp\/v2\/users\/1"}],"replies":[{"embeddable":true,"href":"http:\/\/hoycordobaweb.com\/index.php\/wp-json\/wp\/v2\/comments?post=86085"}],"version-history":[{"count":0,"href":"http:\/\/hoycordobaweb.com\/index.php\/wp-json\/wp\/v2\/posts\/86085\/revisions"}],"wp:featuredmedia":[{"embeddable":true,"href":"http:\/\/hoycordobaweb.com\/index.php\/wp-json\/wp\/v2\/media\/86086"}],"wp:attachment":[{"href":"http:\/\/hoycordobaweb.com\/index.php\/wp-json\/wp\/v2\/media?parent=86085"}],"wp:term":[{"taxonomy":"category","embeddable":true,"href":"http:\/\/hoycordobaweb.com\/index.php\/wp-json\/wp\/v2\/categories?post=86085"},{"taxonomy":"post_tag","embeddable":true,"href":"http:\/\/hoycordobaweb.com\/index.php\/wp-json\/wp\/v2\/tags?post=86085"}],"curies":[{"name":"wp","href":"https:\/\/api.w.org\/{rel}","templated":true}]}}