{"id":86083,"date":"2024-10-21T15:59:49","date_gmt":"2024-10-21T15:59:49","guid":{"rendered":"https:\/\/www.ole.com.ar\/internacional\/champions\/champions-league-argentinos-agenda-partidos_0_XOrJijvy5Y.html"},"modified":"2024-10-21T15:59:49","modified_gmt":"2024-10-21T15:59:49","slug":"como-sera-la-agenda-de-los-argentinos-con-el-regreso-de-la-champions-league","status":"publish","type":"post","link":"http:\/\/hoycordobaweb.com\/index.php\/2024\/10\/21\/como-sera-la-agenda-de-los-argentinos-con-el-regreso-de-la-champions-league\/","title":{"rendered":"C\u00f3mo ser\u00e1 la agenda de los argentinos con el regreso de la Champions League"},"content":{"rendered":"<p><img src=\"http:\/\/hoycordobaweb.com\/wp-content\/uploads\/2024\/10\/como-sera-la-agenda-de-los-argentinos-con-el-regreso-de-la-champions-league.jpg\"><\/p>\n<p><time class=\"createDate\" datetime=\"2024-10-21T12:59:49-03:00\">21\/10\/2024 12:59hs.<\/time><\/p>\n<div id=\"storyBody\">\n<div class=\"custom-text \" readability=\"34.512605042017\">\n<p>Tras 20 d\u00edas de parate por la fecha FIFA, la <strong><a href=\"https:\/\/www.ole.com.ar\/tema\/champions-league.html\" title=\"Champions League\" alt=\"Champions League\" class=\"slug\">Champions League<\/a> <\/strong>vuelve al ruedo con la tercera ronda, donde habr\u00e1 una <strong>importante presencia argentina<\/strong>. En este contexto, <strong>Ol\u00e9 <\/strong>repasa cu\u00e1ndo y contra qui\u00e9n sumar\u00e1 minutos cada uno de ellos.<\/p>\n<\/div>\n<div class=\"custom-text \" readability=\"37\">\n<p>El primer compatriota que jugar\u00e1 ser\u00e1<strong> Zaid Romero<\/strong>, defensor central que pas\u00f3 por Estudiantes y actualmente milita en el <strong>Brujas<\/strong> de B\u00e9lgica. En esta oportunidad, su equipo viajar\u00e1 a Italia para enfrentarse ante el <strong>Mil\u00e1n <\/strong>en el Giuseppe Meazza el pr\u00f3ximo martes a partir de las 13:45 (hora argentina).<strong> <\/strong><\/p>\n<\/div>\n<div class=\"custom-text \" readability=\"37.669902912621\">\n<p>M\u00e1s tarde, ese mismo d\u00eda a las 16, habr\u00e1 un choque de argentinos en Inglaterra, pa\u00eds en el que el<strong> Aston Villa<\/strong> de <strong><a href=\"https:\/\/www.ole.com.ar\/tema\/damian-emiliano-martinez.html\" title=\"Dami\u00e1n Emiliano Mart\u00ednez\" alt=\"Dami\u00e1n Emiliano Mart\u00ednez\" class=\"slug\">Emiliano Mart\u00ednez<\/a><\/strong> y <strong>Buend\u00eda <\/strong>recibir\u00e1 al <strong>Bologna <\/strong>de <strong>Benjam\u00edn Dom\u00ednguez<\/strong> y <strong>Santiago Castro<\/strong>. Cabe destacar que, a esa hora, el <strong>Girona <\/strong>de <strong>Paulo Gazzaniga<\/strong> recibir\u00e1 al <strong>Bratislava <\/strong>de Eslovaquia.<\/p>\n<\/div>\n<div class=\"custom-text \" readability=\"33.256809338521\">\n<p>Luego, la <strong><a href=\"https:\/\/www.ole.com.ar\/tema\/juventus.html\" title=\"Juventus\" alt=\"Juventus\" class=\"slug\">Juventus<\/a> <\/strong>de<strong> <a href=\"https:\/\/www.ole.com.ar\/tema\/nicolas-gonzalez.html\" title=\"Nicolas Gonz\u00e1lez\" alt=\"Nicolas Gonz\u00e1lez\" class=\"slug\">Nicol\u00e1s Gonz\u00e1lez<\/a> <\/strong>(que est\u00e1 lesionado) se enfrentar\u00e1 en Tur\u00edn con el<strong> Stuttgart<\/strong>. En simultaneo, el arquero <strong>Walter Ben\u00edtez <\/strong>dir\u00e1 presente con el <strong>PSV<\/strong>, elenco que se medir\u00e1<strong> <\/strong>ante el <strong>Par\u00eds Saint Germain<\/strong> en el Parque de los Pr\u00edncipes.<\/p>\n<\/div>\n<div class=\"custom-text \" readability=\"37\">\n<p>El mi\u00e9rcoles 23 de octubre, el primer argentino que sumar\u00e1 minutos en el Viejo Continente ser\u00e1 <strong>Mateo Retegui<\/strong> en el duelo entre <strong>Atalanta <\/strong>y <strong>Celtic<\/strong>, que se disputar\u00e1<strong> <\/strong>a partir de las 13:45. A su vez, el <strong>Bayer Leverkusen<\/strong> de <strong>Exequiel Palacios<\/strong> se ver\u00e1 las caras ante el Brest en Francia. <\/p>\n<\/div>\n<div class=\"custom-text \" readability=\"40\">\n<p>A las 16 horas ser\u00e1 el turno del equipo con m\u00e1s argentinos en Europa, que es el <strong>Atl\u00e9tico de Madrid <\/strong>con siete. <strong>Juan Musso<\/strong>, <strong>Nahuel Molina<\/strong>, <strong>Rodrigo de Paul<\/strong>, <strong>\u00c1ngel Correa<\/strong>, <strong>Juli\u00e1n \u00c1lvarez<\/strong>, <strong>Giuliano Simeone<\/strong> y <strong>Ger\u00f3nimo Spina<\/strong> ser\u00e1n los futbolistas del Colchonero que recibir\u00e1n al <strong>Lille<\/strong>.<\/p>\n<\/div>\n<div class=\"custom-text \" readability=\"38.255421686747\">\n<p>Nuevamente a la misma hora, el Estadio da Luz ser\u00e1 testigo de un choque entre nacionales. El <strong>Benfica <\/strong>de <strong><a href=\"https:\/\/www.ole.com.ar\/tema\/angel-di-maria.html\" title=\"Angel DI Mar\u00eda\" alt=\"Angel DI Mar\u00eda\" class=\"slug\">\u00c1ngel Di Mar\u00eda<\/a><\/strong>, <strong><a href=\"https:\/\/www.ole.com.ar\/tema\/nicolas-otamendi.html\" title=\"Nicol\u00e1s Otamendi\" alt=\"Nicol\u00e1s Otamendi\" class=\"slug\">Nicol\u00e1s Otamendi<\/a><\/strong>, <strong>Gianluca Prestianni <\/strong>y <strong>Benjam\u00edn Rollheiser <\/strong>se enfrentar\u00e1n al <strong>Feyenoord <\/strong>del delantero <strong>Juli\u00e1n Carranza<\/strong>. A su vez, otro albiceleste que tendr\u00e1 competencia es el ex <strong><a href=\"https:\/\/www.ole.com.ar\/tema\/boca-juniors.html\" title=\"Boca Juniors\" alt=\"Boca Juniors\" class=\"slug\">Boca<\/a><\/strong>, <strong>Nicol\u00e1s Capaldo<\/strong>, con la camiseta del <strong>Salzburgo <\/strong>de Austria, combinado que enfrentar\u00e1 al <strong>Dinamo Zagreb<\/strong>.<\/p>\n<\/div>\n<div class=\"custom-text \" readability=\"33.875555555556\">\n<p>Para cerrar la jornada de Champions, el mi\u00e9rcoles 24 de octubre <strong><a href=\"https:\/\/www.ole.com.ar\/tema\/alexis-mac-allister.html\" title=\"Alexis Mac Allister\" alt=\"Alexis Mac Allister\" class=\"slug\">Alexis Mac Allister<\/a><\/strong> visitar\u00e1 Alemania cuando el <strong>Liverpool <\/strong>enfrente al <strong>Leipzig <\/strong>y, el <strong>Inter <\/strong>de <strong>Lautaro Mart\u00ednez <\/strong>y<strong> Joaqu\u00edn Correa<\/strong>,<strong> <\/strong>jugar\u00e1 frente al<strong> Young Boys<\/strong>.<\/p>\n<\/div>\n<div class=\"sc-e7b891c4-0 ifHnQL\"><img alt=\"El Dibu Mart\u00ednez con la camiseta del Aston Villa.\nReuters\" loading=\"lazy\" width=\"720\" height=\"100\" decoding=\"async\" data-nimg=\"1\" src=\"http:\/\/hoycordobaweb.com\/wp-content\/uploads\/2024\/10\/como-sera-la-agenda-de-los-argentinos-con-el-regreso-de-la-champions-league-2.jpg\"><span class=\"epigraphe\">El Dibu Mart\u00ednez con la camiseta del Aston Villa.<br \/>\nReuters<\/span><\/div>\n<p><h2><strong>Todos los argentinos en Champions<\/strong><\/h2>\n<\/p>\n<div class=\"custom-text \" readability=\"32\">\n<p>Juan Musso &#8211; Atl\u00e9tico Madrid<\/p>\n<\/div>\n<div class=\"custom-text \" readability=\"32\">\n<p>Nahuel Molina &#8211; Atl\u00e9tico Madrid<\/p>\n<\/div>\n<div class=\"custom-text \" readability=\"32\">\n<p>Rodrigo De Paul &#8211; Atl\u00e9tico Madrid<\/p>\n<\/div>\n<div class=\"custom-text \" readability=\"32\">\n<p>\u00c1ngel Correa &#8211; Atl\u00e9tico Madrid<\/p>\n<\/div>\n<div class=\"custom-text \" readability=\"32\">\n<p>Juli\u00e1n \u00c1lvarez &#8211; Atl\u00e9tico Madrid<\/p>\n<\/div>\n<div class=\"custom-text \" readability=\"32\">\n<p>Giuliano Simeone &#8211; Atl\u00e9tico Madrid<\/p>\n<\/div>\n<div class=\"custom-text \" readability=\"32\">\n<p>Nicol\u00e1s Otamendi &#8211; Benfica<\/p>\n<\/div>\n<div class=\"custom-text \" readability=\"32\">\n<p>Gianluca Prestianni &#8211; Benfica<\/p>\n<\/div>\n<div class=\"custom-text \" readability=\"32\">\n<p>Benjam\u00edn Rollheiser &#8211; Benfica<\/p>\n<\/div>\n<div class=\"custom-text \" readability=\"32\">\n<p>\u00c1ngel Di Mar\u00eda &#8211; Benfica<\/p>\n<\/div>\n<div class=\"custom-text \" readability=\"32\">\n<p>Emiliano Mart\u00ednez &#8211; Aston Villa<\/p>\n<\/div>\n<div class=\"custom-text \" readability=\"32\">\n<p>Emiliano Buend\u00eda &#8211; Aston Villa<\/p>\n<\/div>\n<div class=\"custom-text \" readability=\"32\">\n<p>Benjam\u00edn Dom\u00ednguez &#8211; Bologna<\/p>\n<\/div>\n<div class=\"custom-text \" readability=\"32\">\n<p>Santiago Castro &#8211; Bologna<\/p>\n<\/div>\n<div class=\"custom-text \">\n<p>Joaqu\u00edn Correa &#8211; Inter<\/p>\n<\/div>\n<div class=\"custom-text \" readability=\"32\">\n<p>Lautaro Mart\u00ednez &#8211; Inter<\/p>\n<\/div>\n<div class=\"custom-text \" readability=\"32\">\n<p>Juli\u00e1n Carranza &#8211; Feyenoord<\/p>\n<\/div>\n<div class=\"custom-text \" readability=\"32\">\n<p>Walter Ben\u00edtez &#8211; PSV Eindhoven<\/p>\n<\/div>\n<div class=\"custom-text \">\n<p>Paulo Gazzaniga &#8211; Girona<\/p>\n<\/div>\n<div class=\"custom-text \">\n<p>Mateo Retegui &#8211; Atalanta<\/p>\n<\/div>\n<div class=\"custom-text \" readability=\"32\">\n<p>Exequiel Palacios &#8211; Bayer Leverkusen<\/p>\n<\/div>\n<div class=\"custom-text \" readability=\"32\">\n<p>Zaid Romero &#8211; Club Brugge<\/p>\n<\/div>\n<div class=\"custom-text \" readability=\"32\">\n<p>Nicol\u00e1s Gonz\u00e1lez &#8211; Juventus<\/p>\n<\/div>\n<div class=\"custom-text \" readability=\"32\">\n<p>Alexis Mac Allister &#8211; Liverpool<\/p>\n<\/div>\n<div class=\"custom-text \" readability=\"32\">\n<p>Nicol\u00e1s Capaldo &#8211; Red Bull Salzburgo<\/p>\n<\/div>\n<div class=\"sc-e7b891c4-0 ifHnQL\"><img alt=\"Juli\u00e1n con la camiseta del Atl\u00e9tico.\nEFE\/Javi Colmenero\" loading=\"lazy\" width=\"720\" height=\"100\" decoding=\"async\" data-nimg=\"1\" src=\"http:\/\/hoycordobaweb.com\/wp-content\/uploads\/2024\/10\/como-sera-la-agenda-de-los-argentinos-con-el-regreso-de-la-champions-league-3.jpg\"><span class=\"epigraphe\">Juli\u00e1n con la camiseta del Atl\u00e9tico.<br \/>\nEFE\/Javi Colmenero<\/span><\/div>\n<div class=\"sc-a7166897-0 eoLsBE\" readability=\"6\">\n<section readability=\"2\"><picture><img alt=\"La guardia alta: c\u00f3mo le fue a Boca con el \u00e1rbitro de la Copa Argentina\" loading=\"lazy\" width=\"290\" height=\"290\" decoding=\"async\" data-nimg=\"1\" src=\"http:\/\/hoycordobaweb.com\/wp-content\/uploads\/2024\/10\/como-sera-la-agenda-de-los-argentinos-con-el-regreso-de-la-champions-league-4.jpg\"><\/picture>\n<p><span>Mir\u00e1 tambi\u00e9n<\/span><\/p>\n<hr>\n<h3>La guardia alta: c\u00f3mo le fue a Boca con el \u00e1rbitro de la Copa Argentina<\/h3>\n<\/p>\n<\/section>\n<\/div>\n<div class=\"sc-a7166897-0 eoLsBE\" readability=\"6\">\n<section readability=\"2\"><picture><img alt=\"Russo y la vuelta de su m\u00edtico &quot;son decisiones&quot; \" loading=\"lazy\" width=\"290\" height=\"290\" decoding=\"async\" data-nimg=\"1\" src=\"http:\/\/hoycordobaweb.com\/wp-content\/uploads\/2024\/10\/como-sera-la-agenda-de-los-argentinos-con-el-regreso-de-la-champions-league-5.jpg\"><\/picture>\n<p><span>Mir\u00e1 tambi\u00e9n<\/span><\/p>\n<hr>\n<h3>Russo y la vuelta de su m\u00edtico \u00abson decisiones\u00bb<br \/>\n<\/h3>\n<\/p>\n<\/section>\n<\/div>\n<div class=\"sc-a7166897-0 eoLsBE\" readability=\"7\">\n<section readability=\"4\"><picture><img alt=\"Con casi todos los argentinos, el Atl\u00e9tico de Madrid le dio vuelta un partido brav\u00edsimo al Legan\u00e9s\" loading=\"lazy\" width=\"290\" height=\"290\" decoding=\"async\" data-nimg=\"1\" src=\"http:\/\/hoycordobaweb.com\/wp-content\/uploads\/2024\/10\/como-sera-la-agenda-de-los-argentinos-con-el-regreso-de-la-champions-league-6.jpg\"><\/picture>\n<p><span>Mir\u00e1 tambi\u00e9n<\/span><\/p>\n<hr>\n<h3>Con casi todos los argentinos, el Atl\u00e9tico de Madrid le dio vuelta un partido brav\u00edsimo al Legan\u00e9s<\/h3>\n<\/p>\n<\/section>\n<\/div>\n<\/div>\n","protected":false},"excerpt":{"rendered":"<p>21\/10\/2024 12:59hs. Tras 20 d\u00edas de parate por la fecha FIFA, la Champions League vuelve al ruedo con la tercera ronda, donde habr\u00e1 una importante presencia argentina. En este contexto, Ol\u00e9 repasa cu\u00e1ndo y contra qui\u00e9n sumar\u00e1 minutos cada uno de ellos. El primer compatriota que jugar\u00e1 ser\u00e1 Zaid Romero, defensor central que pas\u00f3 por [&hellip;]<\/p>\n","protected":false},"author":1,"featured_media":86084,"comment_status":"open","ping_status":"closed","sticky":false,"template":"","format":"standard","meta":[],"categories":[16],"tags":[],"_links":{"self":[{"href":"http:\/\/hoycordobaweb.com\/index.php\/wp-json\/wp\/v2\/posts\/86083"}],"collection":[{"href":"http:\/\/hoycordobaweb.com\/index.php\/wp-json\/wp\/v2\/posts"}],"about":[{"href":"http:\/\/hoycordobaweb.com\/index.php\/wp-json\/wp\/v2\/types\/post"}],"author":[{"embeddable":true,"href":"http:\/\/hoycordobaweb.com\/index.php\/wp-json\/wp\/v2\/users\/1"}],"replies":[{"embeddable":true,"href":"http:\/\/hoycordobaweb.com\/index.php\/wp-json\/wp\/v2\/comments?post=86083"}],"version-history":[{"count":0,"href":"http:\/\/hoycordobaweb.com\/index.php\/wp-json\/wp\/v2\/posts\/86083\/revisions"}],"wp:featuredmedia":[{"embeddable":true,"href":"http:\/\/hoycordobaweb.com\/index.php\/wp-json\/wp\/v2\/media\/86084"}],"wp:attachment":[{"href":"http:\/\/hoycordobaweb.com\/index.php\/wp-json\/wp\/v2\/media?parent=86083"}],"wp:term":[{"taxonomy":"category","embeddable":true,"href":"http:\/\/hoycordobaweb.com\/index.php\/wp-json\/wp\/v2\/categories?post=86083"},{"taxonomy":"post_tag","embeddable":true,"href":"http:\/\/hoycordobaweb.com\/index.php\/wp-json\/wp\/v2\/tags?post=86083"}],"curies":[{"name":"wp","href":"https:\/\/api.w.org\/{rel}","templated":true}]}}