{"id":8606,"date":"2020-12-28T01:30:00","date_gmt":"2020-12-28T01:30:00","guid":{"rendered":"http:\/\/hoycordobaweb.com\/index.php\/2020\/12\/28\/rossi-dijo-que-las-fuerzas-armadas-estan-preparadas-y-a-disposicion-para-el-operativo-de-vacunacion\/"},"modified":"2020-12-28T01:30:00","modified_gmt":"2020-12-28T01:30:00","slug":"rossi-dijo-que-las-fuerzas-armadas-estan-preparadas-y-a-disposicion-para-el-operativo-de-vacunacion","status":"publish","type":"post","link":"http:\/\/hoycordobaweb.com\/index.php\/2020\/12\/28\/rossi-dijo-que-las-fuerzas-armadas-estan-preparadas-y-a-disposicion-para-el-operativo-de-vacunacion\/","title":{"rendered":"Rossi dijo que las Fuerzas Armadas est\u00e1n preparadas y a disposici\u00f3n para el operativo de vacunaci\u00f3n"},"content":{"rendered":"<p><img src=\"http:\/\/hoycordobaweb.com\/wp-content\/uploads\/2020\/12\/rossi-dijo-que-las-fuerzas-armadas-estan-preparadas-y-a-disposicion-para-el-operativo-de-vacunacion.jpg\"><\/p>\n<div class=\"image\" id=\"image\" readability=\"7\"> <img src=\"http:\/\/hoycordobaweb.com\/wp-content\/uploads\/2020\/12\/rossi-dijo-que-las-fuerzas-armadas-estan-preparadas-y-a-disposicion-para-el-operativo-de-vacunacion-2.jpg\" alt=\"En el caso de la vacuna Sputnik V las dosis deben conservarse a 18 grados bajo cero.\" title=\"En el caso de la vacuna Sputnik V las dosis deben conservarse a 18 grados bajo cero.\"><\/p>\n<p>En el caso de la vacuna Sputnik V las dosis deben conservarse a 18 grados bajo cero.<\/p>\n<\/div>\n<p><strong>El ministro de Defensa, Agust\u00edn Rossi, inform\u00f3 este domingo que las Fuerzas Armadas est\u00e1n \u00abpreparadas para la campa\u00f1a de vacunaci\u00f3n\u00bb contra el coronavirus y afirm\u00f3 que \u00abcada provincia define las capacidades que va a utilizar\u00bb a la hora de llevar a cabo el operativo de inmunizaci\u00f3n.<\/strong><\/p>\n<p>Rossi explic\u00f3 que en las provincias de San Juan, La Rioja y Tierra del Fuego habr\u00e1 regimientos militares que funcionar\u00e1n como centros de vacunaci\u00f3n.<\/p>\n<p>\u00abDesde hace un tiempo las Fuerzas Armadas est\u00e1n trabajando en la campa\u00f1a de vacunaci\u00f3n. Cada provincia tiene un responsable militar para este operativo\u00bb, asegur\u00f3, y aclar\u00f3 que hay \u00ab17 hospitales militares distribuidos en todo el pa\u00eds y estamos preparados para la campa\u00f1a de vacunaci\u00f3n\u00bb.<\/p>\n<p>Rossi explic\u00f3 en declaraciones radiales que se pusieron a disposici\u00f3n \u00abde las provincias las capacidades de las Fuerzas Armadas\u00bb, pero es \u00abcada provincia quien decide si las utiliza\u00bb.<\/p>\n<div class=\"image\" id=\"image\" readability=\"7\"> <img src=\"http:\/\/hoycordobaweb.com\/wp-content\/uploads\/2020\/12\/rossi-dijo-que-las-fuerzas-armadas-estan-preparadas-y-a-disposicion-para-el-operativo-de-vacunacion-3.jpg\" alt=\"En total son 300.000 dosis de la vacuna rusa Sputnik V que llegaron de Mosc\u00fa.\" title=\"En total son 300.000 dosis de la vacuna rusa Sputnik V que llegaron de Mosc\u00fa.\"><\/p>\n<p>En total son 300.000 dosis de la vacuna rusa Sputnik V que llegaron de Mosc\u00fa.<\/p>\n<\/div>\n<p>En ese contexto, Rossi distingui\u00f3 entre la labor que van a hacer en San Juan, La Rioja y Tierra del fuego de la del territorio bonaerense, ya que \u00aben la provincia de Buenos Aires nos pidieron apoyo para el afuera de los centros de vacunaci\u00f3n\u00bb.<\/p>\n<p>Con respecto a la distribuci\u00f3n de las vacunas, el titular de Defensa explic\u00f3 que \u00abel traslado a las provincias est\u00e1 a cargo de una empresa privada por medio de camiones con suficiente refrigeraci\u00f3n para mantener la cadena de fr\u00edo que exigen los laboratorios\u00bb.<\/p>\n<p>En el caso de la vacuna Sputnik V las dosis deben conservarse a 18 grados bajo cero.<\/p>\n<p>Rossi sostuvo que el operativo de vacunaci\u00f3n que comenzar\u00e1 de manera simult\u00e1nea en todo el pa\u00eds es el inicio de un cronograma que contempla su continuidad durante 2021.<\/p>\n<div class=\"js-code\" readability=\"7.4903314917127\">\n<blockquote class=\"twitter-tweet\" readability=\"8.8121546961326\">\n<p lang=\"es\" dir=\"ltr\">Las dosis de la vacuna Sputnik V que llegaron de Rusia estar\u00e1n disponibles en cada provincia y el martes 29 a las 9 comenzar\u00e1 la vacunaci\u00f3n simult\u00e1nea en todo el pa\u00eds.<\/p>\n<p>Seguimos trabajando unidos, porque nuestra \u00fanica preocupaci\u00f3n es la salud de los argentinos y las argentinas. <a href=\"https:\/\/t.co\/NchcyE3iVz\">pic.twitter.com\/NchcyE3iVz<\/a><\/p>\n<p>\u2014 Alberto Fern\u00e1ndez (@alferdez) <a href=\"https:\/\/twitter.com\/alferdez\/status\/1342986626813845505?ref_src=twsrc%5Etfw\">December 27, 2020<\/a><\/p><\/blockquote><\/div>\n<p>\u00abNos estamos preparando para vacunar durante todo el a\u00f1o. Nuestro c\u00e1lculo es que vamos a necesitar todo 2021 para aplicar a entre 25 y 30 millones de argentinos las dos dosis necesarias\u00bb, dijo Rossi, y se\u00f1al\u00f3 que \u00abestaremos en condiciones de vacunar a 5 millones de argentinos por mes\u00bb.<\/p>\n<p>Con respecto a las vacunas de otros laboratorios, Rossi se mostr\u00f3 esperanzado en poder sumar dosis de AstraZeneca durante el verano.<\/p>\n<p>\u00abEntre enero y principios de abril tenemos confianza de que est\u00e9n las vacunas de AstraZeneca, que necesita menos cadena de fr\u00edo que Sputnik\u00bb, sentenci\u00f3.<\/p>\n<div class=\"image\" id=\"image\" readability=\"7\"> <img src=\"http:\/\/hoycordobaweb.com\/wp-content\/uploads\/2020\/12\/rossi-dijo-que-las-fuerzas-armadas-estan-preparadas-y-a-disposicion-para-el-operativo-de-vacunacion-4.jpg\" alt=\"Las vacunas ya comenzaron a ser enviadas a cada provincia.\" title=\"Las vacunas ya comenzaron a ser enviadas a cada provincia.\"><\/p>\n<p>Las vacunas ya comenzaron a ser enviadas a cada provincia.<\/p>\n<\/div>\n<p>Rossi se refiri\u00f3 adem\u00e1s a las elecciones de medio t\u00e9rmino del a\u00f1o pr\u00f3ximo y remarc\u00f3 que \u00ablos operativos de vacunaci\u00f3n y el electoral se van a poder compatibilizar\u00bb<\/p>\n<p>Consultado sobre la carta cr\u00edtica que en las redes sociales public\u00f3 el exministro de Econom\u00eda, Roberto Lavagna, sostuvo que \u00abhoy las prioridades son la vacunaci\u00f3n y la recuperaci\u00f3n econ\u00f3mica v\u00eda mercado interno\u00bb.<\/p>\n<p>En cuanto a las definiciones de la vicepresidenta Cristina Kirchner en el acto que comparti\u00f3 con el presidente Alberto Fern\u00e1ndez y el gobernador bonaerense Axel Kicillof en La Plata, Rossi dijo por AM 750: \u00abEstoy orgulloso de integrar este Gobierno: los ministros los elige el Presidente\u00bb.<\/p>\n<p>\u00abCada reflexi\u00f3n de Cristina Fern\u00e1ndez de Kirchner es ponderada y hay que escucharla y entenderla en su verdadera magnitud. Yo estoy orgulloso de mis compa\u00f1eros de Gabinete\u00bb, sostuvo Rossi. <\/p>\n","protected":false},"excerpt":{"rendered":"<p>En el caso de la vacuna Sputnik V las dosis deben conservarse a 18 grados bajo cero. El ministro de Defensa, Agust\u00edn Rossi, inform\u00f3 este domingo que las Fuerzas Armadas est\u00e1n \u00abpreparadas para la campa\u00f1a de vacunaci\u00f3n\u00bb contra el coronavirus y afirm\u00f3 que \u00abcada provincia define las capacidades que va a utilizar\u00bb a la hora [&hellip;]<\/p>\n","protected":false},"author":1,"featured_media":8607,"comment_status":"open","ping_status":"closed","sticky":false,"template":"","format":"standard","meta":[],"categories":[19],"tags":[],"_links":{"self":[{"href":"http:\/\/hoycordobaweb.com\/index.php\/wp-json\/wp\/v2\/posts\/8606"}],"collection":[{"href":"http:\/\/hoycordobaweb.com\/index.php\/wp-json\/wp\/v2\/posts"}],"about":[{"href":"http:\/\/hoycordobaweb.com\/index.php\/wp-json\/wp\/v2\/types\/post"}],"author":[{"embeddable":true,"href":"http:\/\/hoycordobaweb.com\/index.php\/wp-json\/wp\/v2\/users\/1"}],"replies":[{"embeddable":true,"href":"http:\/\/hoycordobaweb.com\/index.php\/wp-json\/wp\/v2\/comments?post=8606"}],"version-history":[{"count":0,"href":"http:\/\/hoycordobaweb.com\/index.php\/wp-json\/wp\/v2\/posts\/8606\/revisions"}],"wp:featuredmedia":[{"embeddable":true,"href":"http:\/\/hoycordobaweb.com\/index.php\/wp-json\/wp\/v2\/media\/8607"}],"wp:attachment":[{"href":"http:\/\/hoycordobaweb.com\/index.php\/wp-json\/wp\/v2\/media?parent=8606"}],"wp:term":[{"taxonomy":"category","embeddable":true,"href":"http:\/\/hoycordobaweb.com\/index.php\/wp-json\/wp\/v2\/categories?post=8606"},{"taxonomy":"post_tag","embeddable":true,"href":"http:\/\/hoycordobaweb.com\/index.php\/wp-json\/wp\/v2\/tags?post=8606"}],"curies":[{"name":"wp","href":"https:\/\/api.w.org\/{rel}","templated":true}]}}