{"id":85999,"date":"2024-10-21T10:33:46","date_gmt":"2024-10-21T10:33:46","guid":{"rendered":"https:\/\/www.mujerhoy.com\/moda\/no-te-pierdas\/sassa-osma-merceditas-negras-comodas-elegantes-look-diario-20241021113622-nt.html"},"modified":"2024-10-21T10:33:46","modified_gmt":"2024-10-21T10:33:46","slug":"ficha-las-merceditas-de-sassa-de-osma-que-suben-el-nivel-de-un-look-con-vaqueros","status":"publish","type":"post","link":"http:\/\/hoycordobaweb.com\/index.php\/2024\/10\/21\/ficha-las-merceditas-de-sassa-de-osma-que-suben-el-nivel-de-un-look-con-vaqueros\/","title":{"rendered":"Ficha las merceditas de Sassa de Osma que suben el nivel de un look con vaqueros"},"content":{"rendered":"<p><!-- AUTHOR --> <\/p>\n<div class=\"voc-author-timesocial \"> <!-- AUTHOR --> <\/p>\n<div class=\"voc-author-timesocial__signature \">\n<div class=\"voc-author-timesocial__img-c\"> <!-- IMAGE AUTHOR --> <picture class=\"voc-image-signature\"> <img class=\"voc-image-signature__img\" src=\"http:\/\/hoycordobaweb.com\/wp-content\/uploads\/2024\/10\/ficha-las-merceditas-de-sassa-de-osma-que-suben-el-nivel-de-un-look-con-vaqueros.jpg\" alt=\"Raquel Rodr\u00edguez\"> <\/picture> <\/div>\n<p> <!-- INFO AUTHOR --> <\/div><\/div>\n<p> <!-- COMPONENTS --> <\/p>\n<p class=\"voc-paragraph\" data-mrf-recirculation=\"Link art\u00edculo\">\u00bfEst\u00e1s pensando en c\u00f3mo unirte a la fiebre de las <strong>bailarinas<\/strong>? Pues, querida lectora, son varias las opciones que hay disponibles y que son tendencia. Puedes recurrir a <a data-voc-vtm-id=\"in-text-traffic\" href=\"https:\/\/www.mujerhoy.com\/moda\/tendencias\/bailarinas-favoritas-chicas-elegantes-tendencia-otono-20241004132738-nt.html\" title=\"www.mujerhoy.com\" data-mrf-link=\"https:\/\/www.mujerhoy.com\/moda\/tendencias\/bailarinas-favoritas-chicas-elegantes-tendencia-otono-20241004132738-nt.html\">propuestas elegantes<\/a> como aquellas con detalles joya, se llevan much\u00edsimo los <a data-voc-vtm-id=\"in-text-traffic\" href=\"https:\/\/www.mujerhoy.com\/moda\/no-te-pierdas\/bailarinas-ante-calzado-temporada-otono-20241006164754-nt.html\" title=\"www.mujerhoy.com\" data-mrf-link=\"https:\/\/www.mujerhoy.com\/moda\/no-te-pierdas\/bailarinas-ante-calzado-temporada-otono-20241006164754-nt.html\">modelos de ante <\/a><br \/>\ny entre las famosas hemos visto triunfar los dise\u00f1os de estilo ballet. Pero si buscas ir sofisticada y con ese toque parisino que tanto gusta, debes plantearte incluir en tu armario unas <strong>merceditas<\/strong>.\n<\/p>\n<p class=\"voc-paragraph\" data-mrf-recirculation=\"Link art\u00edculo\">Y la \u00faltima en confirmarlo ha sido<br \/>\n<strong> Sassa de Osma<\/strong>. La mujer del pr\u00edncipe de Hannover es una de las mujeres m\u00e1s elegantes y estilosas de Instagram y ha demostrado que los Mary Jane planos son una muy buena forma de completar un lok de diario si quieres<br \/>\n<strong> ir c\u00f3moda y elegante<\/strong>, adem\u00e1s de a la \u00faltima.\n<\/p>\n<p class=\"voc-paragraph\" data-mrf-recirculation=\"Link art\u00edculo\">Si buscas <strong>inspiraci\u00f3n a la hora de vestir <\/strong>e ideas que resuelvan tus dudas cuando no sabes qu\u00e9 ponerte, debes seguir en Instagram a la mujer de Cristian de Hannover. La abogada y dise\u00f1adora peruana publica de manera frecuenta los detalles de sus looks y el resultado es un \u00e9xito asegurado que gusta much\u00edsimo.\n<\/p>\n<p class=\"voc-paragraph\" data-mrf-recirculation=\"Link art\u00edculo\">Entre las \u00faltimas fotograf\u00edas que ha subido a su perfil social (@sassadeo), la royal m\u00e1s activa en redes ha ense\u00f1ado c\u00f3mo un look de b\u00e1sicos se puede convertir en uno arrasador gracias a unos<br \/>\n<strong> zapatos bonitos <\/strong>que se lleven todo el protagonismo.\n<\/p>\n<p><h3 class=\"voc-detail__title\"> Las merceditas negras de Sassa de Osma, truco de estilo c\u00f3modo<br \/>\n<\/h3>\n<\/p>\n<div class=\"voc-detail__cmp\">\n<div class=\"voc-article-container\">\n<article class=\"voc-article voc-article--cmp-photo-text\" readability=\"26\">\n<div class=\"voc-img-container\" readability=\"7\"> <picture>\n<div class=\"voc-horizontal voc-img-icon-link\"> <img loading=\"lazy\" src=\"http:\/\/hoycordobaweb.com\/wp-content\/uploads\/2024\/10\/ficha-las-merceditas-de-sassa-de-osma-que-suben-el-nivel-de-un-look-con-vaqueros-1.jpg\" alt=\"Sassa de Osma con un total look negro.\" width=\"624\" height=\"624\"> <\/div>\n<\/picture>\n<p class=\"figure-caption \"> Sassa de Osma con un total look negro. \/ <span class=\"voc-photo-author\"> @sassdeo <\/span> <\/p>\n<\/p><\/div>\n<\/article><\/div>\n<\/div>\n<p class=\"voc-paragraph\" data-mrf-recirculation=\"Link art\u00edculo\">En las im\u00e1genes de las que te hablamos y que ha compartido recientemente con sus seguidores, Sassa de Osma lleva un <strong>total look negro <\/strong>formado por unos pantalones vaqueros de corte mom fit y una blazer con doble abotonadura y dise\u00f1o cruzado con pinzas muy marcado en la cintura.\n<\/p>\n<p class=\"voc-paragraph\" data-mrf-recirculation=\"Link art\u00edculo\">Dos b\u00e1sicos a los que da un toque de color con un<br \/>\n<strong> bolso de Dior <\/strong>en color maquillaje y a los que aporta un toque sofisticado con unas merceditas a juego. Estas son un dise\u00f1o cl\u00e1sico con <strong>doble tira con hebilla<\/strong> y un tac\u00f3n muy bajito que es de lo m\u00e1s c\u00f3modo. Ideales, \u00bfverdad?\n<\/p>\n<p><h3 class=\"voc-detail__title\"> D\u00f3nde comprar las merceditas negras para mujer<br \/>\n<\/h3>\n<\/p>\n<div class=\"voc-detail__cmp\">\n<div class=\"voc-article-container\">\n<article class=\"voc-article voc-article--cmp-photo-text\" readability=\"26\">\n<div class=\"voc-img-container\" readability=\"7\"> <picture>\n<div class=\"voc-horizontal voc-img-icon-link\"> <img loading=\"lazy\" src=\"http:\/\/hoycordobaweb.com\/wp-content\/uploads\/2024\/10\/ficha-las-merceditas-de-sassa-de-osma-que-suben-el-nivel-de-un-look-con-vaqueros.webp\" alt=\"Las merceditas de Martinelli.\" width=\"624\" height=\"624\"> <\/div>\n<\/picture>\n<p class=\"figure-caption \"> Las merceditas de Martinelli. <span class=\"voc-photo-author\"> <\/span> <\/p>\n<\/p><\/div>\n<\/article><\/div>\n<\/div>\n<p class=\"voc-paragraph\" data-mrf-recirculation=\"Link art\u00edculo\">Pues se trata de un zapato que puedes encontrar muy parecido en diferentes firmas, como es el caso de <strong>Martinelli<\/strong>. La firma espa\u00f1ola de calzado tiene a la venta un dise\u00f1o casi id\u00e9ntico al de Sassa de Osma con punta semi cuadrada y un tipo de tac\u00f3n cuadrado con suela de goma antideslizante y suela de gel que elevan su comodidad. Cuestan 129,95 euros.\n<\/p>\n<div class=\"voc-detail__cmp\">\n<div class=\"voc-article-container\">\n<article class=\"voc-article voc-article--cmp-photo-text\">\n<div class=\"voc-img-container\"> <picture>\n<div class=\"voc-horizontal voc-img-icon-link\"> <img loading=\"lazy\" src=\"http:\/\/hoycordobaweb.com\/wp-content\/uploads\/2024\/10\/ficha-las-merceditas-de-sassa-de-osma-que-suben-el-nivel-de-un-look-con-vaqueros-1.webp\" alt width=\"624\" height=\"624\"> <\/div>\n<\/picture> <\/div>\n<\/article><\/div>\n<\/div>\n<p class=\"voc-paragraph\" data-mrf-recirculation=\"Link art\u00edculo\">Si buscas algo m\u00e1s especial y que marque la diferencia, prueba con estas de <strong>Alma en Pena<\/strong>. Es una bailarina plana de mujer con dos hebillas y puntera redondeada, que est\u00e1 confeccionada en piel y que lleva como adorno el detalle de pedrer\u00eda a tono en el cierre. Cuestan 130 euros. <\/p>\n<div class=\"voc-detail__cmp\">\n<div class=\"voc-article-container\">\n<article class=\"voc-article voc-article--cmp-photo-text\">\n<div class=\"voc-img-container\"> <picture>\n<div class=\"voc-horizontal voc-img-icon-link\"> <img loading=\"lazy\" src=\"http:\/\/hoycordobaweb.com\/wp-content\/uploads\/2024\/10\/ficha-las-merceditas-de-sassa-de-osma-que-suben-el-nivel-de-un-look-con-vaqueros-2.webp\" alt width=\"624\" height=\"624\"> <\/div>\n<\/picture> <\/div>\n<\/article><\/div>\n<\/div>\n<p class=\"voc-paragraph\" data-mrf-recirculation=\"Link art\u00edculo\">Por \u00faltimo, en <strong>Krack <\/strong>hemos fichado este modelo de <strong>Hispanitas <\/strong>que es ideal si prefieres a\u00f1adir algo de altura porque tienen un tac\u00f3n bajo de lo m\u00e1s c\u00f3modo. Son de piel, deacabado acharolado y las puedes comprar rebajadas a <strong>98,90 euros<\/strong>.\n<\/p>\n<p> <!-- TOPICS --> <\/p>\n","protected":false},"excerpt":{"rendered":"<p>\u00bfEst\u00e1s pensando en c\u00f3mo unirte a la fiebre de las bailarinas? Pues, querida lectora, son varias las opciones que hay disponibles y que son tendencia. Puedes recurrir a propuestas elegantes como aquellas con detalles joya, se llevan much\u00edsimo los modelos de ante y entre las famosas hemos visto triunfar los dise\u00f1os de estilo ballet. Pero [&hellip;]<\/p>\n","protected":false},"author":1,"featured_media":86000,"comment_status":"closed","ping_status":"closed","sticky":false,"template":"","format":"standard","meta":[],"categories":[],"tags":[],"_links":{"self":[{"href":"http:\/\/hoycordobaweb.com\/index.php\/wp-json\/wp\/v2\/posts\/85999"}],"collection":[{"href":"http:\/\/hoycordobaweb.com\/index.php\/wp-json\/wp\/v2\/posts"}],"about":[{"href":"http:\/\/hoycordobaweb.com\/index.php\/wp-json\/wp\/v2\/types\/post"}],"author":[{"embeddable":true,"href":"http:\/\/hoycordobaweb.com\/index.php\/wp-json\/wp\/v2\/users\/1"}],"replies":[{"embeddable":true,"href":"http:\/\/hoycordobaweb.com\/index.php\/wp-json\/wp\/v2\/comments?post=85999"}],"version-history":[{"count":0,"href":"http:\/\/hoycordobaweb.com\/index.php\/wp-json\/wp\/v2\/posts\/85999\/revisions"}],"wp:featuredmedia":[{"embeddable":true,"href":"http:\/\/hoycordobaweb.com\/index.php\/wp-json\/wp\/v2\/media\/86000"}],"wp:attachment":[{"href":"http:\/\/hoycordobaweb.com\/index.php\/wp-json\/wp\/v2\/media?parent=85999"}],"wp:term":[{"taxonomy":"category","embeddable":true,"href":"http:\/\/hoycordobaweb.com\/index.php\/wp-json\/wp\/v2\/categories?post=85999"},{"taxonomy":"post_tag","embeddable":true,"href":"http:\/\/hoycordobaweb.com\/index.php\/wp-json\/wp\/v2\/tags?post=85999"}],"curies":[{"name":"wp","href":"https:\/\/api.w.org\/{rel}","templated":true}]}}